{"id":92223,"date":"2025-11-14T04:57:08","date_gmt":"2025-11-14T03:57:08","guid":{"rendered":"https:\/\/www.infokuryr.cz\/n\/?p=92223"},"modified":"2025-11-14T04:57:08","modified_gmt":"2025-11-14T03:57:08","slug":"recko-odhaluje-lez-o-azylu-vetsina-nezletilych-jsou-dospeli-muzi","status":"publish","type":"post","link":"https:\/\/www.infokuryr.cz\/n\/2025\/11\/14\/recko-odhaluje-lez-o-azylu-vetsina-nezletilych-jsou-dospeli-muzi\/","title":{"rendered":"\u0158ecko odhaluje le\u017e o azylu: V\u011bt\u0161ina \u201enezletil\u00fdch\u201c jsou dosp\u011bl\u00ed mu\u017ei"},"content":{"rendered":"<div id=\"fb-root\"><\/div>\n<p><strong><span dir=\"auto\">Mnoho dosp\u011bl\u00fdch \u017eadatel\u016f o azyl tvrd\u00ed, \u017ee jsou nezletil\u00ed, aby se vyhnuli mo\u017en\u00e9 deportaci. \u0158ecko nyn\u00ed prov\u00e1d\u00ed v\u011bkov\u00e9 testy, co\u017e dokazuje rozsah t\u00e9to l\u017ei. Nepravdiv\u00e1 prohl\u00e1\u0161en\u00ed vedou k deportaci.<\/span><\/strong><\/p>\n<p><span dir=\"auto\">Po mnoho let panovaly zna\u010dn\u00e9 pochybnosti ohledn\u011b \u010detn\u00fdch tvrzen\u00ed neleg\u00e1ln\u00edch imigrant\u016f, \u017ee jsou st\u00e1le nezletil\u00ed. A jak se uk\u00e1zalo, pr\u00e1vem. Nov\u00fd syst\u00e9m ov\u011b\u0159ov\u00e1n\u00ed v\u011bku, kter\u00fd zavedla vl\u00e1da Mitsotakise, odhaluje to, co mnoz\u00ed ji\u017e dlouho tu\u0161ili: V\u00edce ne\u017e polovina \u00fadajn\u00fdch \u201enezletil\u00fdch\u201c, kte\u0159\u00ed se dovol\u00e1vaj\u00ed zvl\u00e1\u0161tn\u00edch pr\u00e1v, jsou ve skute\u010dnosti dosp\u011bl\u00ed mu\u017ei.<\/span><\/p>\n<p><span dir=\"auto\">Jak ozn\u00e1mil ministr pro migraci Thanos Plevris, nov\u00e9 l\u00e9ka\u0159sko-psychologick\u00e9 posouzen\u00ed v\u011bku p\u0159ineslo jasn\u00fd v\u00fdsledek:\u00a0<\/span><a href=\"https:\/\/www.ekathimerini.com\/news\/1286431\/greece-conducts-first-age-tests-on-migrants-claiming-to-be-minors\/\"><span dir=\"auto\">Ze 104 vy\u0161et\u0159en\u00fdch osob bylo 59 star\u0161\u00edch 18 let<\/span><\/a><span dir=\"auto\">\u00a0\u2013 tedy dosp\u011bl\u00fdch, kte\u0159\u00ed se \u00famysln\u011b vyd\u00e1vali za d\u011bti, aby z\u00edskali pr\u00e1vn\u00ed v\u00fdhody. Ministr stru\u010dn\u011b poznamenal, \u017ee d\u016fsledky za poskytnut\u00ed nepravdiv\u00fdch informac\u00ed jsou \u201esamy o sob\u011b jasn\u00e9\u201c. Jasn\u011bji \u0159e\u010deno: Ka\u017ed\u00fd, kdo se t\u00edmto zp\u016fsobem podvodn\u011b pokus\u00ed z\u00edskat azylov\u00fd status, bude posl\u00e1n zp\u011bt.<\/span><\/p>\n<p><span dir=\"auto\">\u0158ecko d\u011bl\u00e1 to, \u010demu se ostatn\u00ed st\u00e1ty EU l\u00e9ta vyh\u00fdbaj\u00ed \u2013 jednodu\u0161e pou\u017e\u00edv\u00e1 selsk\u00fd rozum. Ka\u017ed\u00fd, kdo vypad\u00e1, mluv\u00ed a chov\u00e1 se jako dosp\u011bl\u00fd, se st\u011b\u017e\u00ed d\u00e1 nazvat \u201echr\u00e1n\u011bn\u00fdm d\u00edt\u011btem\u201c. Nezletil\u00ed po\u017e\u00edvaj\u00ed zvl\u00e1\u0161tn\u00edch pr\u00e1v, nemohou b\u00fdt deportov\u00e1ni a maj\u00ed p\u0159ednostn\u00ed p\u0159\u00edstup k ubytov\u00e1n\u00ed, p\u00e9\u010di a finan\u010dn\u00ed pomoci. To l\u00e1k\u00e1 mnoho \u017eadatel\u016f o azyl k tomu, aby lhali o sv\u00e9m skute\u010dn\u00e9m v\u011bku. Posouzen\u00ed v\u011bku se prov\u00e1d\u00ed do jednoho dne \u2013 l\u00e9ka\u0159sky, psychosoci\u00e1ln\u011b a radiologicky, pomoc\u00ed rentgenu z\u00e1p\u011bst\u00ed. Ka\u017ed\u00fd, kdo odm\u00edtne nechat se testovat,\u00a0<\/span><a href=\"https:\/\/www.ekathimerini.com\/politics\/1278766\/greece-to-verify-asylum-seekers-age-with-medical-tests\/\"><span dir=\"auto\">je automaticky pova\u017eov\u00e1n za dosp\u011bl\u00e9ho<\/span><\/a><span dir=\"auto\"> .<\/span><\/p>\n<p><span dir=\"auto\">Konzervativn\u00ed vl\u00e1da v \u0158ecku se alespo\u0148 sna\u017e\u00ed \u0159\u00eddit p\u0159\u00e1n\u00edmi obyvatelstva. Ji\u017e v\u00edce ne\u017e deset let je tato jihov\u00fdchodn\u00ed evropsk\u00e1 zem\u011b prakticky v oble\u017een\u00ed, proto\u017ee nespo\u010det neleg\u00e1ln\u00edch migrant\u016f se sna\u017e\u00ed dostat do EU. Zat\u00edmco p\u0159edchoz\u00ed levicov\u00e9 vl\u00e1dy projevovaly jen mal\u00fd z\u00e1jem o omezen\u00ed p\u0159\u00edlivu, v At\u00e9n\u00e1ch nyn\u00ed fouk\u00e1 zcela jin\u00fd politick\u00fd v\u00edtr.<\/span><\/p>\n<p><img decoding=\"async\" loading=\"lazy\" class=\"alignnone size-full wp-image-1185\" src=\"http:\/\/www.infokuryr.cz\/n\/wp-content\/uploads\/2021\/04\/kuryr-podpis.png\" alt=\"\" width=\"84\" height=\"24\" \/><\/p>\n<p>&nbsp;<\/p>\n","protected":false},"excerpt":{"rendered":"<p>Mnoho dosp\u011bl\u00fdch \u017eadatel\u016f o azyl tvrd\u00ed, \u017ee jsou nezletil\u00ed, aby se vyhnuli mo\u017en\u00e9 deportaci. \u0158ecko&#8230;<\/p>\n","protected":false},"author":2,"featured_media":92224,"comment_status":"closed","ping_status":"closed","sticky":false,"template":"","format":"standard","meta":[],"categories":[7],"tags":[1033,119,497,539],"_links":{"self":[{"href":"https:\/\/www.infokuryr.cz\/n\/wp-json\/wp\/v2\/posts\/92223"}],"collection":[{"href":"https:\/\/www.infokuryr.cz\/n\/wp-json\/wp\/v2\/posts"}],"about":[{"href":"https:\/\/www.infokuryr.cz\/n\/wp-json\/wp\/v2\/types\/post"}],"author":[{"embeddable":true,"href":"https:\/\/www.infokuryr.cz\/n\/wp-json\/wp\/v2\/users\/2"}],"replies":[{"embeddable":true,"href":"https:\/\/www.infokuryr.cz\/n\/wp-json\/wp\/v2\/comments?post=92223"}],"version-history":[{"count":0,"href":"https:\/\/www.infokuryr.cz\/n\/wp-json\/wp\/v2\/posts\/92223\/revisions"}],"wp:featuredmedia":[{"embeddable":true,"href":"https:\/\/www.infokuryr.cz\/n\/wp-json\/wp\/v2\/media\/92224"}],"wp:attachment":[{"href":"https:\/\/www.infokuryr.cz\/n\/wp-json\/wp\/v2\/media?parent=92223"}],"wp:term":[{"taxonomy":"category","embeddable":true,"href":"https:\/\/www.infokuryr.cz\/n\/wp-json\/wp\/v2\/categories?post=92223"},{"taxonomy":"post_tag","embeddable":true,"href":"https:\/\/www.infokuryr.cz\/n\/wp-json\/wp\/v2\/tags?post=92223"}],"curies":[{"name":"wp","href":"https:\/\/api.w.org\/{rel}","templated":true}]}}