{"id":92206,"date":"2025-11-14T00:19:06","date_gmt":"2025-11-13T23:19:06","guid":{"rendered":"https:\/\/www.infokuryr.cz\/n\/?p=92206"},"modified":"2025-11-13T12:47:55","modified_gmt":"2025-11-13T11:47:55","slug":"tomio-okamura-nove-emisni-povolenky-ets2-nezdrazi-jen-benzin-naftu-a-vytapeni","status":"publish","type":"post","link":"https:\/\/www.infokuryr.cz\/n\/2025\/11\/14\/tomio-okamura-nove-emisni-povolenky-ets2-nezdrazi-jen-benzin-naftu-a-vytapeni\/","title":{"rendered":"Tomio Okamura: Nov\u00e9 emisn\u00ed povolenky ETS2 nezdra\u017e\u00ed jen benzin, naftu a vyt\u00e1p\u011bn\u00ed"},"content":{"rendered":"<div id=\"fb-root\"><\/div>\n<p>Nov\u00e9 emisn\u00ed povolenky ETS2, kter\u00e9 schv\u00e1lila Fialova vl\u00e1da, nezdra\u017e\u00ed jen benzin, naftu a vyt\u00e1p\u011bn\u00ed. Zdra\u017e\u00ed \u00fapln\u011b v\u0161echno a je\u0161t\u011b v\u00edce, ne\u017e se p\u0159edpokl\u00e1dalo. Odm\u00edtneme implementovat nov\u00e9 emisn\u00ed povolenky. \u201eZdra\u017een\u00ed energi\u00ed a paliv nebude jedin\u00fdm d\u016fsledkem zaveden\u00ed ETS2. Vy\u0161\u0161\u00ed n\u00e1klady na p\u0159epravu zbo\u017e\u00ed a vyt\u00e1p\u011bn\u00ed podnik\u016f se postupn\u011b prom\u00edtnou do cen b\u011b\u017en\u00e9ho zbo\u017e\u00ed a slu\u017eeb. To znamen\u00e1, \u017ee emisn\u00ed povolenky pro dom\u00e1cnosti se prom\u00edtnou do celkov\u00e9 inflace. Jin\u00fdmi slovy, zv\u00fd\u0161en\u00ed cen bude m\u011b\u0159iteln\u00e9 i v ofici\u00e1ln\u00edch ekonomick\u00fdch \u00fadaj\u00edch,\u201c uvedl Tom\u00e1\u0161 Vranka, investi\u010dn\u00ed analytik XTB a spolupracovn\u00edk redakce FinTag.<\/p>\n<p>\u201ePovolenky budou je\u0161t\u011b dra\u017e\u0161\u00ed, \u017e\u00e1dn\u00e9 zm\u00edrn\u011bn\u00ed nenastalo. Cel\u00fd syst\u00e9m povolenek ETS2 se sice rozjede o rok pozd\u011bji, jen\u017ee to znamen\u00e1, \u017ee pr\u016fm\u011brn\u00e1 cena povolenek bude muset b\u00fdt je\u0161t\u011b vy\u0161\u0161\u00ed, ne ni\u017e\u0161\u00ed! Proto\u017ee se nem\u011bn\u00ed \u00fast\u0159edn\u00ed c\u00edl Green Dealu, tedy dosa\u017een\u00ed uhl\u00edkov\u00e9 neutrality do roku 2050. Na pot\u0159ebnou dekarbonizaci prov\u00e1d\u011bnou skrze povolenky tak bude o rok m\u00e9n\u011b \u010dasu, tak\u017ee bude muset prob\u00edhat pod je\u0161t\u011b v\u011bt\u0161\u00edm tlakem,\u201c uvedl ekonom Luk\u00e1\u0161 Kovanda.<\/p>\n<p>\u201eA tlak zaji\u0161\u0165uj\u00ed pr\u00e1v\u011b povolenky. Syst\u00e9m je koncipov\u00e1n tak, aby postupn\u011b rostouc\u00ed cena povolenek, tedy zdra\u017eov\u00e1n\u00ed \u201cfosiln\u00edho chodu\u201d dom\u00e1cnost\u00ed i firem, je nutila, aby si pod t\u00edhou zvy\u0161uj\u00edc\u00edch se n\u00e1klad\u016f po\u0159\u00eddily tepeln\u00e9 \u010derpadlo, elektromobil, zateplen\u00ed nebo t\u0159eba p\u0159e\u0161ly na ve\u0159ejnou dopravu. Tato masov\u00e1 p\u0159ev\u00fdchova obyvatelstva EU k ide\u00e1ln\u011b bezemisn\u00edmu zp\u016fsobu \u017eivotu je p\u00e1te\u0159\u00ed cel\u00e9ho Green Dealu a na n\u00ed se v\u016fbec nic nem\u011bn\u00ed. Akor\u00e1t tedy bude muset prob\u011bhnout v je\u0161t\u011b krat\u0161\u00edm \u010dasov\u00e9m \u00faseku. Tak\u017ee ona t\u00edha zvy\u0161uj\u00edc\u00edch se n\u00e1klad\u016f bude muset b\u00fdt o to v\u011bt\u0161\u00ed, co\u017e neznamen\u00e1 nic jin\u00e9ho, ne\u017e je\u0161t\u011b vy\u0161\u0161\u00ed pr\u016fm\u011brnou cenu povolenek, ne\u017e s jakou se mohlo po\u010d\u00edtat dosud,\u201c vysv\u011btlil Kovanda.<\/p>\n<p>Pokud jde o novou vl\u00e1du ANO, SPD a Motorist\u016f, vymez\u00edme se proti emisn\u00edm povolenk\u00e1m prvn\u00ed i druh\u00e9 generace. V p\u0159\u00edpad\u011b ETS1 budeme iniciovat na evropsk\u00e9 \u00farovni p\u0159ehodnocen\u00ed cel\u00e9ho syst\u00e9mu, kter\u00fd mus\u00ed b\u00fdt pro pr\u016fmysl p\u0159edv\u00eddateln\u00fd. V p\u0159\u00edpad\u011b emisn\u00edch povolenek pro dom\u00e1cnosti a dopravu ETS2 jsme p\u0159ipraveni neimplementovat tento syst\u00e9m do \u010desk\u00e9 legislativy a zabr\u00e1nit vysoce negativn\u00edm soci\u00e1ln\u00edm dopad\u016fm do spole\u010dnosti.<\/p>\n<p><strong><em>Tomio Okamura<\/em><\/strong><\/p>\n<p><img decoding=\"async\" loading=\"lazy\" class=\"alignnone size-medium wp-image-11463\" src=\"http:\/\/www.infokuryr.cz\/n\/wp-content\/uploads\/2022\/06\/Tomio-Okamura-300x167.jpg\" alt=\"\" width=\"300\" height=\"167\" srcset=\"https:\/\/www.infokuryr.cz\/n\/wp-content\/uploads\/2022\/06\/Tomio-Okamura-300x167.jpg 300w, https:\/\/www.infokuryr.cz\/n\/wp-content\/uploads\/2022\/06\/Tomio-Okamura-768x427.jpg 768w, https:\/\/www.infokuryr.cz\/n\/wp-content\/uploads\/2022\/06\/Tomio-Okamura.jpg 800w\" sizes=\"(max-width: 300px) 100vw, 300px\" \/><\/p>\n<p>&nbsp;<\/p>\n","protected":false},"excerpt":{"rendered":"<p>Nov\u00e9 emisn\u00ed povolenky ETS2, kter\u00e9 schv\u00e1lila Fialova vl\u00e1da, nezdra\u017e\u00ed jen benzin, naftu a vyt\u00e1p\u011bn\u00ed. Zdra\u017e\u00ed&#8230;<\/p>\n","protected":false},"author":2,"featured_media":92207,"comment_status":"closed","ping_status":"closed","sticky":false,"template":"","format":"standard","meta":[],"categories":[6],"tags":[2179,1490,1503,4845],"_links":{"self":[{"href":"https:\/\/www.infokuryr.cz\/n\/wp-json\/wp\/v2\/posts\/92206"}],"collection":[{"href":"https:\/\/www.infokuryr.cz\/n\/wp-json\/wp\/v2\/posts"}],"about":[{"href":"https:\/\/www.infokuryr.cz\/n\/wp-json\/wp\/v2\/types\/post"}],"author":[{"embeddable":true,"href":"https:\/\/www.infokuryr.cz\/n\/wp-json\/wp\/v2\/users\/2"}],"replies":[{"embeddable":true,"href":"https:\/\/www.infokuryr.cz\/n\/wp-json\/wp\/v2\/comments?post=92206"}],"version-history":[{"count":0,"href":"https:\/\/www.infokuryr.cz\/n\/wp-json\/wp\/v2\/posts\/92206\/revisions"}],"wp:featuredmedia":[{"embeddable":true,"href":"https:\/\/www.infokuryr.cz\/n\/wp-json\/wp\/v2\/media\/92207"}],"wp:attachment":[{"href":"https:\/\/www.infokuryr.cz\/n\/wp-json\/wp\/v2\/media?parent=92206"}],"wp:term":[{"taxonomy":"category","embeddable":true,"href":"https:\/\/www.infokuryr.cz\/n\/wp-json\/wp\/v2\/categories?post=92206"},{"taxonomy":"post_tag","embeddable":true,"href":"https:\/\/www.infokuryr.cz\/n\/wp-json\/wp\/v2\/tags?post=92206"}],"curies":[{"name":"wp","href":"https:\/\/api.w.org\/{rel}","templated":true}]}}