{"id":92202,"date":"2025-11-14T00:24:29","date_gmt":"2025-11-13T23:24:29","guid":{"rendered":"https:\/\/www.infokuryr.cz\/n\/?p=92202"},"modified":"2025-11-13T12:32:36","modified_gmt":"2025-11-13T11:32:36","slug":"venezuela-urychluje-pripravy-na-moznou-invazi-usa","status":"publish","type":"post","link":"https:\/\/www.infokuryr.cz\/n\/2025\/11\/14\/venezuela-urychluje-pripravy-na-moznou-invazi-usa\/","title":{"rendered":"Venezuela urychluje p\u0159\u00edpravy na mo\u017enou invazi USA"},"content":{"rendered":"<div id=\"fb-root\"><\/div>\n<p><strong><span dir=\"auto\">Venezuelsk\u00e1 vl\u00e1da 11. listopadu ozn\u00e1mila, \u017ee v reakci na hromad\u011bn\u00ed vojensk\u00e9 p\u0159\u00edtomnosti Spojen\u00fdch st\u00e1t\u016f v Karibsk\u00e9m mo\u0159i zahajuje \u201emasivn\u00ed mobilizaci\u201c vojensk\u00e9ho person\u00e1lu, zbran\u00ed a vybaven\u00ed.<\/span><\/strong><\/p>\n<p><span dir=\"auto\">Vojensk\u00e9 p\u0159\u00edpravy zahrnuj\u00ed \u201emasivn\u00ed nasazen\u00ed pozemn\u00edch, leteck\u00fdch, n\u00e1mo\u0159n\u00edch, \u0159\u00ed\u010dn\u00edch a raketov\u00fdch sil,\u201c uv\u00e1d\u00ed se v prohl\u00e1\u0161en\u00ed ministra lidov\u00e9 obrany Vladimira Padrina L\u00f3peze, kter\u00fd nasazen\u00ed ozna\u010dil za reakci na \u201eimperialistickou hrozbu\u201c ze strany USA.<\/span><\/p>\n<p><span dir=\"auto\">Krom\u011b b\u011b\u017en\u00fdch vojensk\u00fdch jednotek se cvi\u010den\u00ed z\u00fa\u010dastn\u00ed i policejn\u00ed jednotky a Bol\u00edvari\u00e1nsk\u00e9 milice \u2013 z\u00e1lo\u017en\u00ed s\u00edly slo\u017een\u00e9 z civilist\u016f, kter\u00e9 vytvo\u0159il zesnul\u00fd prezident Hugo Ch\u00e1vez a kter\u00e9 jsou pojmenov\u00e1ny po Simonu Bol\u00edvarovi, revolucion\u00e1\u0159i, kter\u00fd zajistil nez\u00e1vislost mnoha latinskoamerick\u00fdch zem\u00ed na \u0160pan\u011blsku.<\/span><\/p>\n<p><span dir=\"auto\">Padrino Lopez, kter\u00fd rozkaz p\u0159ipsal p\u0159\u00edmo venezuelsk\u00e9mu prezidentovi Nicolasu Madurovi, uvedl, \u017ee c\u00edlem cvi\u010den\u00ed bylo \u201eoptimalizovat velen\u00ed, \u0159\u00edzen\u00ed a komunikaci\u201c a zajistit obranu zem\u011b.<\/span><\/p>\n<p><iframe loading=\"lazy\" src=\"https:\/\/s5.cdnstatic.space\/wp-content\/uploads\/2025\/11\/vene-2.mp4\" width=\"600\" height=\"338\" data-mce-fragment=\"1\"><\/iframe><\/p>\n<p><span dir=\"auto\">Ozn\u00e1men\u00ed p\u0159i\u0161lo kr\u00e1tce pot\u00e9, co Pentagon potvrdil, \u017ee letadlov\u00e1 lo\u010f USS Gerald R. Ford a jej\u00ed \u00fadern\u00e1 skupina zah\u00e1jily operace v oblasti odpov\u011bdnosti Ji\u017en\u00edho velitelstv\u00ed (SOUTHCOM), kter\u00e1 zahrnuje St\u0159edn\u00ed a Ji\u017en\u00ed Ameriku, Karibik a jejich teritori\u00e1ln\u00ed vody s v\u00fdjimkou \u00fazem\u00ed USA.<\/span><\/p>\n<p><span dir=\"auto\">Ford se p\u0159ipojil k oboj\u017eiveln\u00e9 pohotovostn\u00ed skupin\u011b veden\u00e9 dokem pro vrtuln\u00edky USS Iwo Jima, kter\u00e1 byla v srpnu nasazena do oblasti odpov\u011bdnosti SOUTHCOM. Tato oblast znamenala za\u010d\u00e1tek eskalace americk\u00e9ho konfliktu proti Venezuele, kdy\u017e administrativa americk\u00e9ho prezidenta Donalda Trumpa zdvojn\u00e1sobila odm\u011bnu za zat\u010den\u00ed venezuelsk\u00e9ho prezidenta Nicol\u00e1se Madura na 50 milion\u016f dolar\u016f kv\u016fli obvin\u011bn\u00ed z obchodov\u00e1n\u00ed s drogami.<\/span><\/p>\n<p><span dir=\"auto\">Od t\u00e9 doby americk\u00e1 arm\u00e1da provedla 19 \u00fatok\u016f na lod\u011b \u00fadajn\u011b p\u0159ev\u00e1\u017eej\u00edc\u00ed drogy v Karibiku a v\u00fdchodn\u00edm Tich\u00e9m oce\u00e1nu, p\u0159i nich\u017e zahynulo 75 lid\u00ed.<\/span><\/p>\n<p><span dir=\"auto\">Podle ned\u00e1vn\u00e9 zpr\u00e1vy americk\u00fdch m\u00e9di\u00ed se Trumpova administrativa bl\u00ed\u017e\u00ed rozhodnut\u00ed o \u00fatoku proti drogov\u00fdm kartel\u016fm ve Venezuele, p\u0159i\u010dem\u017e na stole jsou mo\u017enosti v\u010detn\u011b \u00fatoku na samotn\u00e9ho Madura a okupace ropn\u00fdch pol\u00ed zem\u011b.<\/span><\/p>\n<p><span dir=\"auto\">Vzhledem k tomu, \u017ee Ford je v oblasti odpov\u011bdnosti SOUTHCOM, lze p\u0159edpokl\u00e1dat, \u017ee americk\u00e1 arm\u00e1da m\u00e1 nyn\u00ed v\u0161e pot\u0159ebn\u00e9 k zah\u00e1jen\u00ed \u00fatoku proti Venezuele.<\/span><\/p>\n<p><span dir=\"auto\">Trump by se mohl rozhodnout pro omezen\u00fd \u00fatok. Venezuela v takov\u00e9m p\u0159\u00edpad\u011b nereaguje. Mnohem pravd\u011bpodobn\u011bj\u0161\u00ed je v\u0161ak slo\u017eit\u011bj\u0161\u00ed operace, kter\u00e1 by vedla ke zm\u011bn\u011b re\u017eimu v Caracasu. Hlavn\u00edm c\u00edlem USA je jednozna\u010dn\u011b vyu\u017e\u00edt velk\u00e9 ropn\u00e9 z\u00e1soby zem\u011b a s Madurem u moci nelze dos\u00e1hnout dohody, kter\u00e1 by zv\u00fdhod\u0148ovala z\u00e1jmy Washingtonu.<\/span><\/p>\n<p><img decoding=\"async\" loading=\"lazy\" class=\"alignnone size-full wp-image-1185\" src=\"http:\/\/www.infokuryr.cz\/n\/wp-content\/uploads\/2021\/04\/kuryr-podpis.png\" alt=\"\" width=\"84\" height=\"24\" \/><\/p>\n<p>&nbsp;<\/p>\n","protected":false},"excerpt":{"rendered":"<p>Venezuelsk\u00e1 vl\u00e1da 11. listopadu ozn\u00e1mila, \u017ee v reakci na hromad\u011bn\u00ed vojensk\u00e9 p\u0159\u00edtomnosti Spojen\u00fdch st\u00e1t\u016f v&#8230;<\/p>\n","protected":false},"author":2,"featured_media":86882,"comment_status":"closed","ping_status":"closed","sticky":false,"template":"","format":"standard","meta":[],"categories":[7],"tags":[3769,37,40,181,889],"_links":{"self":[{"href":"https:\/\/www.infokuryr.cz\/n\/wp-json\/wp\/v2\/posts\/92202"}],"collection":[{"href":"https:\/\/www.infokuryr.cz\/n\/wp-json\/wp\/v2\/posts"}],"about":[{"href":"https:\/\/www.infokuryr.cz\/n\/wp-json\/wp\/v2\/types\/post"}],"author":[{"embeddable":true,"href":"https:\/\/www.infokuryr.cz\/n\/wp-json\/wp\/v2\/users\/2"}],"replies":[{"embeddable":true,"href":"https:\/\/www.infokuryr.cz\/n\/wp-json\/wp\/v2\/comments?post=92202"}],"version-history":[{"count":0,"href":"https:\/\/www.infokuryr.cz\/n\/wp-json\/wp\/v2\/posts\/92202\/revisions"}],"wp:featuredmedia":[{"embeddable":true,"href":"https:\/\/www.infokuryr.cz\/n\/wp-json\/wp\/v2\/media\/86882"}],"wp:attachment":[{"href":"https:\/\/www.infokuryr.cz\/n\/wp-json\/wp\/v2\/media?parent=92202"}],"wp:term":[{"taxonomy":"category","embeddable":true,"href":"https:\/\/www.infokuryr.cz\/n\/wp-json\/wp\/v2\/categories?post=92202"},{"taxonomy":"post_tag","embeddable":true,"href":"https:\/\/www.infokuryr.cz\/n\/wp-json\/wp\/v2\/tags?post=92202"}],"curies":[{"name":"wp","href":"https:\/\/api.w.org\/{rel}","templated":true}]}}