{"id":92200,"date":"2025-11-14T00:24:17","date_gmt":"2025-11-13T23:24:17","guid":{"rendered":"https:\/\/www.infokuryr.cz\/n\/?p=92200"},"modified":"2025-11-13T12:29:58","modified_gmt":"2025-11-13T11:29:58","slug":"eu-vytvari-novy-aparat-pravdy-a-nazyva-ho-stitem-demokracie","status":"publish","type":"post","link":"https:\/\/www.infokuryr.cz\/n\/2025\/11\/14\/eu-vytvari-novy-aparat-pravdy-a-nazyva-ho-stitem-demokracie\/","title":{"rendered":"EU vytv\u00e1\u0159\u00ed nov\u00fd \u201eapar\u00e1t pravdy\u201c a naz\u00fdv\u00e1 ho \u201e\u0161t\u00edtem demokracie\u201c"},"content":{"rendered":"<div id=\"fb-root\"><\/div>\n<p><strong><span dir=\"auto\">George Orwell by byl hrd\u00fd: S \u201edemokratick\u00fdm \u0161t\u00edtem\u201c chce EU \u00fadajn\u011b pos\u00edlit demokracii \u2013 ale bal\u00ed\u010dek opat\u0159en\u00ed vypad\u00e1, jako by ve skute\u010dnosti cht\u011bla vytvo\u0159it nov\u00e9 Ministerstvo pravdy. Christine Andersonov\u00e1, poslankyn\u011b Evropsk\u00e9ho parlamentu za skupinu ESN, varuje: \u201eDemokratick\u00fd \u0161t\u00edt\u201c EU je pl\u00e1n na kontrolu ve\u0159ejn\u00e9ho m\u00edn\u011bn\u00ed!<\/span><\/strong><\/p>\n<p><span dir=\"auto\">Demokracie je z\u00e1kladem na\u0161\u00ed svobody, na\u0161\u00ed prosperity a na\u0161\u00ed bezpe\u010dnosti, prohla\u0161uje Ursula von der Leyenov\u00e1 v ned\u00e1vn\u00e9 tiskov\u00e9 zpr\u00e1v\u011b EU: Z\u00e1kladn\u00ed prvky t\u00e9to demokracie by m\u011bly b\u00fdt pos\u00edleny \u201edemokratick\u00fdm \u0161t\u00edtem\u201c EU. Je to tak? Tiskov\u00e1\u00a0<\/span><a href=\"https:\/\/ec.europa.eu\/commission\/presscorner\/detail\/en\/ip_25_2660\" target=\"_blank\" rel=\"noreferrer noopener\"><span dir=\"auto\">zpr\u00e1va<\/span><\/a><span dir=\"auto\"> d\u00e1le uv\u00e1d\u00ed:<\/span><\/p>\n<p><em><span dir=\"auto\">Kl\u00ed\u010dov\u00fdm v\u00fdsledkem Evropsk\u00e9ho \u0161t\u00edtu demokracie bude nov\u00e9 Evropsk\u00e9 centrum pro demokratickou odolnost, kter\u00e9 spoj\u00ed odborn\u00e9 znalosti a zdroje EU a jej\u00edch \u010dlensk\u00fdch st\u00e1t\u016f s c\u00edlem pos\u00edlit na\u0161i kolektivn\u00ed schopnost p\u0159edv\u00eddat, odhalovat a reagovat na hrozby a budovat demokratickou odolnost. S \u010dlensk\u00fdmi st\u00e1ty v j\u00e1dru bude centrum slou\u017eit jako r\u00e1mec pro usnadn\u011bn\u00ed sd\u00edlen\u00ed informac\u00ed a podporu budov\u00e1n\u00ed kapacit pro obranu proti vyv\u00edjej\u00edc\u00edm se spole\u010dn\u00fdm hrozb\u00e1m, zejm\u00e9na manipulaci a vm\u011b\u0161ov\u00e1n\u00ed informac\u00ed ze zahrani\u010d\u00ed (FIMI) a dezinformac\u00edm.<\/span><\/em><\/p>\n<p><span dir=\"auto\">Boj proti \u201edezinformac\u00edm\u201c a \u00fadajn\u00e9 manipulaci se zahrani\u010dn\u00edmi informacemi se chyst\u00e1 vstoupit do dal\u0161\u00ed f\u00e1ze: Ta zahrnuje centrum odolnosti, s\u00ed\u0165 pro ov\u011b\u0159ov\u00e1n\u00ed fakt\u016f a financov\u00e1n\u00ed vybran\u00fdch m\u00e9di\u00ed a \u201einfluencer\u016f\u201c. Dezinformace a zahrani\u010dn\u00ed vliv jsou probl\u00e9my, kter\u00e9 eurokrati\u010dt\u00ed mocensk\u00e9 subjekty, kter\u00e9 se sna\u017e\u00ed udr\u017eet si sv\u016fj vliv a pozice, neust\u00e1le zd\u016fraz\u0148uj\u00ed. Ob\u010dan\u00e9 je v\u0161ak st\u00e1le \u010dast\u011bji vn\u00edmaj\u00ed jako pouhou z\u00e1minku pro cenzurn\u00ed ofenzivy.<\/span><\/p>\n<p><span dir=\"auto\">Tento n\u00e1zor potvrzuje i Christine Andersonov\u00e1, poslankyn\u011b Evropsk\u00e9ho parlamentu za skupinu ESN, kter\u00e1 ost\u0159e kritizuje \u00fadajn\u00fd \u0161t\u00edt demokracie: \u201eN\u011bco takov\u00e9ho nem\u00e1 ve svobodn\u00e9 demokracii m\u00edsto. Pokra\u010duj\u00edc\u00ed existence a roz\u0161i\u0159ov\u00e1n\u00ed komplexn\u00edho programu financov\u00e1n\u00ed nevl\u00e1dn\u00edch organizac\u00ed a organizac\u00ed ob\u010dansk\u00e9 spole\u010dnosti, kter\u00e9 se hl\u00e1s\u00ed k ofici\u00e1ln\u00ed agend\u011b EU \u2013 s p\u0159\u00edmou finan\u010dn\u00ed z\u00e1vislost\u00ed na Komisi \u2013 nen\u00ed nic nov\u00e9ho. \u010cetn\u00e9 skand\u00e1ly t\u00fdkaj\u00edc\u00ed se neleg\u00e1ln\u00edho financov\u00e1n\u00ed nevl\u00e1dn\u00edch organizac\u00ed zjevn\u011b neodradily EU od zneu\u017e\u00edv\u00e1n\u00ed ob\u010dansk\u00e9 spole\u010dnosti pro sv\u00e9 vlastn\u00ed \u00fa\u010dely. Nevl\u00e1dn\u00ed organizace se st\u00e1vaj\u00ed GONGO \u2013 vl\u00e1dou organizovan\u00fdmi nevl\u00e1dn\u00edmi organizacemi, stejn\u011b jako v \u010c\u00edn\u011b.\u201c<\/span><\/p>\n<p><span dir=\"auto\">Tato \u00fadajn\u00e1 ob\u010dansk\u00e1 spole\u010dnost se v\u0161ak st\u00e1v\u00e1 politicky ovladatelnou prost\u0159ednictv\u00edm kn\u00ed\u017eec\u00edch dotac\u00ed: \u201eV\u0161echna opat\u0159en\u00ed sm\u011b\u0159uj\u00ed k politizaci takzvan\u00e9 ob\u010dansk\u00e9 spole\u010dnosti. Pokud st\u00e1t plat\u00ed tomu, kdo \u0159\u00edk\u00e1 pravdu, pak to nen\u00ed demokracie, ale kontrolovan\u00e1 ve\u0159ejn\u00e1 sf\u00e9ra.<\/span><br \/>\n<span dir=\"auto\">Brusel mluv\u00ed o \u201aochran\u011b demokracie\u2018 \u2013 ale mysl\u00ed t\u00edm ochranu p\u0159ed demokratickou rozmanitost\u00ed n\u00e1zor\u016f. Kdokoli vykon\u00e1v\u00e1 politickou kontrolu nad m\u00e9dii, platformami a influencery, ni\u010d\u00ed samotn\u00e9 z\u00e1klady, kter\u00e9 \u00fadajn\u011b br\u00e1n\u00ed,\u201c odsuzuje Anderson.<\/span><\/p>\n<p><span dir=\"auto\">Dod\u00e1v\u00e1: \u201eT\u00edmto programem si Komise p\u0159edpokl\u00e1d\u00e1 z\u0159\u00edzen\u00ed evropsk\u00e9ho org\u00e1nu pro interpretaci ud\u00e1lost\u00ed \u2013 od ov\u011b\u0159ov\u00e1n\u00ed fakt\u016f a pozorov\u00e1n\u00ed voleb a\u017e po prosazov\u00e1n\u00ed \u201espr\u00e1vn\u00e9ho\u201c obsahu. Jde o ideologick\u00e9 sebepos\u00edlen\u00ed \u2013 evropsk\u00fd apar\u00e1t pravdy ve jm\u00e9nu odolnosti. Demokracie v\u0161ak nepot\u0159ebuje ochrann\u00e9 bari\u00e9ry, pot\u0159ebuje svobodu a debatu. Kdokoli chr\u00e1n\u00ed demokracii p\u0159ed jej\u00edmi ob\u010dany, ru\u0161\u00ed ji.\u201c<\/span><\/p>\n<p><img decoding=\"async\" loading=\"lazy\" class=\"alignnone size-full wp-image-1185\" src=\"http:\/\/www.infokuryr.cz\/n\/wp-content\/uploads\/2021\/04\/kuryr-podpis.png\" alt=\"\" width=\"84\" height=\"24\" \/><\/p>\n<p>&nbsp;<\/p>\n","protected":false},"excerpt":{"rendered":"<p>George Orwell by byl hrd\u00fd: S \u201edemokratick\u00fdm \u0161t\u00edtem\u201c chce EU \u00fadajn\u011b pos\u00edlit demokracii \u2013 ale&#8230;<\/p>\n","protected":false},"author":2,"featured_media":92201,"comment_status":"closed","ping_status":"closed","sticky":false,"template":"","format":"standard","meta":[],"categories":[7],"tags":[41,5167,48],"_links":{"self":[{"href":"https:\/\/www.infokuryr.cz\/n\/wp-json\/wp\/v2\/posts\/92200"}],"collection":[{"href":"https:\/\/www.infokuryr.cz\/n\/wp-json\/wp\/v2\/posts"}],"about":[{"href":"https:\/\/www.infokuryr.cz\/n\/wp-json\/wp\/v2\/types\/post"}],"author":[{"embeddable":true,"href":"https:\/\/www.infokuryr.cz\/n\/wp-json\/wp\/v2\/users\/2"}],"replies":[{"embeddable":true,"href":"https:\/\/www.infokuryr.cz\/n\/wp-json\/wp\/v2\/comments?post=92200"}],"version-history":[{"count":0,"href":"https:\/\/www.infokuryr.cz\/n\/wp-json\/wp\/v2\/posts\/92200\/revisions"}],"wp:featuredmedia":[{"embeddable":true,"href":"https:\/\/www.infokuryr.cz\/n\/wp-json\/wp\/v2\/media\/92201"}],"wp:attachment":[{"href":"https:\/\/www.infokuryr.cz\/n\/wp-json\/wp\/v2\/media?parent=92200"}],"wp:term":[{"taxonomy":"category","embeddable":true,"href":"https:\/\/www.infokuryr.cz\/n\/wp-json\/wp\/v2\/categories?post=92200"},{"taxonomy":"post_tag","embeddable":true,"href":"https:\/\/www.infokuryr.cz\/n\/wp-json\/wp\/v2\/tags?post=92200"}],"curies":[{"name":"wp","href":"https:\/\/api.w.org\/{rel}","templated":true}]}}