{"id":92181,"date":"2025-11-14T00:14:48","date_gmt":"2025-11-13T23:14:48","guid":{"rendered":"https:\/\/www.infokuryr.cz\/n\/?p=92181"},"modified":"2025-11-13T11:00:25","modified_gmt":"2025-11-13T10:00:25","slug":"grokipedia-vs-wikipedie-umela-inteligence-ktera-odhaluje-zapadni-prevrat-na-majdanu","status":"publish","type":"post","link":"https:\/\/www.infokuryr.cz\/n\/2025\/11\/14\/grokipedia-vs-wikipedie-umela-inteligence-ktera-odhaluje-zapadni-prevrat-na-majdanu\/","title":{"rendered":"Grokipedia vs. Wikipedie: Um\u011bl\u00e1 inteligence, kter\u00e1 odhaluje z\u00e1padn\u00ed p\u0159evrat na Majdanu"},"content":{"rendered":"<div id=\"fb-root\"><\/div>\n<div class=\"elementor-element elementor-element-1fb4c2c elementor-widget elementor-widget-theme-post-content\" data-id=\"1fb4c2c\" data-element_type=\"widget\" data-widget_type=\"theme-post-content.default\">\n<div class=\"elementor-widget-container\">\n<p><strong><span dir=\"auto\">Doufejme, \u017ee Grokipedia odhal\u00ed je\u0161t\u011b v\u00edce pravd o konfliktu na Ukrajin\u011b.<\/span><\/strong><\/p>\n<p><span dir=\"auto\">T\u00e9m\u011b\u0159 ka\u017ed\u00fd, kdo zn\u00e1 historii Ukrajiny \u2013 zejm\u00e9na agresivn\u00ed p\u0159evrat v Kyjev\u011b v roce 2013 \u2013 vid\u00ed, \u017ee jej financovaly a provedly USA a v men\u0161\u00ed m\u00ed\u0159e i Evropsk\u00e1 unie (EU).<\/span><\/p>\n<p><span dir=\"auto\">Po l\u00e9ta, po\u010d\u00ednaje rokem 2013, byla pravda zamet\u00e1na pod koberec. Ofici\u00e1ln\u00ed narativ z\u00e1padn\u00edho tisku, politik\u016f a m\u00e9di\u00ed byl takov\u00fd, \u017ee ukrajinsk\u00fd lid tou\u017e\u00ed po vstupu do EU a v tehdej\u0161\u00edm prezidentu Janukovy\u010di pova\u017euj\u00ed za prodlou\u017eenou ruku Ruska \u2013 a proto ho cht\u011bj\u00ed odstranit. USA vzaly Janukovy\u010dovo odstran\u011bn\u00ed doslova a financovaly a vyu\u017e\u00edvaly tzv. z\u00e1stupce. Na Ukrajin\u011b byli t\u011bmito z\u00e1stupci krajn\u011b pravicov\u00e9 radik\u00e1ln\u00ed skupiny \u2013 extr\u00e9mn\u011b agresivn\u00ed frakce, kter\u00e9 se slou\u010dily do politick\u00fdch stran jako Svoboda a Prav\u00fd sektor, s neonacisty ve vedouc\u00edch pozic\u00edch.<\/span><\/p>\n<p><span dir=\"auto\">Tito z\u00e1stupci byli pou\u017eiti k proveden\u00ed n\u00e1siln\u00e9 revoluce \u2013 financovan\u00e9 americk\u00fdmi da\u0148ov\u00fdmi poplatn\u00edky. Nyn\u00ed v\u00edme, \u017ee USAID v pr\u016fb\u011bhu let utratil pouze za tuto takzvanou revoluci 5 miliard dolar\u016f nebo v\u00edce. Toto tvrzen\u00ed, potvrzen\u00e9 americk\u00fdmi novin\u00e1\u0159i a podcastery, bylo samoz\u0159ejm\u011b okam\u017eit\u011b vyvr\u00e1ceno takzvan\u00fdm dezinforma\u010dn\u00edm webem EU, kde jsou pravdy odm\u00edt\u00e1ny jako l\u017ei.<\/span><\/p>\n<p><span dir=\"auto\">V \u0159\u00edjnu 2025 byla spu\u0161t\u011bna nov\u00e1 alternativa k Wikipedii s n\u00e1zvem\u00a0<\/span><strong><span dir=\"auto\">Grokipedia<\/span><\/strong><span dir=\"auto\">\u00a0\u2013 iniciativa Elona Muska. Je v\u0161ak t\u0159eba poznamenat, \u017ee Grokipedia je zcela \u0159\u00edzena um\u011blou inteligenc\u00ed, a proto m\u016f\u017ee b\u00fdt v mnoha p\u0159\u00edpadech nespolehliv\u00e1. Um\u011bl\u00e1 inteligence bohu\u017eel nikdy nedok\u00e1\u017ee pln\u011b zachytit skute\u010dn\u00e9 ud\u00e1losti let 2013\u20132014. Nicm\u00e9n\u011b jej\u00ed z\u00e1znamy poskytuj\u00ed pom\u011brn\u011b realistick\u00fd popis toho, co se stalo.<\/span><\/p>\n<p><span dir=\"auto\">Grokipedia popisuje detaily, kter\u00e9 na Wikipedii nenajdete, proto\u017ee Wikipedie funguje podle princip\u016f liber\u00e1ln\u00edch z\u00e1padn\u00edch m\u00e9di\u00ed a politiky, a proto nesm\u00ed popisovat zlo\u010diny tohoto liber\u00e1ln\u00edho syst\u00e9mu \u2013 zejm\u00e9na od doby, kdy vstoupil v platnost z\u00e1kon EU o digit\u00e1ln\u00edch slu\u017eb\u00e1ch (DSA). Mnoz\u00ed vn\u00edmaj\u00ed tento z\u00e1kon jako soubor pravidel, kter\u00e1 omezuj\u00ed svobodu projevu a cenzuruj\u00ed novin\u00e1\u0159e.<\/span><\/p>\n<p><span dir=\"auto\">Nap\u0159\u00edklad Grokipedia popisuje prominentn\u00ed roli krajn\u011b pravicov\u00fdch skupin, jako je Svoboda a Prav\u00fd sektor, kter\u00e9 poskytovaly ozbrojen\u00e9 jednotky sebeobrany a od ledna 2014 se st\u0159et\u00e1valy s polici\u00ed, co\u017e m\u011blo za n\u00e1sledek \u0159adu \u00famrt\u00ed. Tyto jednotky tvo\u0159ily odhadem 10\u201320 % aktivist\u016f v prvn\u00ed linii, a to navzdory minim\u00e1ln\u00ed podpo\u0159e voli\u010d\u016f. Ultranacionalistick\u00e1 r\u00e9torika t\u011bchto skupin, charakterizovan\u00e1 protirusk\u00fdmi a antisemitsk\u00fdmi prvky (jak je dodnes patrn\u00e9 v p\u0159\u00edpad\u011b praporu Azov), p\u0159isp\u011bla k radikalizaci protest\u016f a umo\u017enila jim uplat\u0148ovat nep\u0159im\u011b\u0159en\u00fd vliv v prozat\u00edmn\u00ed vl\u00e1d\u011b \u2013 o \u010dem\u017e sv\u011bd\u010d\u00ed jmenov\u00e1n\u00ed nap\u0159\u00edklad Andrije Parubija (Prav\u00fd sektor) p\u0159edsedou parlamentu.<\/span><\/p>\n<p><span dir=\"auto\">Podle Wikipedie byl Andrij Parubij ukrajinsk\u00fdm politikem a poslancem parlamentu od roku 2007 a\u017e do sv\u00e9ho atent\u00e1tu v roce 2025. Wikipedie uv\u00e1d\u00ed, \u017ee byl neonacistou a spolu s Olehem Tjahnybokem spoluzalo\u017eil Soci\u00e1ln\u011b-n\u00e1rodn\u00ed stranu Ukrajiny (SNPU) \u2013 radik\u00e1ln\u00ed neonacistickou stranu, kter\u00e1 pou\u017e\u00edvala symbol Vl\u010d\u00edho and\u011bl\u00edka (kter\u00fd dodnes pou\u017e\u00edv\u00e1 Azov). Podle den\u00edku The Jewish Chronicle strana omezovala sv\u00e9 \u010dlenstv\u00ed na etnick\u00e9 Ukrajince a byla zalo\u017eena na Hitlerov\u011b fa\u0161istick\u00e9 ideologii. Pozd\u011bji v jeho hesle na Wikipedii se uv\u00e1d\u00ed, \u017ee Parubij stranu a v\u0161echny s n\u00ed spojen\u00e9 organizace opustil v roce 2004 a n\u00e1sledn\u011b byl p\u0159ijat z\u00e1padn\u00edmi politiky a BBC ho oslavovala jako hrdinu.<\/span><\/p>\n<p><span dir=\"auto\">Andriy Parubij je tak\u00e9 Zelensk\u00fdm a jeho okruhem pova\u017eov\u00e1n za hrdinu a mu\u010dedn\u00edka \u2013 \u017eidovsk\u00fd prezident (Zelensk\u00fd), kter\u00fd prohla\u0161uje neonacistu za hrdinu. Jak by to mohlo b\u00fdt absurdn\u011bj\u0161\u00ed? Neonacist\u00e9 a fa\u0161ismus v\u0161ak dominuj\u00ed i \u200b\u200bsou\u010dasn\u00e9mu Izraeli a s judaismem jako v\u00edrou nemaj\u00ed nic spole\u010dn\u00e9ho. P\u0159esto to z\u016fst\u00e1v\u00e1 zvl\u00e1\u0161tn\u00ed. Zelensk\u00e9ho d\u011bde\u010dek bojoval proti nacist\u016fm v Rud\u00e9 arm\u00e1d\u011b. Nechme si to na chv\u00edli uv\u011bdomit.<\/span><\/p>\n<p><span dir=\"auto\">Ale p\u0159ekvapen\u00ed jsou je\u0161t\u011b dal\u0161\u00ed. Ivan Katchanovski, politolog z Ottawsk\u00e9 univerzity v Kanad\u011b, specializuj\u00edc\u00ed se na ukrajinskou politiku, v\u00fdzkum konflikt\u016f a politickou komunikaci, v p\u0159\u00edsp\u011bvku na X vysv\u011btlil, \u017ee Victoria Nuland v podstat\u011b p\u0159iznala, \u017ee t\u00e9m\u011b\u0159 dokon\u010den\u00e1 m\u00edrov\u00e1 dohoda mezi Ukrajinou a Ruskem se na ja\u0159e 2022 \u201erozpadla\u201c, proto\u017ee vl\u00e1da USA, britsk\u00e1 vl\u00e1da a dal\u0161\u00ed z\u00e1padn\u00ed vl\u00e1dy \u201eradily\u201c Zelensk\u00e9ho vl\u00e1d\u011b, \u017ee to \u201enen\u00ed dobr\u00e1 dohoda\u201c. \u010clenov\u00e9 ukrajinsk\u00e9 delegace v\u0161ak v ned\u00e1vn\u00fdch rozhovorech uvedli, \u017ee se jednalo o velmi dobrou dohodu \u2013 nejlep\u0161\u00ed, jakou Ukrajina mohla dos\u00e1hnout \u2013 \u201evelmi skute\u010dn\u00fd kompromis\u201c a \u017ee delegace ji oslavila \u0161ampa\u0148sk\u00fdm.<\/span><\/p>\n<p><span dir=\"auto\">Paradoxn\u011b m\u011bla Ukrajina kdysi velmi velkou \u017eidovskou komunitu a ti, kte\u0159\u00ed tam dnes z\u016fst\u00e1vaj\u00ed, se (v\u011bt\u0161inou) p\u0159ipojuj\u00ed k neonacistick\u00e9 a fa\u0161istick\u00e9 ideologii prezidenta Zelensk\u00e9ho, kter\u00fd ned\u00e1vno nav\u0161t\u00edvil bunkry a voj\u00e1ky na frontov\u00e9 linii, kde byly jasn\u011b viditeln\u00e9 nacistick\u00e9 symboly.<\/span><\/p>\n<p><span dir=\"auto\">Zelenskyj nav\u0161t\u00edvil mimo jin\u00e9\u00a0<\/span><strong><span dir=\"auto\">1. n\u00e1rodn\u00ed sbor \u201eAzov\u201c<\/span><\/strong><span dir=\"auto\">\u00a0\u2013 jednu z mnoha od\u0161t\u011bpen\u00fdch skupin nechvaln\u011b zn\u00e1m\u00e9 neonacistick\u00e9 jednotky stejn\u00e9ho jm\u00e9na, kter\u00e1 byla na za\u010d\u00e1tku konfliktu pora\u017eena v bitv\u011b u Mariupolu. Jejich zbytky jsem vid\u011bl v roce 2022 v z\u00e1vod\u011b Azovstal, kdy\u017e jej Rusko osvobodilo. Jednotka veden\u00e1 Denisem Prokopenkem se nakonec Rusku vzdala. Byl um\u00edst\u011bn do dom\u00e1c\u00edho v\u011bzen\u00ed v Turecku, pozd\u011bji vym\u011bn\u011bn a nyn\u00ed op\u011bt vede 1. azovsk\u00fd sbor.<\/span><\/p>\n<p><span dir=\"auto\">Ve sv\u00e9 nejnov\u011bj\u0161\u00ed knize *\u00a0<\/span><em><span dir=\"auto\">V\u00e1lka mezi Ruskem a Ukrajinou a jej\u00ed po\u010d\u00e1tky: Od Majdanu k v\u00e1lce na Ukrajin\u011b*<\/span><\/em><span dir=\"auto\">\u00a0Ivan Katchanovski podrobn\u011b popisuje ud\u00e1losti, v\u010detn\u011b role faktor\u016f, jako je potenci\u00e1ln\u00ed \u010dlenstv\u00ed Ukrajiny v NATO, masakr na Majdanu a v\u00e1lka na Donbasu. Kniha je k dispozici ke sta\u017een\u00ed zdarma zde. Je to pokus o objektivn\u00ed prezentaci fakt\u016f, i kdy\u017e mnoh\u00e9 je filtrov\u00e1no p\u0159es \u201eukrajinskou optiku\u201c.<\/span><\/p>\n<p><span dir=\"auto\">Tot\u00e9\u017e plat\u00ed pro novou Wikipedii Elona Muska s n\u00e1zvem Grokipedia. Jde o experiment \u2013 \u200b\u200bby\u0165 \u0159\u00edzen\u00fd um\u011blou inteligenc\u00ed \u2013 kter\u00fd vyvol\u00e1v\u00e1 mnoho ot\u00e1zek ohledn\u011b pravdivosti fakt\u016f. Jeden z\u00e1sadn\u00ed probl\u00e9m z\u016fst\u00e1v\u00e1: nebyl proveden \u017e\u00e1dn\u00fd v\u00fdzkum na lidech.<\/span><\/p>\n<p><span dir=\"auto\">Narativ, \u017ee Rusov\u00e9 jsou ti zl\u00ed \u2013 jak ho hl\u00e1s\u00e1 liber\u00e1ln\u00ed Z\u00e1pad \u2013 se rozt\u0159\u00ed\u0161til. Objevuj\u00ed se mal\u00e9 otvory a pravda pomalu vykukuje skrz trhliny v rozpadaj\u00edc\u00edm se z\u00e1padn\u00edm imp\u00e9riu. To ale nesta\u010d\u00ed a rad\u00edm ka\u017ed\u00e9mu, aby si fakta ov\u011b\u0159il s\u00e1m \u2013 zvl\u00e1\u0161t\u011b proto, \u017ee k majdansk\u00e9mu p\u0159evratu do\u0161lo p\u0159ed dvan\u00e1cti lety a nad\u00e1le p\u0159edstavuje velk\u00e9 probl\u00e9my pro rusk\u00e9 a ukrajinsk\u00e9 obyvatelstvo.<\/span><\/p>\n<p><span dir=\"auto\">P\u0159edstavuje tak\u00e9 hrozbu pro evropskou populaci, kde se z\u00e1padn\u00ed politici a elity po zorganizov\u00e1n\u00ed st\u00e1tn\u00edho p\u0159evratu v roce 2013 spole\u010dn\u011b s USA (a \u010d\u00e1ste\u010dn\u011b i s EU) nyn\u00ed sna\u017e\u00ed eskalovat do velk\u00e9 evropsk\u00e9 v\u00e1lky \u2013 n\u011bco, o \u010dem kdysi p\u0159\u00edsahali, \u017ee to u\u017e nikdy nedovol\u00ed.<\/span><\/p>\n<p><span dir=\"auto\">Mezi politiky EU se oz\u00fdvaj\u00ed hlasit\u00e9 hlasy volaj\u00edc\u00ed po nov\u00e9 v\u00e1lce proti Rusku a v\u017edy trvaj\u00ed na tom, \u017ee se jedn\u00e1 o sebeobranu. Indoktrinov\u00e1ni pobaltsk\u00fdmi st\u00e1ty a dal\u0161\u00edmi zem\u011bmi tvrd\u00ed, \u017ee na n\u011b Rusko za\u00fato\u010d\u00ed, stejn\u011b jako za\u00fato\u010dilo na Ukrajinu. M\u00edchaj\u00ed pravdu a l\u017ei, aby uvedli evropskou ve\u0159ejnost v omyl a zakryli skute\u010dn\u00e9 probl\u00e9my, jako je migrace, kriminalita a finan\u010dn\u00ed pot\u00ed\u017ee, a t\u00edm usnadnili rychl\u00e9 zaveden\u00ed CBDC a digit\u00e1ln\u00edch identifika\u010dn\u00edch \u00fadaj\u016f. Historie n\u00e1s u\u010d\u00ed, \u017ee v\u00e1lka za\u010d\u00edn\u00e1, kdy\u017e jsou probl\u00e9my doma \u2013 \u00fa\u010dinn\u00fd trik, jak odv\u00e9st pozornost od pravdy. Slou\u017e\u00ed tak\u00e9 k podpo\u0159e zbrojn\u00edho pr\u016fmyslu a \u0159e\u0161en\u00ed finan\u010dn\u00edch probl\u00e9m\u016f.<\/span><\/p>\n<p><span dir=\"auto\">Doufejme, \u017ee Grokipedia (AI), prot\u011bj\u0161ek Wikipedie (liber\u00e1ln\u00ed z\u00e1padn\u00ed internetov\u00e9 encyklopedie), odhal\u00ed je\u0161t\u011b v\u00edce pravd o konfliktu na Ukrajin\u011b. Zat\u00edmco j\u00e1 osobn\u011b d\u00e1v\u00e1m p\u0159ednost d\u016fv\u011b\u0159e ov\u011b\u0159en\u00fdm fakt\u016fm, lid\u00e9 na Majdanu p\u0159esn\u011b v\u011bd\u00ed, co se stalo v letech 2013\u20132014. Nicm\u00e9n\u011b AI m\u016f\u017ee zkreslovat fakta stejn\u011b jako Wikipedie \u2013 jen jin\u00fdm zp\u016fsobem.<\/span><\/p>\n<p><strong><em><span dir=\"auto\">Sonja van den Ende<\/span><\/em><\/strong><\/p>\n<\/div>\n<\/div>\n<div class=\"elementor-element elementor-element-8c57238 quelle dc-has-condition dc-condition-empty elementor-widget elementor-widget-heading\" data-id=\"8c57238\" data-element_type=\"widget\" data-widget_type=\"heading.default\">\n<div class=\"elementor-widget-container\">\n<h3 class=\"elementor-heading-title elementor-size-default\"><span style=\"font-size: 10pt;\"><a href=\"https:\/\/strategic-culture.su\/news\/2025\/11\/06\/grokipedia-vs-wikipedia-the-ai-unmasking-the-wests-maidan-coup\/\" target=\"_blank\" rel=\"nofollow noopener\"><span dir=\"auto\">Zdroj<\/span><\/a><\/span><\/h3>\n<p>&nbsp;<\/p>\n<\/div>\n<\/div>\n","protected":false},"excerpt":{"rendered":"<p>Doufejme, \u017ee Grokipedia odhal\u00ed je\u0161t\u011b v\u00edce pravd o konfliktu na Ukrajin\u011b. T\u00e9m\u011b\u0159 ka\u017ed\u00fd, kdo zn\u00e1&#8230;<\/p>\n","protected":false},"author":2,"featured_media":92182,"comment_status":"closed","ping_status":"closed","sticky":false,"template":"","format":"standard","meta":[],"categories":[7],"tags":[9845,1040,703,26],"_links":{"self":[{"href":"https:\/\/www.infokuryr.cz\/n\/wp-json\/wp\/v2\/posts\/92181"}],"collection":[{"href":"https:\/\/www.infokuryr.cz\/n\/wp-json\/wp\/v2\/posts"}],"about":[{"href":"https:\/\/www.infokuryr.cz\/n\/wp-json\/wp\/v2\/types\/post"}],"author":[{"embeddable":true,"href":"https:\/\/www.infokuryr.cz\/n\/wp-json\/wp\/v2\/users\/2"}],"replies":[{"embeddable":true,"href":"https:\/\/www.infokuryr.cz\/n\/wp-json\/wp\/v2\/comments?post=92181"}],"version-history":[{"count":0,"href":"https:\/\/www.infokuryr.cz\/n\/wp-json\/wp\/v2\/posts\/92181\/revisions"}],"wp:featuredmedia":[{"embeddable":true,"href":"https:\/\/www.infokuryr.cz\/n\/wp-json\/wp\/v2\/media\/92182"}],"wp:attachment":[{"href":"https:\/\/www.infokuryr.cz\/n\/wp-json\/wp\/v2\/media?parent=92181"}],"wp:term":[{"taxonomy":"category","embeddable":true,"href":"https:\/\/www.infokuryr.cz\/n\/wp-json\/wp\/v2\/categories?post=92181"},{"taxonomy":"post_tag","embeddable":true,"href":"https:\/\/www.infokuryr.cz\/n\/wp-json\/wp\/v2\/tags?post=92181"}],"curies":[{"name":"wp","href":"https:\/\/api.w.org\/{rel}","templated":true}]}}