{"id":92103,"date":"2025-11-13T00:13:25","date_gmt":"2025-11-12T23:13:25","guid":{"rendered":"https:\/\/www.infokuryr.cz\/n\/?p=92103"},"modified":"2025-11-12T10:22:34","modified_gmt":"2025-11-12T09:22:34","slug":"general-prezident-mym-narodum-chcipate-hlady-blbeckove-lzete-zvedlo-se-hdp","status":"publish","type":"post","link":"https:\/\/www.infokuryr.cz\/n\/2025\/11\/13\/general-prezident-mym-narodum-chcipate-hlady-blbeckove-lzete-zvedlo-se-hdp\/","title":{"rendered":"Gener\u00e1l prezident m\u00fdm n\u00e1rod\u016fm: chc\u00edp\u00e1te hlady, blbe\u010dkov\u00e9? L\u017eete, zvedlo se HDP!"},"content":{"rendered":"<div id=\"fb-root\"><\/div>\n<div class=\"introtext\">\n<h4>Gener\u00e1l prezident nakoup\u00ed za plat 900 000 krabici ml\u00e9ka se slovy: \u017eerte, tato vl\u00e1da je nejlep\u0161\u00ed v m\u00e9m \u017eivot\u011b. Takov\u00fd plat jako m\u00e1m nyn\u00ed j\u00e1 s man\u017eelkou, nikdo p\u0159ede mnou nem\u011bl! Tak\u017ee se blbe\u010dkov\u00e9 na\u017eerte HDP!<\/h4>\n<\/div>\n<div class=\"fulltext\">\n<p>Neskute\u010dn\u00e1 drzost papal\u00e1\u0161\u016f!<\/p>\n<p>J\u00e1 tu slevu nechci zadarmo, vy tupci, v\u0159\u00edsk\u00e1 Stanjura:\u00a0ud\u011blal jsem na v\u00e1s sekeru 1200 miliard\u00a0a vy, \u017eebr\u00e1ci,\u00a0m\u00e1te za to vy\u0161\u0161\u00ed HDP.\u00a0Tak \u017eerte, co je.<\/p>\n<h4><strong>V\u00e1\u017en\u011b tyto v\u00fdblitky mus\u00edme sly\u0161et u\u017e dva m\u011bs\u00edce z televizn\u00edch diskuz\u00ed, m\u00edsto aby P\u011btimafie prost\u011b dala data na st\u016fl a my v\u011bd\u011bli, co na n\u00e1s nachystali?<\/strong><\/h4>\n<p>A p\u0159esn\u011b o toto se nyn\u00ed hraje. Masakr s rozpo\u010dtem, kdy si P\u011btimafie na p\u016fj\u010dovala\u00a0 bilion a dv\u011b st\u011b miliard, aby splnila \u010d\u00edslo rozpo\u010dtu, je prost\u011b na krimin\u00e1l. Nyn\u00ed m\u00e1 ud\u011blat z\u00fa\u010dtov\u00e1n\u00ed a nav\u00edc nikdo nev\u00ed, koho z politik\u016f do\u017eene Dozimetr a tak sly\u0161\u00edme ka\u017ed\u00fd den stejn\u00e9, jak odch\u00e1zej\u00edc\u00ed vl\u00e1da je \u00fa\u017easn\u00e1, proto\u017ee \u017eebrot\u011b zvedla HDP.<\/p>\n<h4>Mysl\u00edte, \u017ee to nen\u00ed na p\u00e1r facek?<\/h4>\n<p><img decoding=\"async\" loading=\"lazy\" class=\"aligncenter\" src=\"https:\/\/www.skrytapravda.cz\/images\/2025\/dluh_2025-2026webp.webp\" alt=\"dluh 2025 2026webp\" width=\"677\" height=\"435\" \/><\/p>\n<p>Gener\u00e1l prezident j\u00e1s\u00e1, \u017ee po\u010det zoufal\u00fdch lid\u00ed v rozvojov\u00e9 zemi \u010cesk\u00e1 republika se zvedl na \u00factyhodn\u00fdch skoro p\u016fl milionu, kte\u0159\u00ed nemaj\u00ed ani na j\u00eddlo.<\/p>\n<h3 class=\"e_j e_bu c_jR speakable\">Rekordn\u00ed potravinov\u00e1 sb\u00edrka. Vybralo se nejv\u00edce zbo\u017e\u00ed za 12\u00a0let<\/h3>\n<p>My, gener\u00e1l prezident a P\u011btimafie jsme u\u017e dostali \u017eebrotu na \u00farove\u0148 nejchud\u0161\u00edch st\u00e1t\u016f. Tolik zoufal\u00fdch lid\u00ed je snad jen v Africe n\u011bkde tam, kde je tak\u00e9 hladomor. A vid\u00edte, u n\u00e1s hladomor jako na Ukrajin\u011b nebude. Nacpeme v po\u010dtu skoro p\u016flmilionov\u00e9 lidsk\u00e9 \u017eebrot\u011b ch\u0159t\u00e1ny odpadky a nah\u00e1z\u00edme jim je do v\u00fdb\u011bhu! Vlastn\u011b jim d\u00e1me n\u011bjak\u00e9 p\u0159ebytky, co nesn\u00edme&#8230;<\/p>\n<p><span class=\"atm-text-decorator\">V podzimn\u00edm kole potravinov\u00e9 sb\u00edrky se v\u00a0sobotu v\u00a0obchodech v\u00a0\u010cesku vybralo rekordn\u00edch 719\u00a0tun zbo\u017e\u00ed. Za 12\u00a0let trv\u00e1n\u00ed sb\u00edrky je to dosud nejv\u00edce, o\u00a015\u00a0procent v\u00edce ne\u017e loni. Lid\u00e9 darovali 645\u00a0tun potravin a\u00a074\u00a0tun hygienick\u00fdch pot\u0159eb. Do \u00fater\u00fd 18.\u00a0listopadu mohou st\u00e1le darovat zbo\u017e\u00ed n\u00e1kupem v\u00a0internetov\u00fdch obchodech. \u010cTK o\u00a0tom v\u00a0ned\u011bli informovaly \u010cesk\u00e1 federace potravinov\u00fdch bank a\u00a0Svaz obchodu a\u00a0cestovn\u00edho ruchu \u010cR.<\/span><\/p>\n<p>V\u00e1\u017een\u00ed \u010dten\u00e1\u0159i, jasn\u011b, \u017ee se P\u011btimafie a gener\u00e1l prezident takto nevyjad\u0159uj\u00ed, proto\u017ee by lid\u00e9 u\u017e vzali vidle do ruky.\u00a0Ale nen\u00ed snad jedno, zda si to jen mysl\u00ed, nebo zde je to naps\u00e1no &#8222;tvrd\u011b a pravdiv\u011b&#8220;?<\/p>\n<p>P\u011btimafie si za \u010dty\u0159i roky vyp\u016fj\u010dila 1200 miliard korun, p\u0159esto to nesta\u010dilo a na p\u0159\u00ed\u0161t\u00ed rok p\u0159ipravila sekeru dal\u0161\u00edch 280 miliard. A gener\u00e1l prezident s jeho P\u011btimafi\u00ed u\u017e dva m\u011bs\u00edce v masm\u00e9di\u00edch opakuj\u00ed, \u017ee ta skoro\u00a0<strong>p\u016flmilionov\u00e1 arm\u00e1da \u017eebr\u00e1k\u016f se m\u00e1 dob\u0159e, proto\u017ee vl\u00e1da zvedla HDP.\u00a0 Nav\u00edc u\u017e je skoro 3 miliony lid\u00ed pod hranic\u00ed chudoby. Ale vl\u00e1da gener\u00e1la prezidenta a P\u011btimafie zvedla HDP!<\/strong><\/p>\n<p>V\u00e1\u017en\u011b se to d\u00e1 poslouchat za pomoci masmedi\u00e1ln\u00ed propagandy moder\u00e1tor\u016f televiz\u00ed, ani\u017e by \u010dlov\u011bk pukl vzteky a v hlav\u011b se mu nerodila tot\u00e1ln\u00ed nen\u00e1vist, jak si z t\u011bch chud\u00e1k\u016f d\u011blaj\u00ed \u0161oufky a legraci? Jasn\u011b, gener\u00e1l prezident s politru\u010dkou z dob komunismu berou skoro milion m\u011bs\u00ed\u010dn\u011b, tak pro\u010d se chud\u00e9mu lidu nevysm\u00e1t?<\/p>\n<p>A o to se nyn\u00ed hraje,\u00a0proto to divadlo s Babi\u0161em, Turkem, Rajchlem, Macinkou, Okamurou: \u010dek\u00e1me na kone\u010dnou sekeru P\u011btimafie\u00a0a toto byla jen kou\u0159ov\u00e1 clona. Hodili \u017eebr\u00e1k\u016fm ohlodanou kost a ti se o n\u00ed perou. Dokonce i gener\u00e1l prezident &#8222;tajn\u011b a nezi\u0161tn\u011b&#8220;, proto\u017ee ho nikdo nezn\u00e1, koupil p\u00e1r krabic n\u011b\u010deho. Tak stra\u0161n\u011b se pl\u00e1cl p\u0159es kapsu.<\/p>\n<p><strong>Promi\u0148te, ale nejen mn\u011b se z nich chce zvracet! V\u00e1\u017en\u011b si ty ur\u00e1\u017eky o skv\u011bl\u00e9m HDP nemohou odpustit, kdy\u017e v re\u00e1lu se m\u00e1 dob\u0159e 1\/3 ob\u010dan\u016f a ostatn\u00ed jsou odpad? A nav\u00edc n\u00e1s P\u011btimafie zadlu\u017eila \u010d\u00e1stkou 1200 miliard za \u010dty\u0159i roky, aby tady v\u0159\u00edskala o HDP? V\u00e1m z toho nen\u00ed \u0161patn\u011b?\u00a0<\/strong><\/p>\n<h3>Jedna informace: v\u00edte \u017ee&#8230;<\/h3>\n<div data-subtree=\"aimfl,mfl\">Potravinov\u00e9 l\u00edstky &#8211; \u017eebra\u010denky se v \u010ceskoslovensku zru\u0161ily 1. \u010dervna 1953 v r\u00e1mci m\u011bnov\u00e9 reformy.\u00a0Tento p\u0159\u00edd\u011blov\u00fd syst\u00e9m byl zru\u0161en bezprost\u0159edn\u011b po dlouhodob\u00fdch v\u00e1le\u010dn\u00fdch a pov\u00e1le\u010dn\u00fdch pot\u00ed\u017e\u00edch a nutnosti st\u00e1tem \u0159\u00eddit nedostatek zbo\u017e\u00ed, jako byly nap\u0159\u00edklad chl\u00e9b, mouka, maso \u010di ml\u00e9ko. A nyn\u00ed jsme po skv\u011bl\u00e9m budov\u00e1n\u00ed eurobol\u0161evismu zp\u011bt. Pro\u010d to ne\u0159ekne gener\u00e1l prezident je naprostou z\u00e1hadou. Aha, on se m\u00e1, jak se nikdy nem\u011bl&#8230;<\/div>\n<div data-subtree=\"aimfl,mfl\">_________<\/div>\n<div><\/div>\n<div><strong>P.S.:<\/strong> a dopln\u011bn\u00ed pro \u00fapln\u00e9 pitomce z \u0159ad &#8222;lep\u0161olid\u00ed libtard\u00edch&#8220;: to nen\u00ed kritika sb\u00edrky, ale co ta \u0161p\u00edna lidem vykl\u00e1d\u00e1. Ta demor\u00e1ln\u00ed \u0161p\u00edna masmedi\u00e1ln\u011b politick\u00e1!<\/div>\n<\/div>\n<div><\/div>\n<div><a href=\"https:\/\/www.skrytapravda.cz\/z-ekonomiky\/2863-general-prezident-mym-narodum-chcipate-hlady-blbeckove-lzete-zvedlo-se-hdp\">Petr Pokorn\u00fd<\/a><\/div>\n<div><\/div>\n<div><\/div>\n","protected":false},"excerpt":{"rendered":"<p>Gener\u00e1l prezident nakoup\u00ed za plat 900 000 krabici ml\u00e9ka se slovy: \u017eerte, tato vl\u00e1da je&#8230;<\/p>\n","protected":false},"author":2,"featured_media":92104,"comment_status":"closed","ping_status":"closed","sticky":false,"template":"","format":"standard","meta":[],"categories":[6],"tags":[2155,1503,3744,1173,750],"_links":{"self":[{"href":"https:\/\/www.infokuryr.cz\/n\/wp-json\/wp\/v2\/posts\/92103"}],"collection":[{"href":"https:\/\/www.infokuryr.cz\/n\/wp-json\/wp\/v2\/posts"}],"about":[{"href":"https:\/\/www.infokuryr.cz\/n\/wp-json\/wp\/v2\/types\/post"}],"author":[{"embeddable":true,"href":"https:\/\/www.infokuryr.cz\/n\/wp-json\/wp\/v2\/users\/2"}],"replies":[{"embeddable":true,"href":"https:\/\/www.infokuryr.cz\/n\/wp-json\/wp\/v2\/comments?post=92103"}],"version-history":[{"count":0,"href":"https:\/\/www.infokuryr.cz\/n\/wp-json\/wp\/v2\/posts\/92103\/revisions"}],"wp:featuredmedia":[{"embeddable":true,"href":"https:\/\/www.infokuryr.cz\/n\/wp-json\/wp\/v2\/media\/92104"}],"wp:attachment":[{"href":"https:\/\/www.infokuryr.cz\/n\/wp-json\/wp\/v2\/media?parent=92103"}],"wp:term":[{"taxonomy":"category","embeddable":true,"href":"https:\/\/www.infokuryr.cz\/n\/wp-json\/wp\/v2\/categories?post=92103"},{"taxonomy":"post_tag","embeddable":true,"href":"https:\/\/www.infokuryr.cz\/n\/wp-json\/wp\/v2\/tags?post=92103"}],"curies":[{"name":"wp","href":"https:\/\/api.w.org\/{rel}","templated":true}]}}