{"id":92081,"date":"2025-11-13T00:15:53","date_gmt":"2025-11-12T23:15:53","guid":{"rendered":"https:\/\/www.infokuryr.cz\/n\/?p=92081"},"modified":"2025-11-12T09:29:00","modified_gmt":"2025-11-12T08:29:00","slug":"falesna-tvrzeni-o-teplote-ktera-jsou-zakladem-alarmisticke-agendy-cop30","status":"publish","type":"post","link":"https:\/\/www.infokuryr.cz\/n\/2025\/11\/13\/falesna-tvrzeni-o-teplote-ktera-jsou-zakladem-alarmisticke-agendy-cop30\/","title":{"rendered":"Fale\u0161n\u00e1 tvrzen\u00ed o teplot\u011b, kter\u00e1 jsou z\u00e1kladem alarmistick\u00e9 agendy COP30"},"content":{"rendered":"<div id=\"fb-root\"><\/div>\n<div class=\"elementor-element elementor-element-1fb4c2c elementor-widget elementor-widget-theme-post-content\" data-id=\"1fb4c2c\" data-element_type=\"widget\" data-widget_type=\"theme-post-content.default\">\n<div class=\"elementor-widget-container\">\n<p><span dir=\"auto\">B\u011bhem p\u0159\u00ed\u0161t\u00edch dvou t\u00fddn\u016f konference COP30 budou ne\u00fanavn\u011b \u0161\u00ed\u0159eny t\u0159i popul\u00e1rn\u00ed klimatick\u00e9 stra\u0161ideln\u00e9 narativy, kter\u00e9 budou propagovat rychle sl\u00e1bnouc\u00ed fantazii radik\u00e1ln\u00ed levice o nulov\u00fdch \u010dist\u00fdch emis\u00edch. Jsou to: p\u0159ekro\u010den\u00ed glob\u00e1ln\u00ed \u201ehranice 1,5 \u00b0C\u201c vedouc\u00ed k nekontrolovateln\u00fdm teplot\u00e1m; body zlomu zp\u016fsoben\u00e9 \u010dlov\u011bkem, kter\u00e9 spust\u00ed nep\u0159edstaviteln\u00e9 p\u0159\u00edrodn\u00ed katastrofy; a p\u0159ipisov\u00e1n\u00ed ojedin\u011bl\u00fdch nep\u0159\u00edzniv\u00fdch pov\u011btrnostn\u00edch ud\u00e1lost\u00ed vyu\u017e\u00edv\u00e1n\u00ed p\u0159\u00edrodn\u00edch uhlovod\u00edk\u016f. \u010c\u00edslo 1,5 \u00b0C je bezv\u00fdznamn\u00e9 \u010d\u00edslo vymy\u0161len\u00e9 politiky a aktivisty, aby uk\u00e1znili zast\u00e1nce nulov\u00fdch \u010dist\u00fdch emis\u00ed; body zlomu jsou nesmyslem klimatick\u00fdch model\u016f; stejn\u011b jako p\u0159ipisov\u00e1n\u00ed k\u0159i\u0161\u0165\u00e1lov\u00e9 kouli. Nic z toho nen\u00ed podlo\u017eeno d\u016fv\u011bryhodn\u00fdmi v\u011bdeck\u00fdmi d\u016fkazy a pozorov\u00e1n\u00edmi. Co\u017e samoz\u0159ejm\u011b vysv\u011btluje, pro\u010d politick\u00e9 elity zni\u010dily v\u011bdeck\u00fd proces, zak\u00e1zaly a zru\u0161ily jakoukoli nesouhlasnou diskusi a prohl\u00e1sily z\u00e1le\u017eitost za \u201evy\u0159e\u0161enou\u201c.<\/span><\/p>\n<p><span dir=\"auto\">Z\u00e1kladn\u00edm klamem je teplota. Sv\u011bt se \u00fadajn\u011b dramaticky otepluje, co\u017e vede k bod\u016fm zlomu a zhor\u0161ov\u00e1n\u00ed extr\u00e9mn\u00edho po\u010das\u00ed. Zm\u011bny \u00fadajn\u011b prob\u00edhaj\u00ed neb\u00fdvalou rychlost\u00ed a jsou zp\u016fsobeny p\u0159edev\u0161\u00edm lidmi, kte\u0159\u00ed zvy\u0161uj\u00ed hladinu oxidu uhli\u010dit\u00e9ho v atmosf\u00e9\u0159e. Ve skute\u010dnosti je n\u00e1r\u016fst teploty mal\u00fd \u2013 kolem 1 \u00b0C za 200 let (s p\u0159ihl\u00e9dnut\u00edm ke v\u0161em vykonstruovan\u00fdm odhad\u016fm teploty a m\u011b\u0159en\u00edm zkreslen\u00fdm m\u011bstsk\u00fdm teplem) \u2013 a podobn\u00e9 n\u00e1r\u016fsty jsou b\u011b\u017en\u00e9 jak v historick\u00fdch, tak v paleoklimatick\u00fdch z\u00e1znamech. Posledn\u00ed \u201enejteplej\u0161\u00ed\u201c n\u00e1r\u016fsty byly pozorov\u00e1ny v minulosti \u2013 n\u00e1hl\u00e9 zm\u011bny teploty zp\u016fsoben\u00e9 n\u00e1hl\u00fdmi lok\u00e1ln\u00edmi ud\u00e1lostmi, jako jsou sope\u010dn\u00e9 erupce. V roce 2022 podvodn\u00ed sopka Hunga Tonga skute\u010dn\u011b uvolnila obrovsk\u00e9 mno\u017estv\u00ed vodn\u00ed p\u00e1ry do horn\u00edch vrstev atmosf\u00e9ry, co\u017e je \u201esklen\u00edkov\u00e1\u201c oteplovac\u00ed ud\u00e1lost, kterou by napomohla ned\u00e1vn\u00e1 siln\u00e1 oscilace El Ni\u00f1o. Sou\u010dasn\u00e1 p\u0159esn\u00e1 satelitn\u00ed m\u011b\u0159en\u00ed ukazuj\u00ed, \u017ee celkov\u00e1 glob\u00e1ln\u00ed teplota v roce 2025 kles\u00e1.<\/span><\/p>\n<p><span dir=\"auto\">Nev\u011b\u0159te mi na slovo za v\u0161echny tyto p\u0159irozen\u00e9 pohyby. Profesor Mark Maslin je profesorem oboru zvan\u00e9ho \u201eV\u011bda o zemsk\u00fdch syst\u00e9mech\u201c na University College London (UCL) a jedn\u00edm z autor\u016f ned\u00e1vn\u00e9 zpr\u00e1vy o bodu zlomu, kter\u00e1 byla zve\u0159ejn\u011bna pr\u00e1v\u011b v\u010das p\u0159ed COP30. Tento konkr\u00e9tn\u00ed nesmysl zalo\u017een\u00fd na po\u010d\u00edta\u010dov\u00e9m modelu tvrdil, \u017ee teplovodn\u00ed kor\u00e1ly u\u017e mo\u017en\u00e1 p\u0159ekro\u010dily sv\u00e9 \u201etepeln\u00e9 body zlomu\u201c, a to navzdory skute\u010dnosti, \u017ee kor\u00e1ly existuj\u00ed stovky milion\u016f let a p\u0159e\u017e\u00edvaj\u00ed ve vod\u00e1ch o teplot\u011b 24 a\u017e 32 \u00b0C. Zd\u00e1 se, \u017ee je to tent\u00fd\u017e Mark Maslin, kter\u00fd v roce 1999 jako skromn\u00fd lektor geografie napsal \u010dl\u00e1nek, v n\u011bm\u017e uvedl, \u017ee k v\u011bt\u0161in\u011b velk\u00fdch klimatick\u00fdch zm\u011bn o n\u011bkolika stupn\u00edch by pravd\u011bpodobn\u011b do\u0161lo \u201emaxim\u00e1ln\u011b za n\u011bkolik stolet\u00ed, n\u011bkdy desetilet\u00ed a mo\u017en\u00e1 i za n\u011bkolik let\u201c. Te\u010f si st\u011b\u017euje, \u017ee \u201eZem\u011b se ji\u017e st\u00e1v\u00e1 neobyvatelnou\u201c, zat\u00edmco klimatick\u00e1 politika pom\u00e1h\u00e1 budovat \u201enov\u00fd politick\u00fd a socioekonomick\u00fd syst\u00e9m\u201c. V roce 2018 byl mezi \u0159adou ekologick\u00fdch aktivist\u016f, kte\u0159\u00ed podepsali dopis den\u00edku\u00a0<\/span><em><span dir=\"auto\">Guardian,<\/span><\/em><span dir=\"auto\">\u00a0v n\u011bm\u017e uvedli, \u017ee si ji\u017e nebudou \u201eposilovat d\u016fv\u011bryhodnost\u201c debatami se skeptiky ohledn\u011b klimatick\u00fdch zm\u011bn.<\/span><\/p>\n<p><span dir=\"auto\">Nen\u00ed divu, \u017ee se lid\u00e9 jako Maslin \u2013 samoz\u0159ejm\u011b pravideln\u00fd koment\u00e1tor BBC, kter\u00fd se v\u011bnuje v\u0161em v\u011bdeck\u00fdm t\u00e9mat\u016fm klimatick\u00fdch katastrof \u2013 od debaty o klimatu odvr\u00e1tili. Spojov\u00e1n\u00ed hladin CO\u2082 s rostouc\u00edmi teplotami za \u00fa\u010delem z\u00edsk\u00e1n\u00ed politick\u00e9ho kapit\u00e1lu pro levici se op\u00edr\u00e1 o pozorov\u00e1n\u00ed pouze z n\u011bkolika posledn\u00edch let. Pokud v\u0161ak pozorov\u00e1n\u00ed roz\u0161\u00ed\u0159\u00edte o stovky a pak stovky milion\u016f let zp\u011bt, objev\u00ed se jin\u00fd obraz. N\u011bkdy teploty a CO\u2082 stoupaj\u00ed sou\u010dasn\u011b, n\u011bkdy ne. N\u011bkdy hladiny CO\u2082 stoupaj\u00ed dokonce\u00a0<\/span><em><span dir=\"auto\">p\u0159ed<\/span><\/em><span dir=\"auto\">\u00a0n\u00e1sledn\u00fdmi teplotami, ale v\u011bt\u0161inou ne. Jednoduch\u00e9 vysv\u011btlen\u00ed, \u017ee se otepluj\u00edc\u00ed plyny, jako je CO\u2082, stanou \u201enasycen\u00fdmi\u201c, jakmile p\u0159ekro\u010d\u00ed ur\u010dit\u00e9 koncentrace, p\u0159i\u010dem\u017e oteplov\u00e1n\u00ed pot\u00e9 logaritmicky kles\u00e1, je v\u011bdeck\u00e1 hypot\u00e9za nebo n\u00e1zor \u2013 ale m\u00e1 co nab\u00eddnout, kdy\u017e se pod\u00edv\u00e1te na data z minul\u00fdch pozorov\u00e1n\u00ed.<\/span><\/p>\n<p><span dir=\"auto\">Pod\u00edvejme se na n\u011bkter\u00e1 z t\u011bchto pozorov\u00e1n\u00ed, po\u010d\u00ednaje dlouhodob\u00fdm z\u00e1znamem o v\u00edce ne\u017e 600 milionech let. Graf n\u00ed\u017ee ukazuje velkou divergenci mezi teplotou a CO\u2082.<\/span><\/p>\n<figure class=\"wp-block-image aligncenter size-large\"><img decoding=\"async\" loading=\"lazy\" class=\"aligncenter\" src=\"https:\/\/dailysceptic.org\/wp-content\/uploads\/2025\/11\/image-20.png\" alt=\"\" width=\"794\" height=\"502\" \/><\/figure>\n<p><span dir=\"auto\">B\u011bhem 600 milion\u016f let je obt\u00ed\u017en\u00e9 rozeznat jakoukoli obecnou korelaci mezi teplotou a hladinou plynu. Lze v\u0161ak pozorovat, \u017ee atmosf\u00e9rick\u00fd CO\u2082 obecn\u011b za 600 milion\u016f let klesal \u2013 a\u017e na t\u00e9m\u011b\u0159 pr\u00e1zdn\u00e9 \u00farovn\u011b, kter\u00e9 vid\u00edme dnes. Jak jsme vid\u011bli za posledn\u00edch 40 let, i mal\u00e9 zv\u00fd\u0161en\u00ed CO\u2082 vedlo k v\u00fdznamn\u00e9mu r\u016fstu planet\u00e1rn\u00ed biomasy. Ve\u0161ker\u00fd tento CO\u2082 byl dobr\u00fd pro dinosaury, kte\u0159\u00ed os\u00eddlili Zemi a\u017e do doby p\u0159ed 66 miliony let \u2013 na \u00farovn\u00edch v\u00edce ne\u017e t\u0159ikr\u00e1t vy\u0161\u0161\u00edch ne\u017e dnes. Ten mal\u00fd p\u0159\u00eddavek byl dobr\u00fd i pro lidi, proto\u017ee v\u00fdnosy plodin se v posledn\u00ed dob\u011b dramaticky zv\u00fd\u0161ily, co\u017e pomohlo zm\u00edrnit p\u0159irozen\u011b se vyskytuj\u00edc\u00ed hladomory po cel\u00e9m sv\u011bt\u011b.<\/span><\/p>\n<p><span dir=\"auto\">Tyto z\u00e1znamy jsou samoz\u0159ejm\u011b velmi dlouhodob\u00e9 a jsou sestaveny ze z\u00e1stupn\u00fdch dat s p\u0159esnost\u00ed pouze n\u011bkolika tis\u00edc let. V bezprost\u0159edn\u011bj\u0161\u00edch z\u00e1znamech nach\u00e1z\u00edme dal\u0161\u00ed a p\u0159esv\u011bd\u010div\u011bj\u0161\u00ed d\u016fkazy o tom, \u017ee CO\u2082 nen\u00ed prim\u00e1rn\u00edm klimatick\u00fdm termostatem. Teploty ve st\u0159edov\u011bku byly podobn\u00e9 jako dnes, v \u0159\u00edmsk\u00fdch dob\u00e1ch mo\u017en\u00e1 o n\u011bco vy\u0161\u0161\u00ed a \u010dasto o 3\u20134 \u00b0C vy\u0161\u0161\u00ed b\u011bhem holoc\u00e9nn\u00edho term\u00e1ln\u00edho maxima, zhruba p\u0159ed 8 000 a\u017e 5 000 lety. B\u011bhem t\u011bchto obdob\u00ed byl CO\u2082 pozoruhodn\u011b stabiln\u00ed na \u00farovni kolem 260 ppm, co\u017e je \u00farove\u0148, kter\u00e1 je ve skute\u010dnosti nebezpe\u010dn\u011b n\u00edzk\u00e1 pro udr\u017een\u00ed \u017eivota na Zemi. Michael Mannova nechvaln\u011b zn\u00e1m\u00e1 1000let\u00e1 teplotn\u00ed k\u0159ivka ve tvaru \u201ehokejky\u201c tento probl\u00e9m spojitosti eliminovala pouh\u00fdm vynech\u00e1n\u00edm st\u0159edov\u011bk\u00e9ho tepl\u00e9ho obdob\u00ed a n\u00e1sledn\u00e9 mal\u00e9 doby ledov\u00e9 a\u017e do roku 1800.<\/span><\/p>\n<p><span dir=\"auto\">Pozoruhodn\u00e9 ned\u00e1vn\u00e9 v\u011bdeck\u00e9 d\u016fkazy nazna\u010duj\u00ed, \u017ee n\u00e1hl\u00e9 teplotn\u00ed v\u00fdkyvy jsou charakteristick\u00e9 pro glob\u00e1ln\u00ed klima ji\u017e od obdob\u00ed jury bez ledu p\u0159ed v\u00edce ne\u017e 150 miliony let. Dramatick\u00e9 teplotn\u00ed zm\u011bny zalo\u017een\u00e9 na 1500let\u00fdch cyklech, jak dokl\u00e1d\u00e1 mlad\u0161\u00ed Maslin, jsou zn\u00e1my v Gr\u00f3nsku a severn\u00edm Atlantiku. Skupina francouzsk\u00fdch v\u011bdc\u016f veden\u00e1 Slahem Boulilou ze Sorbonny v\u0161ak zjistila velk\u00e9 teplotn\u00ed skoky v pr\u016fb\u011bhu milion\u016f let po cel\u00e9m sv\u011bt\u011b. V\u011bdci identifikovali oteplov\u00e1n\u00ed a\u017e o 15 \u00b0C b\u011bhem n\u011bkolika desetilet\u00ed, \u201eco\u017e ukazuje na n\u00e1hl\u00e9 a z\u00e1va\u017en\u00e9 zm\u011bny v historii klimatu Zem\u011b\u201c. Tyto 1500let\u00e9 cykly se \u010dasto ozna\u010duj\u00ed jako Dansgaard-Oeschgerovy (DO) ud\u00e1losti podle v\u011bdc\u016f, kte\u0159\u00ed je objevili. N\u011bkte\u0159\u00ed v\u011bdci p\u016fvodn\u00ed v\u00fdsledky DO bagatelizovali a nazna\u010duj\u00ed, \u017ee kr\u00e1tkodob\u00e9 zv\u00fd\u0161en\u00ed teploty o p\u0159ibli\u017en\u011b 1,5 \u00b0C bylo zp\u016fsobeno specifick\u00fdmi oscilacemi ledov\u00fdch \u0161t\u00edt\u016f a okoln\u00edch vod na severn\u00ed polokouli.<\/span><\/p>\n<p><span dir=\"auto\">Francouz\u0161t\u00ed v\u011bdci v\u0161ak poznamen\u00e1vaj\u00ed, \u017ee \u201ecyklus 1500 let je zdokumentov\u00e1n na obou polokoul\u00edch, v jin\u00fdch oce\u00e1nech a na kontinentech.\u201c Jejich pr\u00e1ce si klade za c\u00edl podpo\u0159it glob\u00e1ln\u00ed povahu ud\u00e1lost\u00ed podobn\u00fdch rozpu\u0161t\u011bn\u00e9mu kysl\u00edku (DO), a zejm\u00e9na to, \u017ee jejich mo\u017en\u00e1 prim\u00e1rn\u00ed p\u0159\u00ed\u010dina je nez\u00e1visl\u00e1 na dynamice ledov\u00e9ho p\u0159\u00edkrovu. Mezit\u00edm p\u0159ib\u00fdv\u00e1 v\u011bdeck\u00fdch d\u016fkaz\u016f, kter\u00e9 poukazuj\u00ed na v\u00fdrazn\u011b vy\u0161\u0161\u00ed teploty p\u0159ed n\u011bkolika tis\u00edci lety. Ned\u00e1vno publikovan\u00e1 studie zjistila, \u017ee rostlina\u00a0<\/span><em><span dir=\"auto\">Ceratopteris<\/span><\/em><span dir=\"auto\">\u00a0rostla p\u0159ed 8 000 lety v severn\u00ed \u010c\u00edn\u011b na 40\u00b0 severn\u00ed \u0161\u00ed\u0159ky \u2013 co\u017e nazna\u010duje, \u017ee zimn\u00ed teploty byly o 7,7 \u00b0C vy\u0161\u0161\u00ed ne\u017e dnes. Jin\u00e1 studie nalezla druh m\u011bkk\u00fd\u0161\u016f, kter\u00fd p\u0159e\u017eil na arktick\u00fdch \u0160picberk\u00e1ch p\u0159ed 9 000 lety, co\u017e nazna\u010duje o 6 \u00b0C vy\u0161\u0161\u00ed teploty.<\/span><\/p>\n<p><span dir=\"auto\">Sou\u010dasn\u00e1 fantazie o nulov\u00fdch \u010dist\u00fdch emis\u00edch se spol\u00e9h\u00e1 na dramatizaci drobn\u00fdch n\u00e1r\u016fst\u016f teploty, kter\u00e9 up\u0159\u00edmn\u011b \u0159e\u010deno ani nejsou \u0159\u00e1dn\u011b m\u011b\u0159eny, d\u00e9monizaci n\u00e1r\u016fst\u016f CO\u2082, kter\u00e9 pom\u00e1haj\u00ed Zemi vr\u00e1tit se ke zdrav\u011bj\u0161\u00ed biosf\u00e9\u0159e a atmosf\u00e9rick\u00e9 rovnov\u00e1ze, vym\u00fd\u0161len\u00ed \u201ebod\u016f zlomu\u201c prost\u0159ednictv\u00edm nesmysln\u00fdch po\u010d\u00edta\u010dov\u00fdch model\u016f a ur\u00e1\u017een\u00ed lidsk\u00e9 inteligence neov\u011b\u0159iteln\u00fdmi historkami, kter\u00e9 tvrd\u00ed, \u017ee lid\u00e9 zhor\u0161uj\u00ed po\u010das\u00ed.<\/span><\/p>\n<p><span dir=\"auto\">A skeptik\u016fm \u0159\u00edkaj\u00ed \u201epop\u00edra\u010di\u201c.<\/span><\/p>\n<h3><strong><span dir=\"auto\">*<\/span><\/strong><\/h3>\n<p><em><span dir=\"auto\"><strong>Autor: Chris Morrison <\/strong>je redaktorem pro \u017eivotn\u00ed prost\u0159ed\u00ed v den\u00edku <\/span><span dir=\"auto\">Daily Sceptic<\/span><span dir=\"auto\">\u00a0. Sledujte ho na X.<\/span><\/em><\/p>\n<\/div>\n<\/div>\n<div class=\"elementor-element elementor-element-8c57238 quelle dc-has-condition dc-condition-empty elementor-widget elementor-widget-heading\" data-id=\"8c57238\" data-element_type=\"widget\" data-widget_type=\"heading.default\">\n<div class=\"elementor-widget-container\">\n<h3 class=\"elementor-heading-title elementor-size-default\"><span style=\"font-size: 10pt;\"><a href=\"https:\/\/dailysceptic.org\/2025\/11\/07\/the-false-temperature-claims-that-underpin-the-cop30-alarmist-agenda\/\" target=\"_blank\" rel=\"nofollow noopener\"><span dir=\"auto\">Zdroj<\/span><\/a><\/span><\/h3>\n<\/div>\n<\/div>\n","protected":false},"excerpt":{"rendered":"<p>B\u011bhem p\u0159\u00ed\u0161t\u00edch dvou t\u00fddn\u016f konference COP30 budou ne\u00fanavn\u011b \u0161\u00ed\u0159eny t\u0159i popul\u00e1rn\u00ed klimatick\u00e9 stra\u0161ideln\u00e9 narativy, kter\u00e9&#8230;<\/p>\n","protected":false},"author":2,"featured_media":92082,"comment_status":"closed","ping_status":"closed","sticky":false,"template":"","format":"standard","meta":[],"categories":[7],"tags":[1042,10052,873,1100],"_links":{"self":[{"href":"https:\/\/www.infokuryr.cz\/n\/wp-json\/wp\/v2\/posts\/92081"}],"collection":[{"href":"https:\/\/www.infokuryr.cz\/n\/wp-json\/wp\/v2\/posts"}],"about":[{"href":"https:\/\/www.infokuryr.cz\/n\/wp-json\/wp\/v2\/types\/post"}],"author":[{"embeddable":true,"href":"https:\/\/www.infokuryr.cz\/n\/wp-json\/wp\/v2\/users\/2"}],"replies":[{"embeddable":true,"href":"https:\/\/www.infokuryr.cz\/n\/wp-json\/wp\/v2\/comments?post=92081"}],"version-history":[{"count":0,"href":"https:\/\/www.infokuryr.cz\/n\/wp-json\/wp\/v2\/posts\/92081\/revisions"}],"wp:featuredmedia":[{"embeddable":true,"href":"https:\/\/www.infokuryr.cz\/n\/wp-json\/wp\/v2\/media\/92082"}],"wp:attachment":[{"href":"https:\/\/www.infokuryr.cz\/n\/wp-json\/wp\/v2\/media?parent=92081"}],"wp:term":[{"taxonomy":"category","embeddable":true,"href":"https:\/\/www.infokuryr.cz\/n\/wp-json\/wp\/v2\/categories?post=92081"},{"taxonomy":"post_tag","embeddable":true,"href":"https:\/\/www.infokuryr.cz\/n\/wp-json\/wp\/v2\/tags?post=92081"}],"curies":[{"name":"wp","href":"https:\/\/api.w.org\/{rel}","templated":true}]}}