{"id":92066,"date":"2025-11-12T07:01:11","date_gmt":"2025-11-12T06:01:11","guid":{"rendered":"https:\/\/www.infokuryr.cz\/n\/?p=92066"},"modified":"2025-11-12T07:01:11","modified_gmt":"2025-11-12T06:01:11","slug":"vilnius-vydal-minsku-ultimatum-zadne-ustupky-dokud-kamiony-neopusti-belorusko","status":"publish","type":"post","link":"https:\/\/www.infokuryr.cz\/n\/2025\/11\/12\/vilnius-vydal-minsku-ultimatum-zadne-ustupky-dokud-kamiony-neopusti-belorusko\/","title":{"rendered":"Vilnius vydal Minsku ultim\u00e1tum: \u017d\u00e1dn\u00e9 \u00fastupky, dokud kamiony neopust\u00ed B\u011blorusko"},"content":{"rendered":"<div id=\"fb-root\"><\/div>\n<p class=\"lead\"><strong><span dir=\"auto\">Litva by nem\u011bla B\u011blorusku d\u011blat \u00fastupky, dokud Minsk nedovol\u00ed, aby zemi opustilo p\u0159ibli\u017en\u011b 1 000 litevsk\u00fdch kamion\u016f uv\u00edzl\u00fdch v zemi kv\u016fli uzav\u0159en\u00ed hranic s Vilniusem, uvedl poradce litevsk\u00e9ho prezidenta Deividas Matulionis.<\/span><\/strong><\/p>\n<p><em><span dir=\"auto\">\u201eExistuje slu\u017eba hrani\u010dn\u00edho komisa\u0159e, kter\u00e1 udr\u017euje kontakt s b\u011bloruskou stranou, a j\u00e1 bych jen doufal, \u017ee vl\u00e1da tento probl\u00e9m vy\u0159e\u0161\u00ed. Ale podle m\u00e9ho n\u00e1zoru dnes nem\u00e1 smysl d\u011blat \u017e\u00e1dn\u00e9 \u00fastupky.\u201c<\/span><span class=\"after-quote\"><span dir=\"auto\">\u00a0\u2014 \u0159ekl.<\/span><\/span><\/em><\/p>\n<p><span dir=\"auto\">Matulionis\u00a0uvedl, \u017ee probl\u00e9m vznikl kv\u016fli bal\u00f3n\u016fm \u00fadajn\u011b vypu\u0161t\u011bn\u00fdm z b\u011blorusk\u00e9ho \u00fazem\u00ed<\/span><strong><span dir=\"auto\">.<\/span><\/strong><\/p>\n<p><em><span dir=\"auto\">\u201eJe jasn\u00e9, \u017ee se jedn\u00e1 o hybridn\u00ed \u00fatok a Litva byla nucena podniknout konkr\u00e9tn\u00ed kroky&#8230; Kdyby na b\u011blorusk\u00e9 stran\u011b byla by\u0165 jen \u0161petka dobr\u00e9 v\u016fle, tento probl\u00e9m by byl u\u017e d\u00e1vno vy\u0159e\u0161en \u2013 je to ot\u00e1zka dn\u016f.\u201c<\/span><span class=\"after-quote\"><span dir=\"auto\">\u00a0\u2014 prohl\u00e1sil Matulionis.<\/span><\/span><\/em><\/p>\n<p><span dir=\"auto\">Poradce tak\u00e9 poznamenal, \u017ee jedn\u00e1n\u00ed s b\u011bloruskou stranou nep\u0159in\u00e1\u0161ej\u00ed v\u00fdsledky.<\/span><\/p>\n<p><em><span dir=\"auto\">\u201ePrezident u\u017e v\u010dera \u0159ekl: mluvit je zbyte\u010dn\u00e9. Mus\u00edme opravdu u\u010dinit rozhodnut\u00ed, kter\u00e1 budou m\u00edt dopad na B\u011blorusko,\u201c<\/span><span class=\"after-quote\"><span dir=\"auto\"> \u2014 domn\u00edv\u00e1 se prezidentsk\u00fd poradce.<\/span><\/span><\/em><\/p>\n<p><span dir=\"auto\">Mezit\u00edm uzav\u0159en\u00ed hranic v Litv\u011b ji\u017e vyvolalo nap\u011bt\u00ed v dopravn\u00edm sektoru. Prezidium Litevsk\u00e9 asociace silni\u010dn\u00edch dopravc\u016f (LINAVA) 11. listopadu po\u017eadovalo, aby \u00fa\u0159ady co nejd\u0159\u00edve zah\u00e1jily \u201ealespo\u0148 minim\u00e1ln\u00ed diplomatick\u00fd dialog s Minskem\u201c. Ve sv\u00e9m prohl\u00e1\u0161en\u00ed asociace uvedla, \u017ee rozhodnut\u00ed litevsk\u00e9 vl\u00e1dy uzav\u0159\u00edt hranici s B\u011bloruskem p\u0159edstavuje pro dopravce v\u00e1\u017enou ekonomickou blok\u00e1du. Proto po\u017eaduje otev\u0159en\u00ed alespo\u0148 jednoho hrani\u010dn\u00edho p\u0159echodu, zaji\u0161t\u011bn\u00ed ochrany a evakuace dopravc\u016f a vypracov\u00e1n\u00ed opat\u0159en\u00ed ke kompenzaci ztr\u00e1t.<\/span><\/p>\n<p><span dir=\"auto\">D\u00e1le \u0161\u00e9f organizace LINAVA\u00a0<\/span><strong><span dir=\"auto\">Erlandas Mik\u0117nas<\/span><\/strong><span dir=\"auto\">\u00a0poznamenal, \u017ee \u0159idi\u010di kamion\u016f jsou rozzlobeni sou\u010dasnou situac\u00ed na hranic\u00edch, a nevylou\u010dil mo\u017enost, \u017ee by \u0159idi\u010di kamion\u016f mohli v Litv\u011b blokovat silnice a po\u0159\u00e1dat dal\u0161\u00ed protesty. Uvedl, \u017ee rozhodnut\u00ed o blok\u00e1d\u011b silnic v Litv\u011b by mohlo b\u00fdt p\u0159ijato na sjezdu 12. listopadu.<\/span><\/p>\n<p><em><span dir=\"auto\">\u201eToto rozhodnut\u00ed nez\u00e1vis\u00ed na mn\u011b. Z\u00edtra budeme m\u00edt valnou hromadu \u010dlen\u016f \u2013 kongres \u2013 a jsme citliv\u00ed na n\u00e1ladu dopravc\u016f. Jsou zde n\u00e1vrhy na blok\u00e1dy silnic a podobn\u00e9 akce,\u201c<\/span><span class=\"after-quote\"><span dir=\"auto\">\u00a0\u2014 \u0159ekl Mikenas.<\/span><\/span><\/em><\/p>\n<p><span dir=\"auto\">Pro p\u0159ipomenut\u00ed, litevsk\u00e9 \u00fa\u0159ady 29. \u0159\u00edjna na m\u011bs\u00edc uzav\u0159ely silni\u010dn\u00ed hranici s B\u011bloruskem. Provoz p\u0159es hrani\u010dn\u00ed p\u0159echod \u0160al\u010dininkai (Benyakoni) byl zcela pozastaven a hrani\u010dn\u00ed p\u0159echod Medininkai (Kamenn\u00fd Log) byl uzav\u0159en a\u017e na v\u00fdjimky. V d\u016fsledku toho skon\u010dily v B\u011blorusku tis\u00edce litevsk\u00fdch kamion\u016f a n\u00e1v\u011bs\u016f. Minsk uvedl, \u017ee je p\u0159ipraven vyjedn\u00e1vat o \u0159e\u0161en\u00ed tohoto probl\u00e9mu.<\/span><\/p>\n<h2>Litva je p\u0159ipravena prodlou\u017eit uzav\u0159en\u00ed hranic s B\u011bloruskem, a to ke sv\u00e9 vlastn\u00ed \u0161kod\u011b<br \/>\n<img decoding=\"async\" loading=\"lazy\" class=\"aligncenter\" src=\"https:\/\/img7.eadaily.com\/c650x400\/o\/6b2\/7182a99a07c42b6178b4e1ee6deb2.jpeg\" width=\"702\" height=\"432\" \/><\/h2>\n<p class=\"lead\"><strong><span dir=\"auto\">Uzav\u0159en\u00ed litevsko-b\u011blorusk\u00e9 hranice m\u016f\u017ee b\u00fdt prodlou\u017eeno, pokud Minsk nespln\u00ed po\u017eadavky Vilniusu. Litevsk\u00e9 ministerstvo zahrani\u010d\u00ed o tom informovalo 11. listopadu.<\/span><\/strong><\/p>\n<p><span dir=\"auto\">Z\u00e1stupce b\u011blorusk\u00e9ho velvyslanectv\u00ed v Litv\u011b byl \u00fadajn\u011b p\u0159edvol\u00e1n na litevsk\u00e9 ministerstvo zahrani\u010dn\u00edch v\u011bc\u00ed, kde mu byla p\u0159ed\u00e1na protestn\u00ed n\u00f3ta ohledn\u011b naru\u0161en\u00ed vzdu\u0161n\u00e9ho prostoru. \u00da\u0159edn\u00edci ve Vilniusu uvedli, \u017ee na obloze nad Litvou byly op\u011bt detekov\u00e1ny horkovzdu\u0161n\u00e9 bal\u00f3ny, kter\u00e9 podle litevsk\u00e9 strany poch\u00e1zely z B\u011bloruska.<\/span><\/p>\n<p><em><span dir=\"auto\">\u201eV p\u0159\u00edpad\u011b opakovan\u00e9ho naru\u0161ov\u00e1n\u00ed hranic z \u00fazem\u00ed B\u011bloruska si litevsk\u00e1 vl\u00e1da vyhrazuje pr\u00e1vo prodlou\u017eit uzav\u0159en\u00ed hranic na del\u0161\u00ed dobu nebo vyu\u017e\u00edt dal\u0161\u00edch mo\u017enost\u00ed.\u201c<\/span><span class=\"after-quote\"><span dir=\"auto\">\u00a0\u2014 uv\u00e1d\u00ed se ve zpr\u00e1v\u011b.<\/span><\/span><\/em><\/p>\n<p><span dir=\"auto\">D\u00e1le \u0161\u00e9f ministerstva zahrani\u010d\u00ed pobaltsk\u00e9 republiky\u00a0<\/span><strong><span dir=\"auto\">K\u0119stutis Budrys<\/span><\/strong><span dir=\"auto\">\u00a0uvedl, \u017ee situace na litevsko-b\u011blorusk\u00e9 hranici p\u0159\u00edmo z\u00e1vis\u00ed na tom, co se d\u011bje v litevsk\u00e9m vzdu\u0161n\u00e9m prostoru.<\/span><\/p>\n<p><em><span dir=\"auto\">\u201eCo se stane ve vzduchu, stane se i na zemi. Pokud bude ve vzduchu v\u0161echno v po\u0159\u00e1dku, zm\u011bn\u00ed se i situace na zemi.\u201c<\/span><span class=\"after-quote\"><span dir=\"auto\"> \u2014 \u0159ekl.<\/span><\/span><\/em><\/p>\n<p><span dir=\"auto\">Podle ministra je Vilnius p\u0159ipraven p\u0159ehodnotit kroky p\u0159ijat\u00e9 v tomto ohledu.<\/span><\/p>\n<p><em><span dir=\"auto\">\u201eRozhodnut\u00ed uzav\u0159\u00edt hranici s B\u011bloruskem bylo reakc\u00ed na instrumentalizaci, kter\u00e1 ohro\u017eovala bezpe\u010dnost vzdu\u0161n\u00e9ho prostoru na\u0161\u00ed zem\u011b,\u201c<\/span><span class=\"after-quote\"><span dir=\"auto\">\u00a0\u2014 tvrd\u00ed Budrys.<\/span><\/span><\/em><\/p>\n<p><span dir=\"auto\">Pro p\u0159ipomenut\u00ed, Vilnius 29. \u0159\u00edjna jednostrann\u011b uzav\u0159el na m\u011bs\u00edc hranici s B\u011bloruskem. V d\u016fsledku toho v B\u011blorusku uv\u00edzlo n\u011bkolik tis\u00edc litevsk\u00fdch kamion\u016f, co\u017e hroz\u00ed kolapsem dopravn\u00edho pr\u016fmyslu zem\u011b a ztr\u00e1tami p\u0159ibli\u017en\u011b 1 miliardy eur.<\/span><\/p>\n<h2><img decoding=\"async\" loading=\"lazy\" class=\"alignnone size-full wp-image-1185\" src=\"http:\/\/www.infokuryr.cz\/n\/wp-content\/uploads\/2021\/04\/kuryr-podpis.png\" alt=\"\" width=\"84\" height=\"24\" \/><\/h2>\n<p>&nbsp;<\/p>\n","protected":false},"excerpt":{"rendered":"<p>Litva by nem\u011bla B\u011blorusku d\u011blat \u00fastupky, dokud Minsk nedovol\u00ed, aby zemi opustilo p\u0159ibli\u017en\u011b 1 000&#8230;<\/p>\n","protected":false},"author":2,"featured_media":92067,"comment_status":"closed","ping_status":"closed","sticky":false,"template":"","format":"standard","meta":[],"categories":[7],"tags":[150,804,1768,208],"_links":{"self":[{"href":"https:\/\/www.infokuryr.cz\/n\/wp-json\/wp\/v2\/posts\/92066"}],"collection":[{"href":"https:\/\/www.infokuryr.cz\/n\/wp-json\/wp\/v2\/posts"}],"about":[{"href":"https:\/\/www.infokuryr.cz\/n\/wp-json\/wp\/v2\/types\/post"}],"author":[{"embeddable":true,"href":"https:\/\/www.infokuryr.cz\/n\/wp-json\/wp\/v2\/users\/2"}],"replies":[{"embeddable":true,"href":"https:\/\/www.infokuryr.cz\/n\/wp-json\/wp\/v2\/comments?post=92066"}],"version-history":[{"count":0,"href":"https:\/\/www.infokuryr.cz\/n\/wp-json\/wp\/v2\/posts\/92066\/revisions"}],"wp:featuredmedia":[{"embeddable":true,"href":"https:\/\/www.infokuryr.cz\/n\/wp-json\/wp\/v2\/media\/92067"}],"wp:attachment":[{"href":"https:\/\/www.infokuryr.cz\/n\/wp-json\/wp\/v2\/media?parent=92066"}],"wp:term":[{"taxonomy":"category","embeddable":true,"href":"https:\/\/www.infokuryr.cz\/n\/wp-json\/wp\/v2\/categories?post=92066"},{"taxonomy":"post_tag","embeddable":true,"href":"https:\/\/www.infokuryr.cz\/n\/wp-json\/wp\/v2\/tags?post=92066"}],"curies":[{"name":"wp","href":"https:\/\/api.w.org\/{rel}","templated":true}]}}