{"id":92062,"date":"2025-11-12T06:36:49","date_gmt":"2025-11-12T05:36:49","guid":{"rendered":"https:\/\/www.infokuryr.cz\/n\/?p=92062"},"modified":"2025-11-12T06:36:49","modified_gmt":"2025-11-12T05:36:49","slug":"jindrich-kulhavy-zoufalci-delaji-zoufale-veci","status":"publish","type":"post","link":"https:\/\/www.infokuryr.cz\/n\/2025\/11\/12\/jindrich-kulhavy-zoufalci-delaji-zoufale-veci\/","title":{"rendered":"Jind\u0159ich Kulhav\u00fd: Zoufalci d\u011blaj\u00ed zoufal\u00e9 v\u011bci"},"content":{"rendered":"<div id=\"fb-root\"><\/div>\n<p><span class=\"anotation\">A\u0165 u\u017e kon\u010d\u00edc\u00ed vl\u00e1da u n\u00e1s, tak i ta ukrajinsk\u00e1 v Kyjevu, jsou v situaci, kdy jim mus\u00ed b\u00fdt jasn\u00e9, \u017ee nen\u00ed cesty zp\u011bt. Ob\u011b se dr\u017e\u00ed zuby nehty, co\u017e jen prodlu\u017euje ag\u00f3nii okol\u00ed. U n\u00e1s se neum\u00edr\u00e1, tedy pokud nev\u00edte v\u00edce o Kampeli\u010dce \u010di Dozimetru, nicm\u00e9n\u011b ekonomick\u00e9 n\u00e1sledky rabov\u00e1n\u00ed republiky jsou t\u00e9\u017e tragick\u00e9.<\/span><\/p>\n<div id=\"pagetext\">\n<p>Neochota p\u0159edat n\u00e1vrh n\u00e1rodn\u00edho rozpo\u010dtu v\u00edt\u011bz\u016fm voleb velkou \u010d\u00e1st ve\u0159ejnosti i odborn\u00edk\u016f doslova \u0161okuje. V\u011bt\u0161ina u\u017e pochopila, \u017ee jde o naprosto zjevnou snahu se mst\u00edt, ov\u0161em jsou tu i tac\u00ed, kter\u00e9 napadlo, zda li re\u00e1ln\u00e1 skica hospoda\u0159en\u00ed st\u00e1tu na p\u0159\u00ed\u0161t\u00ed rok v\u016fbec existuje. Mo\u017en\u00e1 si na\u0161i \u010dten\u00e1\u0159i pamatuj\u00ed, \u017ee predikci chyb\u011bj\u00edc\u00edch 100 miliard v n\u00e1vrhu jsme zve\u0159ejnili dva dny p\u0159edt\u00edm, ne\u017e o tom za\u010dali hovo\u0159it p\u0159edstavitel\u00e9 nov\u00e9 vl\u00e1dn\u00ed koalice. Byl to n\u00e1\u0161 tip, kter\u00fd p\u0159edb\u011bhl dobu a skoro se zd\u00e1, \u017ee bychom mohli v\u011b\u0161tit. A nyn\u00ed skute\u010dn\u011b uva\u017eujeme o tom, \u017ee Stanjura vypracoval jen velmi hrub\u00fd n\u00e1st\u0159el, nikoliv \u00fapln\u00fd n\u00e1vrh st\u00e1tn\u00edho rozpo\u010dtu, a nyn\u00ed hraj\u00ed o \u010das s t\u00edm, \u017ee se mo\u017en\u00e1 kdesi v koutu n\u011bco rychle tvo\u0159\u00ed. Rozhodn\u011b by to nebylo pro n\u011bkter\u00e9 z n\u00e1s p\u0159ekvapen\u00edm.<\/p>\n<p>Smutnou epizodou je chov\u00e1n\u00ed hradn\u00edho tandemu Kol\u00e1\u0159-Pavel. Op\u011bt si neodpustili pochvalu pro premi\u00e9ra v demisi Fialu za skute\u010dn\u011b kvalitn\u011b provedenou pr\u00e1ci v oblasti rozvoje a ekonomick\u00e9 stability \u010cesk\u00e9 republiky. Ne, to nen\u00ed vtip. Nav\u00edc se Pavel prezentoval na besed\u011b se studenty kritikou programov\u00e9ho prohl\u00e1\u0161en\u00ed nov\u00e9 vl\u00e1dy, co\u017e se i p\u0159\u00edznivc\u016fm liber\u00e1ln\u00ed svolo\u010de mus\u00ed zd\u00e1t b\u00fdt p\u0159ed\u010dasn\u00e9. Pravdou je, \u017ee ukrajinsk\u00fd velvyslanec na Pra\u017esk\u00e9m hradu Petr Pavel pat\u0159\u00ed ke skupin\u011b poslanc\u016f vyv\u011b\u0161uj\u00edc\u00edch i p\u0159es z\u00e1kaz p\u0159edsedy Sn\u011bmovny z oken sv\u00fdch kancel\u00e1\u0159\u00ed p\u0159\u00edmo v budov\u011b modro\u017elut\u00e9 vlajky, tak\u017ee mu v programu Babi\u0161ovy vl\u00e1dy chyb\u00ed texty vychvaluj\u00edc\u00ed kyjevskou juntu a vyjad\u0159uj\u00edc\u00ed ji podporu. Naopak naprosto ignoruje rozr\u016fstaj\u00edc\u00ed se korup\u010dn\u00ed skand\u00e1ly v instituc\u00edch, kter\u00e9 jsou \u00fazce v\u00e1zan\u00e9 na st\u00e1t a jejich veden\u00ed je dosazen\u00e9 politickou reprezentac\u00ed. K \u010dasto zmi\u0148ovan\u00fdm a n\u00e1mi ji\u017e v\u00fd\u0161e jmenovan\u00fdm nov\u011b p\u0159ibyly po razi\u00edch v s\u00eddlech ud\u00e1losti s krimin\u00e1ln\u00edm pozad\u00edm, a to v \u0158SD a ve VZP. Co firma, to pr\u016f\u0161vih. A podle toho tak\u00e9 prob\u00edh\u00e1 p\u0159ed\u00e1n\u00ed moci. P\u011btikoalice by nejrad\u0161i na p\u00e1r hodin v\u0161e zhasnula a a\u017e pozd\u011bji po \u00faklidu zase rozsv\u00edtila.<\/p>\n<p>Korupce spojuje na\u0161\u00ed vl\u00e1du s ukrajinskou. Vynechme rozs\u00e1hl\u00e9 odvody jdouc\u00ed z pen\u011bz \u010desk\u00fdch da\u0148ov\u00fdch poplatn\u00edk\u016f, z nich\u017e se jist\u011b \u010d\u00e1st po vypr\u00e1n\u00ed vr\u00e1tila zp\u011bt k t\u011bm, kte\u0159\u00ed o v\u00fdpomoci Zelensk\u00e9mu rozhodli. T\u00edm by se m\u011bla zab\u00fdvat Policie \u010cR. Ale asi a\u017e po v\u00fdm\u011bn\u011b jej\u00edho prezidenta. Mo\u017en\u00e1 by se mohla zapojit i BIS, to by v n\u00ed ale nesm\u011bl vl\u00e1dnout Koudelka. Jist\u00e9 je, \u017ee fanatick\u00e1 tvrdohlavost v tvrzen\u00ed, \u017ee Ukrajina n\u00e1s chr\u00e1n\u00ed p\u0159ed Ruskem, vych\u00e1z\u00ed u \u010d\u00e1sti politik\u016f z dutosti a u dal\u0161\u00edch z p\u0159ijet\u00ed z\u00e1vadn\u00e9 ideologie. Oboj\u00ed naprosto ignoruje skute\u010dnou realitu. Tou je, tedy mimo jin\u00e9, postup rusk\u00e9 arm\u00e1dy, jej\u00ed neskute\u010dn\u00e1 p\u0159ipravenost a s\u00edla, nulov\u00e1 \u0161ance Z\u00e1padu na vytla\u010den\u00ed Rus\u016f z jejich staronov\u00e9ho \u00fazem\u00ed a naprosto naivn\u00ed p\u0159edstava, \u017ee n\u011bkdy budeme profitovat z obnovy Ukrajiny.\u00a0 Naopak n\u00e1s \u010dek\u00e1 hromada probl\u00e9m\u016f s jej\u00edmi ob\u010dany, kte\u0159\u00ed se u n\u00e1s cht\u011bj\u00ed uhn\u00edzdit. Nyn\u00ed jen upozor\u0148ujeme, \u017ee nejde o p\u0159edsude\u010dnou nen\u00e1vist, jsou tac\u00ed, kter\u00fdch si v\u00e1\u017e\u00edme, nicm\u00e9n\u011b v\u0161eobecn\u011b lze o\u010dek\u00e1vat nedoz\u00edrn\u00e9 n\u00e1sledky Fialovy kr\u00e1tkozrakosti t\u00fdkaj\u00edc\u00ed se otev\u0159en\u00fdch dve\u0159\u00ed.<\/p>\n<p>Na samotn\u00e9 Ukrajin\u011b to v\u0159e. Rusov\u00e9 postupuj\u00ed, Ukrajinci na front\u011b um\u00edraj\u00ed nebo dezertuj\u00ed, Zelenskyj u\u017e neovl\u00e1d\u00e1 ani sv\u00e9 nejbli\u017e\u0161\u00ed spolupracovn\u00edky. Jeho popularita doma kles\u00e1 rychleji ne\u017e v Bruselu, ale Trump u\u017e od n\u011bj dal ruce pry\u010d \u00fapln\u011b. Postupn\u011b se st\u00e1le \u010dast\u011bji zve\u0159ej\u0148uj\u00ed informace o ob\u0159\u00ed korupci a velmi drsn\u00e9m rozkr\u00e1d\u00e1n\u00ed pen\u011bz z v\u00fdpomoci st\u00e1t\u016f EU. Ty se sice je\u0161t\u011b nevzdaly provokac\u00ed maj\u00edc\u00edch vyvolat v\u00e1lku s Ruskou federac\u00ed, nicm\u00e9n\u011b u\u017e i ony si v\u0161\u00edmaj\u00ed vysok\u00e9 m\u00edry defraudace sv\u00fdch pen\u011bz. Neutr\u00e1c\u00ed u\u017e jen Zelenskyj, kradou v\u0161ichni, kte\u0159\u00ed se dostanou ke zdroj\u016fm. V t\u00e9to situaci cht\u00edt pos\u00edlat na Ukrajinu t\u0159eba i jen desetikorunu je nesmysl. Nav\u00edc pro mnoh\u00e9 z n\u00e1s Rus nen\u00ed nep\u0159\u00edtel, ov\u0161em p\u0159\u00edpadn\u00e9 sympatie k Zelensk\u00e9mu jsou n\u011b\u010d\u00edm, co doslova zap\u00e1ch\u00e1 idioci\u00ed.<\/p>\n<p>Kyjevsk\u00fd re\u017eim se ot\u0159\u00e1s\u00e1 v z\u00e1kladech (kone\u010dn\u011b), m\u016f\u017ee se st\u00e1t cokoli. T\u0159eba p\u0159\u00edprava jadern\u00e9 \u010di p\u0159\u00edrodn\u00ed katastrof\u011b v podob\u011b \u00fatoku na vodn\u00ed p\u0159ehrady \u010di na z\u00e1poro\u017eskou jadernou elektr\u00e1rnu. Zelenskyj i Fiala jsou schopni \u0161kodit a\u017e do \u00fapln\u00e9ho konce. Oba ze\u0161\u00edleli a dle toho jejich konec vypad\u00e1. U n\u00e1s by m\u011bl expremi\u00e9r a p\u00e1r jeho spolupachatel\u016f z vl\u00e1dy skon\u010dit u soudu, Zelensk\u00e9ho si mo\u017en\u00e1 najde soudce Lyn\u010d. Jist\u00e9 je, \u017ee se nudit je\u0161t\u011b n\u011bjakou dobu nebudeme.<\/p>\n<p><a href=\"https:\/\/www.inadhled.live\/uvaha-dne\/zoufalci-delaji-zoufale-veci\/\">Jind\u0159ich Kulhav\u00fd<\/a><\/p>\n<p><img decoding=\"async\" loading=\"lazy\" class=\"alignnone size-full wp-image-48136\" src=\"http:\/\/www.infokuryr.cz\/n\/wp-content\/uploads\/2024\/02\/kulhavy-jindrich.jpg\" alt=\"\" width=\"219\" height=\"221\" srcset=\"https:\/\/www.infokuryr.cz\/n\/wp-content\/uploads\/2024\/02\/kulhavy-jindrich.jpg 219w, https:\/\/www.infokuryr.cz\/n\/wp-content\/uploads\/2024\/02\/kulhavy-jindrich-150x150.jpg 150w\" sizes=\"(max-width: 219px) 100vw, 219px\" \/><\/p>\n<p>&nbsp;<\/p>\n<\/div>\n","protected":false},"excerpt":{"rendered":"<p>A\u0165 u\u017e kon\u010d\u00edc\u00ed vl\u00e1da u n\u00e1s, tak i ta ukrajinsk\u00e1 v Kyjevu, jsou v situaci,&#8230;<\/p>\n","protected":false},"author":2,"featured_media":92063,"comment_status":"closed","ping_status":"closed","sticky":false,"template":"","format":"standard","meta":[],"categories":[6],"tags":[1497,1503,1173,99,1000],"_links":{"self":[{"href":"https:\/\/www.infokuryr.cz\/n\/wp-json\/wp\/v2\/posts\/92062"}],"collection":[{"href":"https:\/\/www.infokuryr.cz\/n\/wp-json\/wp\/v2\/posts"}],"about":[{"href":"https:\/\/www.infokuryr.cz\/n\/wp-json\/wp\/v2\/types\/post"}],"author":[{"embeddable":true,"href":"https:\/\/www.infokuryr.cz\/n\/wp-json\/wp\/v2\/users\/2"}],"replies":[{"embeddable":true,"href":"https:\/\/www.infokuryr.cz\/n\/wp-json\/wp\/v2\/comments?post=92062"}],"version-history":[{"count":0,"href":"https:\/\/www.infokuryr.cz\/n\/wp-json\/wp\/v2\/posts\/92062\/revisions"}],"wp:featuredmedia":[{"embeddable":true,"href":"https:\/\/www.infokuryr.cz\/n\/wp-json\/wp\/v2\/media\/92063"}],"wp:attachment":[{"href":"https:\/\/www.infokuryr.cz\/n\/wp-json\/wp\/v2\/media?parent=92062"}],"wp:term":[{"taxonomy":"category","embeddable":true,"href":"https:\/\/www.infokuryr.cz\/n\/wp-json\/wp\/v2\/categories?post=92062"},{"taxonomy":"post_tag","embeddable":true,"href":"https:\/\/www.infokuryr.cz\/n\/wp-json\/wp\/v2\/tags?post=92062"}],"curies":[{"name":"wp","href":"https:\/\/api.w.org\/{rel}","templated":true}]}}