{"id":92060,"date":"2025-11-12T06:34:36","date_gmt":"2025-11-12T05:34:36","guid":{"rendered":"https:\/\/www.infokuryr.cz\/n\/?p=92060"},"modified":"2025-11-12T06:34:36","modified_gmt":"2025-11-12T05:34:36","slug":"velke-turecke-vojenske-transportni-letadlo-spadlo-z-nebe","status":"publish","type":"post","link":"https:\/\/www.infokuryr.cz\/n\/2025\/11\/12\/velke-turecke-vojenske-transportni-letadlo-spadlo-z-nebe\/","title":{"rendered":"Velk\u00e9 tureck\u00e9 vojensk\u00e9 transportn\u00ed letadlo spadlo z nebe"},"content":{"rendered":"<div id=\"fb-root\"><\/div>\n<h3>Bylo potvrzeno, \u017ee v\u0161ech 20 lid\u00ed na palub\u011b C-130 zem\u0159elo<\/h3>\n<p data-start=\"204\" data-end=\"423\"><span dir=\"auto\">Tureck\u00e9 ministerstvo obrany ozn\u00e1milo, \u017ee se v \u00fater\u00fd v Gruzii z\u0159\u00edtil vojensk\u00fd transportn\u00ed letoun C-130 tureck\u00e9ho letectva.\u00a0<\/span><\/p>\n<p data-start=\"204\" data-end=\"423\"><span dir=\"auto\">Ministerstvo obrany pozd\u011bji potvrdilo, \u017ee v\u0161ech 20 osob na palub\u011b, v\u010detn\u011b pos\u00e1dky, zahynulo.<\/span><\/p>\n<p><span dir=\"auto\">Gruz\u00ednsk\u00e9 ministerstvo vnitra uvedlo, \u017ee letadlo vzl\u00e9tlo z \u00c1zerb\u00e1jd\u017e\u00e1nu a let\u011blo zp\u011bt do Turecka, kdy\u017e se z\u0159\u00edtilo v obci Sighnagi, asi 5 km od \u00e1zerb\u00e1jd\u017e\u00e1nsko-gruz\u00ednsk\u00e9 hranice.<\/span><\/p>\n<p data-start=\"870\" data-end=\"941\"><span dir=\"auto\">Video z m\u00edsta \u010dinu ukazuje, jak se velk\u00e9 letadlo spir\u00e1lovit\u011b \u0159\u00edt\u00ed k zemi.<\/span><\/p>\n<div class=\"rtcode\">\n<div class=\"twitter-tweet twitter-tweet-rendered\"><iframe id=\"twitter-widget-0\" class=\"\" title=\"X P\u0159\u00edsp\u011bvek\" src=\"https:\/\/platform.twitter.com\/embed\/Tweet.html?creatorScreenName=RT_com&amp;dnt=false&amp;embedId=twitter-widget-0&amp;features=eyJ0ZndfdGltZWxpbmVfbGlzdCI6eyJidWNrZXQiOltdLCJ2ZXJzaW9uIjpudWxsfSwidGZ3X2ZvbGxvd2VyX2NvdW50X3N1bnNldCI6eyJidWNrZXQiOnRydWUsInZlcnNpb24iOm51bGx9LCJ0ZndfdHdlZXRfZWRpdF9iYWNrZW5kIjp7ImJ1Y2tldCI6Im9uIiwidmVyc2lvbiI6bnVsbH0sInRmd19yZWZzcmNfc2Vzc2lvbiI6eyJidWNrZXQiOiJvbiIsInZlcnNpb24iOm51bGx9LCJ0ZndfZm9zbnJfc29mdF9pbnRlcnZlbnRpb25zX2VuYWJsZWQiOnsiYnVja2V0Ijoib24iLCJ2ZXJzaW9uIjpudWxsfSwidGZ3X21peGVkX21lZGlhXzE1ODk3Ijp7ImJ1Y2tldCI6InRyZWF0bWVudCIsInZlcnNpb24iOm51bGx9LCJ0ZndfZXhwZXJpbWVudHNfY29va2llX2V4cGlyYXRpb24iOnsiYnVja2V0IjoxMjA5NjAwLCJ2ZXJzaW9uIjpudWxsfSwidGZ3X3Nob3dfYmlyZHdhdGNoX3Bpdm90c19lbmFibGVkIjp7ImJ1Y2tldCI6Im9uIiwidmVyc2lvbiI6bnVsbH0sInRmd19kdXBsaWNhdGVfc2NyaWJlc190b19zZXR0aW5ncyI6eyJidWNrZXQiOiJvbiIsInZlcnNpb24iOm51bGx9LCJ0ZndfdXNlX3Byb2ZpbGVfaW1hZ2Vfc2hhcGVfZW5hYmxlZCI6eyJidWNrZXQiOiJvbiIsInZlcnNpb24iOm51bGx9LCJ0ZndfdmlkZW9faGxzX2R5bmFtaWNfbWFuaWZlc3RzXzE1MDgyIjp7ImJ1Y2tldCI6InRydWVfYml0cmF0ZSIsInZlcnNpb24iOm51bGx9LCJ0ZndfbGVnYWN5X3RpbWVsaW5lX3N1bnNldCI6eyJidWNrZXQiOnRydWUsInZlcnNpb24iOm51bGx9LCJ0ZndfdHdlZXRfZWRpdF9mcm9udGVuZCI6eyJidWNrZXQiOiJvbiIsInZlcnNpb24iOm51bGx9fQ%3D%3D&amp;frame=false&amp;hideCard=false&amp;hideThread=false&amp;id=1988228479234490570&amp;lang=cs&amp;maxWidth=560px&amp;origin=https%3A%2F%2Fwww.rt.com%2Fnews%2F627655-turkiye-military-plane-crash%2F&amp;sessionId=623c6b2b9cbae37fefb5218b30b716d693f5cf21&amp;siteScreenName=RT_com&amp;theme=light&amp;widgetsVersion=2615f7e52b7e0%3A1702314776716&amp;width=550px\" frameborder=\"0\" scrolling=\"no\" allowfullscreen=\"allowfullscreen\" data-tweet-id=\"1988228479234490570\" data-mce-fragment=\"1\"><\/iframe><\/div>\n<\/div>\n<p data-start=\"943\" data-end=\"1198\"><span dir=\"auto\">Podle zpravodajsk\u00e9 stanice NTV letadlo dorazilo do \u00c1zerb\u00e1jd\u017e\u00e1nu v \u00fater\u00fd r\u00e1no z tureck\u00e9ho m\u011bsta Trabzon na pob\u0159e\u017e\u00ed \u010cern\u00e9ho mo\u0159e. Z Gand\u017ei vzl\u00e9tlo v 13:20 m\u00edstn\u00edho \u010dasu a o 27 minut pozd\u011bji zmizelo z radaru, informovala NTV.<\/span><\/p>\n<p data-start=\"1200\" data-end=\"1398\"><span dir=\"auto\">Tureck\u00fd ministr vnitra Ali Yerlikaya uvedl, \u017ee na m\u00edsto nehody dorazil jeho gruz\u00ednsk\u00fd prot\u011bj\u0161ek Gela Geladze.\u00a0<\/span><em><span dir=\"auto\">\u201eVyjad\u0159uji soustrast na\u0161emu n\u00e1rodu a jejich rodin\u00e1m,\u201c<\/span><\/em><span dir=\"auto\">\u00a0napsal Yerlikaya na X.<\/span><\/p>\n<p data-start=\"1400\" data-end=\"1536\"><span dir=\"auto\">Tureck\u00fd prezident Recep Tayyip Erdogan uvedl, \u017ee operace na vyzvednut\u00ed trosek prob\u00edh\u00e1 ve spolupr\u00e1ci s gruz\u00ednsk\u00fdmi p\u0159edstaviteli.<\/span><\/p>\n<p data-start=\"1400\" data-end=\"1536\"><img decoding=\"async\" loading=\"lazy\" class=\"alignnone size-full wp-image-1185\" src=\"http:\/\/www.infokuryr.cz\/n\/wp-content\/uploads\/2021\/04\/kuryr-podpis.png\" alt=\"\" width=\"84\" height=\"24\" \/><\/p>\n<p data-start=\"1400\" data-end=\"1536\">\n","protected":false},"excerpt":{"rendered":"<p>Bylo potvrzeno, \u017ee v\u0161ech 20 lid\u00ed na palub\u011b C-130 zem\u0159elo Tureck\u00e9 ministerstvo obrany ozn\u00e1milo, \u017ee&#8230;<\/p>\n","protected":false},"author":2,"featured_media":92061,"comment_status":"closed","ping_status":"closed","sticky":false,"template":"","format":"standard","meta":[],"categories":[7],"tags":[1421,447,871,55],"_links":{"self":[{"href":"https:\/\/www.infokuryr.cz\/n\/wp-json\/wp\/v2\/posts\/92060"}],"collection":[{"href":"https:\/\/www.infokuryr.cz\/n\/wp-json\/wp\/v2\/posts"}],"about":[{"href":"https:\/\/www.infokuryr.cz\/n\/wp-json\/wp\/v2\/types\/post"}],"author":[{"embeddable":true,"href":"https:\/\/www.infokuryr.cz\/n\/wp-json\/wp\/v2\/users\/2"}],"replies":[{"embeddable":true,"href":"https:\/\/www.infokuryr.cz\/n\/wp-json\/wp\/v2\/comments?post=92060"}],"version-history":[{"count":0,"href":"https:\/\/www.infokuryr.cz\/n\/wp-json\/wp\/v2\/posts\/92060\/revisions"}],"wp:featuredmedia":[{"embeddable":true,"href":"https:\/\/www.infokuryr.cz\/n\/wp-json\/wp\/v2\/media\/92061"}],"wp:attachment":[{"href":"https:\/\/www.infokuryr.cz\/n\/wp-json\/wp\/v2\/media?parent=92060"}],"wp:term":[{"taxonomy":"category","embeddable":true,"href":"https:\/\/www.infokuryr.cz\/n\/wp-json\/wp\/v2\/categories?post=92060"},{"taxonomy":"post_tag","embeddable":true,"href":"https:\/\/www.infokuryr.cz\/n\/wp-json\/wp\/v2\/tags?post=92060"}],"curies":[{"name":"wp","href":"https:\/\/api.w.org\/{rel}","templated":true}]}}