{"id":92058,"date":"2025-11-12T06:32:33","date_gmt":"2025-11-12T05:32:33","guid":{"rendered":"https:\/\/www.infokuryr.cz\/n\/?p=92058"},"modified":"2025-11-12T06:32:33","modified_gmt":"2025-11-12T05:32:33","slug":"media-tvrdi-ze-spojene-kralovstvi-prestalo-sdilet-s-usa-zpravodajske-informace-o-drogovych-lodich","status":"publish","type":"post","link":"https:\/\/www.infokuryr.cz\/n\/2025\/11\/12\/media-tvrdi-ze-spojene-kralovstvi-prestalo-sdilet-s-usa-zpravodajske-informace-o-drogovych-lodich\/","title":{"rendered":"M\u00e9dia tvrd\u00ed, \u017ee Spojen\u00e9 kr\u00e1lovstv\u00ed p\u0159estalo sd\u00edlet s USA zpravodajsk\u00e9 informace o \u201edrogov\u00fdch lod\u00edch\u201c"},"content":{"rendered":"<div id=\"fb-root\"><\/div>\n<h3>Lond\u00fdn \u00fadajn\u011b nesouhlas\u00ed s \u00fadery prezidenta Donalda Trumpa na \u00fadajn\u00e9 lod\u011b kartelu<\/h3>\n<p data-start=\"165\" data-end=\"448\"><span dir=\"auto\">Spojen\u00e9 kr\u00e1lovstv\u00ed p\u0159estalo sd\u00edlet s USA zpravodajsk\u00e9 informace o podez\u0159el\u00fdch drogov\u00fdch lod\u00edch v Karibiku pot\u00e9, co Pentagon za\u010dal na tyto lod\u011b prov\u00e1d\u011bt smrt\u00edc\u00ed \u00fadery, informovaly v \u00fater\u00fd CNN a den\u00edk The Times s odvol\u00e1n\u00edm na zdroje obezn\u00e1men\u00e9 s touto z\u00e1le\u017eitost\u00ed.<\/span><\/p>\n<p data-start=\"692\" data-end=\"887\"><span dir=\"auto\">Spojen\u00e9 st\u00e1ty od z\u00e1\u0159\u00ed zabily v mezin\u00e1rodn\u00edch vod\u00e1ch nejm\u00e9n\u011b 76 lid\u00ed v r\u00e1mci kampan\u011b prezidenta Donalda Trumpa proti t\u011bm, kter\u00e9 ozna\u010duje za\u00a0<\/span><em><span dir=\"auto\">\u201enarkoteroristy\u201c<\/span><\/em><span dir=\"auto\">\u00a0operuj\u00edc\u00ed z Venezuely.<\/span><\/p>\n<p data-start=\"889\" data-end=\"1125\"><span dir=\"auto\">Podle CNN Lond\u00fdn pozastavil sd\u00edlen\u00ed zpravodajsk\u00fdch informac\u00ed, proto\u017ee se domn\u00edv\u00e1, \u017ee \u00fatoky jsou podle mezin\u00e1rodn\u00edho pr\u00e1va nez\u00e1konn\u00e9. Zdroj z britsk\u00e9 arm\u00e1dy \u0159ekl den\u00edku The Times:\u00a0<\/span><em><span dir=\"auto\">\u201eNejen\u017ee se zam\u011b\u0159\u00edme na lo\u010f a nezabijeme lidi. Zatkneme je.\u201c<\/span><\/em><\/p>\n<p data-start=\"1127\" data-end=\"1297\"><span dir=\"auto\">Spojen\u00e9 kr\u00e1lovstv\u00ed vyu\u017eilo zpravodajsk\u00e9 prost\u0159edky um\u00edst\u011bn\u00e9 na sv\u00fdch karibsk\u00fdch z\u00e1mo\u0159sk\u00fdch \u00fazem\u00edch k pomoci americk\u00e9 pob\u0159e\u017en\u00ed str\u00e1\u017ei zachycovat plavidla podez\u0159el\u00e1 z pa\u0161ov\u00e1n\u00ed drog, informuje CNN.<\/span><\/p>\n<p data-start=\"1299\" data-end=\"1619\"><span dir=\"auto\">Nejvy\u0161\u0161\u00ed p\u0159edstavitel OSN pro lidsk\u00e1 pr\u00e1va Volker T\u00fcrk \u00fatoky odsoudil jako\u00a0<\/span><em><span dir=\"auto\">\u201emimosoudn\u00ed zab\u00edjen\u00ed\u201c.<\/span><\/em><\/p>\n<p data-start=\"1299\" data-end=\"1619\"><span dir=\"auto\">Venezuela a sousedn\u00ed Kolumbie pop\u0159ely, \u017ee by ob\u011bti byly zapojeny do kartel\u016f. Venezuelsk\u00fd prezident Nicolas Maduro odm\u00edtl Trumpova tvrzen\u00ed, \u017ee jeho vl\u00e1da profituje z obchodu s drogami.<\/span><\/p>\n<p data-start=\"1621\" data-end=\"1914\"><span dir=\"auto\">Trump nasadil pobl\u00ed\u017e pob\u0159e\u017e\u00ed Venezuely n\u00e1mo\u0159n\u00ed arm\u00e1du, v\u010detn\u011b USS Gerald R. Ford, \u010d\u00edm\u017e nazna\u010duje, \u017ee by mohl schv\u00e1lit \u00fadery na venezuelsk\u00e9 p\u016fd\u011b. Pop\u00edr\u00e1 v\u0161ak, \u017ee by usiloval o zm\u011bnu re\u017eimu. Maduro uvedl arm\u00e1du do pohotovosti a sl\u00edbil, \u017ee jak\u00fdkoli \u00fatok odraz\u00ed.<\/span><\/p>\n<p data-start=\"1621\" data-end=\"1914\"><img decoding=\"async\" loading=\"lazy\" class=\"alignnone size-full wp-image-1185\" src=\"http:\/\/www.infokuryr.cz\/n\/wp-content\/uploads\/2021\/04\/kuryr-podpis.png\" alt=\"\" width=\"84\" height=\"24\" \/><\/p>\n<p data-start=\"1621\" data-end=\"1914\">\n","protected":false},"excerpt":{"rendered":"<p>Lond\u00fdn \u00fadajn\u011b nesouhlas\u00ed s \u00fadery prezidenta Donalda Trumpa na \u00fadajn\u00e9 lod\u011b kartelu Spojen\u00e9 kr\u00e1lovstv\u00ed p\u0159estalo&#8230;<\/p>\n","protected":false},"author":2,"featured_media":92059,"comment_status":"closed","ping_status":"closed","sticky":false,"template":"","format":"standard","meta":[],"categories":[7],"tags":[158,37,303,10071],"_links":{"self":[{"href":"https:\/\/www.infokuryr.cz\/n\/wp-json\/wp\/v2\/posts\/92058"}],"collection":[{"href":"https:\/\/www.infokuryr.cz\/n\/wp-json\/wp\/v2\/posts"}],"about":[{"href":"https:\/\/www.infokuryr.cz\/n\/wp-json\/wp\/v2\/types\/post"}],"author":[{"embeddable":true,"href":"https:\/\/www.infokuryr.cz\/n\/wp-json\/wp\/v2\/users\/2"}],"replies":[{"embeddable":true,"href":"https:\/\/www.infokuryr.cz\/n\/wp-json\/wp\/v2\/comments?post=92058"}],"version-history":[{"count":0,"href":"https:\/\/www.infokuryr.cz\/n\/wp-json\/wp\/v2\/posts\/92058\/revisions"}],"wp:featuredmedia":[{"embeddable":true,"href":"https:\/\/www.infokuryr.cz\/n\/wp-json\/wp\/v2\/media\/92059"}],"wp:attachment":[{"href":"https:\/\/www.infokuryr.cz\/n\/wp-json\/wp\/v2\/media?parent=92058"}],"wp:term":[{"taxonomy":"category","embeddable":true,"href":"https:\/\/www.infokuryr.cz\/n\/wp-json\/wp\/v2\/categories?post=92058"},{"taxonomy":"post_tag","embeddable":true,"href":"https:\/\/www.infokuryr.cz\/n\/wp-json\/wp\/v2\/tags?post=92058"}],"curies":[{"name":"wp","href":"https:\/\/api.w.org\/{rel}","templated":true}]}}