{"id":92056,"date":"2025-11-12T06:30:44","date_gmt":"2025-11-12T05:30:44","guid":{"rendered":"https:\/\/www.infokuryr.cz\/n\/?p=92056"},"modified":"2025-11-12T06:30:44","modified_gmt":"2025-11-12T05:30:44","slug":"modi-slibuje-nemilosrdenstvi-po-vybuchu-v-indickem-hlavnim-meste-ktery-zabil-12-lidi","status":"publish","type":"post","link":"https:\/\/www.infokuryr.cz\/n\/2025\/11\/12\/modi-slibuje-nemilosrdenstvi-po-vybuchu-v-indickem-hlavnim-meste-ktery-zabil-12-lidi\/","title":{"rendered":"Modi slibuje nemilosrdenstv\u00ed po v\u00fdbuchu v indick\u00e9m hlavn\u00edm m\u011bst\u011b, kter\u00fd zabil 12 lid\u00ed"},"content":{"rendered":"<div id=\"fb-root\"><\/div>\n<h3>Indick\u00fd premi\u00e9r uvedl, \u017ee je v kontaktu s agenturami, kter\u00e9 v\u00fdbuch vy\u0161et\u0159uj\u00ed<\/h3>\n<div class=\"article__text text \">\n<p><span dir=\"auto\">Indick\u00fd premi\u00e9r Narendra Modi prohl\u00e1sil, \u017ee osoby odpov\u011bdn\u00e9 za v\u00fdbuch, p\u0159i kter\u00e9m v pond\u011bl\u00ed v Dill\u00ed zahynulo 12 lid\u00ed, budou\u00a0<\/span><em><span dir=\"auto\">\u201epostaveny p\u0159ed soud\u201c.<\/span><\/em><\/p>\n<p><span dir=\"auto\">Modi, kter\u00fd je na ofici\u00e1ln\u00ed n\u00e1v\u0161t\u011bv\u011b Bh\u00fat\u00e1nu, uvedl, \u017ee je v kontaktu s agenturami, kter\u00e9 incident vy\u0161et\u0159uj\u00ed.\u00a0<\/span><em><span dir=\"auto\">\u201eNa\u0161e agentury se dostanou k j\u00e1dru v\u011bci,\u201c<\/span><\/em><span dir=\"auto\">\u00a0\u0159ekl.\u00a0<\/span><em><span dir=\"auto\">\u201eVin\u00edci nebudou u\u0161et\u0159eni. V\u0161ichni vin\u00edci budou postaveni p\u0159ed soud.\u201c<\/span><\/em><\/p>\n<p><span dir=\"auto\">Indick\u00e1 policie vy\u0161et\u0159uje smrt\u00edc\u00ed v\u00fdbuch auta v Dill\u00ed na z\u00e1klad\u011b z\u00e1kona zam\u011b\u0159en\u00e9ho na boj proti terorismu, uvedla m\u00edstn\u00ed m\u00e9dia. P\u0159i v\u00fdbuchu v hust\u011b os\u00eddlen\u00e9 oblasti Dill\u00ed byly zran\u011bny des\u00edtky lid\u00ed.<\/span><\/p>\n<p><span dir=\"auto\">Indick\u00e9 televizn\u00ed kan\u00e1ly uvedly, \u017ee byl zaregistrov\u00e1n p\u0159\u00edpad podle z\u00e1kona o prevenci nez\u00e1konn\u00fdch aktivit (UAPA), kter\u00fd byl p\u0159ijat v roce 1967 za \u00fa\u010delem boje proti \u00fadajn\u00fdm teroristick\u00fdm \u010din\u016fm. Ministr vnitra Amit \u0160\u00e1h v pond\u011bl\u00ed uvedl, \u017ee se vy\u0161et\u0159uj\u00ed\u00a0<\/span><em><span dir=\"auto\">\u201ev\u0161echny aspekty\u201c<\/span><\/em><span dir=\"auto\">\u00a0a bezpe\u010dnostn\u00ed slo\u017eky brzy dojdou k z\u00e1v\u011bru.<\/span><\/p>\n<p><span dir=\"auto\">A\u010dkoli p\u0159\u00ed\u010dina a pachatel\u00e9 v\u00fdbuchu jsou st\u00e1le nezn\u00e1m\u00ed, zpr\u00e1vy indick\u00fdch m\u00e9di\u00ed uv\u00e1d\u011bj\u00ed, \u017ee k n\u011bmu do\u0161lo ve stejn\u00fd den, kdy policie objevila 2 900 kg v\u00fdbu\u0161nin ve Faridabadu, 50 km od indick\u00e9 metropole. Zabaven\u00ed bylo sou\u010d\u00e1st\u00ed protiteroristick\u00e9 operace veden\u00e9 polici\u00ed z D\u017eamm\u00fa, Ka\u0161m\u00edru a Harij\u00e1ny.\u00a0<\/span><\/p>\n<p><span dir=\"auto\">V souvislosti s rozpt\u00fdlen\u00edm byli \u00fadajn\u011b zat\u010deni dva jednotlivci, univerzitn\u00ed profesor a l\u00e9ka\u0159. B\u00fdval\u00fd gener\u00e1ln\u00ed \u0159editel policie v D\u017eamm\u00fa a Ka\u0161m\u00edru SP Vaid uvedl, \u017ee podez\u0159el\u00ed jsou pravd\u011bpodobn\u011b spojeni s p\u00e1kist\u00e1nsk\u00fdm\u00a0<\/span><em><span dir=\"auto\">\u201ehlubok\u00fdm st\u00e1tem\u201c<\/span><\/em><span dir=\"auto\">\u00a0a \u017ee zabaven\u00e9 v\u00fdbu\u0161niny byly ur\u010deny k pou\u017eit\u00ed p\u0159i teroristick\u00e9m \u00fatoku. Z\u00e1kon UAPA byl v srpnu 2019 novelizov\u00e1n indickou vl\u00e1dou a dopln\u011bn o ustanoven\u00ed o ozna\u010den\u00ed jednotlivce za teroristu. P\u0159ed touto novelou mohly b\u00fdt za teroristy ozna\u010deny pouze organizace.<\/span><\/p>\n<p><span dir=\"auto\">P\u0159esto\u017ee p\u0159i incidentu, kter\u00fd vy\u0161et\u0159uj\u00ed m\u00edstn\u00ed \u00fa\u0159ady, bylo zabito nejm\u00e9n\u011b 12 lid\u00ed a mnoho dal\u0161\u00edch bylo zran\u011bno, mohl b\u00fdt rozsah trag\u00e9die v\u011bt\u0161\u00ed, nazna\u010dil vojensk\u00fd analytik.<\/span><\/p>\n<p><span dir=\"auto\">Indick\u00fd ministr vnitra Amit \u0160\u00e1h d\u0159\u00edve v \u00fater\u00fd na\u0159\u00eddil \u00fa\u0159edn\u00edk\u016fm, aby\u00a0<\/span><em><span dir=\"auto\">\u201evyp\u00e1trali ka\u017ed\u00e9ho jednotliv\u00e9ho vin\u00edka\u201c<\/span><\/em><span dir=\"auto\">\u00a0za v\u00fdbuchem. Premi\u00e9r Narendra M\u00f3d\u00ed sl\u00edbil, \u017ee indick\u00e9 agentury\u00a0<\/span><em><span dir=\"auto\">\u201ese dostanou na kloub tomuto spiknut\u00ed\u201c<\/span><\/em><span dir=\"auto\">\u00a0a\u00a0<\/span><em><span dir=\"auto\">\u201eti, kdo jsou zodpov\u011bdn\u00ed, nebudou u\u0161et\u0159eni\u201c.<\/span><\/em><\/p>\n<p><span dir=\"auto\">Je nepravd\u011bpodobn\u00e9, \u017ee by v\u00fdbuch auta v indick\u00e9m hlavn\u00edm m\u011bst\u011b byl sebevra\u017eedn\u00fd \u00fatok, informovala tiskov\u00e1 agentura ANI s odvol\u00e1n\u00edm na sv\u00e9 zdroje. Zd\u00e1 se, \u017ee k explozi do\u0161lo v d\u016fsledku jedn\u00e1n\u00ed podez\u0159el\u00e9ho\u00a0<\/span><em><span dir=\"auto\">\u201eukvapen\u011b pod tlakem\u201c<\/span><\/em><span dir=\"auto\">\u00a0po ned\u00e1vn\u00fdch razi\u00edch indick\u00fdch bezpe\u010dnostn\u00edch slo\u017eek. Zpr\u00e1va rovn\u011b\u017e uv\u00e1d\u00ed, \u017ee bomba nebyla\u00a0<\/span><em><span dir=\"auto\">\u201epln\u011b vyvinuta\u201c,<\/span><\/em><span dir=\"auto\">\u00a0co\u017e omezilo jej\u00ed dopad.<\/span><\/p>\n<p><span dir=\"auto\">D\u0159\u00edv\u011bj\u0161\u00ed zpr\u00e1vy nazna\u010dovaly, \u017ee k v\u00fdbuchu do\u0161lo v oblasti \u010cerven\u00e9 pevnosti v Dill\u00ed kr\u00e1tce po policejn\u00ed razii ve Faridabadu v Harij\u00e1n\u011b, kde \u00fa\u0159ady zajistily p\u0159es 2 900 kg podez\u0159el\u00e9ho dusi\u010dnanu amonn\u00e9ho, \u200b\u200b\u00fato\u010dnou pu\u0161ku a velkou z\u00e1sobu zbran\u00ed. V souvislosti s raziemi byla provedena \u0159ada zat\u010den\u00ed, v\u010detn\u011b n\u011bkolika l\u00e9ka\u0159\u016f, kte\u0159\u00ed byli \u00fadajn\u011b\u00a0<\/span><em><span dir=\"auto\">\u201eradikalizov\u00e1ni\u201c<\/span><\/em><span dir=\"auto\">\u00a0k prov\u00e1d\u011bn\u00ed teroristick\u00fdch aktivit.<\/span><\/p>\n<p><span dir=\"auto\">D\u0159\u00edve v \u00fater\u00fd p\u0159evzala vy\u0161et\u0159ov\u00e1n\u00ed v\u00fdbuchu, p\u0159i kter\u00e9m zahynulo nejm\u00e9n\u011b 12 lid\u00ed a bylo zran\u011bno p\u0159es 20, p\u0159edn\u00ed indick\u00e1 protiteroristick\u00e1 agentura, N\u00e1rodn\u00ed vy\u0161et\u0159ovac\u00ed agentura.<\/span><\/p>\n<\/div>\n<div class=\"article__updates-dates\">\n<div class=\"updates-dates__des\">\n<div class=\"js-listing\">\n<div class=\"js-listing__content\">\n<div class=\"updates-dates\">\n<div class=\"updates-dates__text text\">\n<p><img decoding=\"async\" loading=\"lazy\" class=\"alignnone size-full wp-image-1185\" src=\"http:\/\/www.infokuryr.cz\/n\/wp-content\/uploads\/2021\/04\/kuryr-podpis.png\" alt=\"\" width=\"84\" height=\"24\" \/><\/p>\n<p>&nbsp;<\/p>\n<\/div>\n<\/div>\n<\/div>\n<\/div>\n<\/div>\n<\/div>\n","protected":false},"excerpt":{"rendered":"<p>Indick\u00fd premi\u00e9r uvedl, \u017ee je v kontaktu s agenturami, kter\u00e9 v\u00fdbuch vy\u0161et\u0159uj\u00ed Indick\u00fd premi\u00e9r Narendra&#8230;<\/p>\n","protected":false},"author":2,"featured_media":92057,"comment_status":"closed","ping_status":"closed","sticky":false,"template":"","format":"standard","meta":[],"categories":[7],"tags":[79,6415,871,2703,300],"_links":{"self":[{"href":"https:\/\/www.infokuryr.cz\/n\/wp-json\/wp\/v2\/posts\/92056"}],"collection":[{"href":"https:\/\/www.infokuryr.cz\/n\/wp-json\/wp\/v2\/posts"}],"about":[{"href":"https:\/\/www.infokuryr.cz\/n\/wp-json\/wp\/v2\/types\/post"}],"author":[{"embeddable":true,"href":"https:\/\/www.infokuryr.cz\/n\/wp-json\/wp\/v2\/users\/2"}],"replies":[{"embeddable":true,"href":"https:\/\/www.infokuryr.cz\/n\/wp-json\/wp\/v2\/comments?post=92056"}],"version-history":[{"count":0,"href":"https:\/\/www.infokuryr.cz\/n\/wp-json\/wp\/v2\/posts\/92056\/revisions"}],"wp:featuredmedia":[{"embeddable":true,"href":"https:\/\/www.infokuryr.cz\/n\/wp-json\/wp\/v2\/media\/92057"}],"wp:attachment":[{"href":"https:\/\/www.infokuryr.cz\/n\/wp-json\/wp\/v2\/media?parent=92056"}],"wp:term":[{"taxonomy":"category","embeddable":true,"href":"https:\/\/www.infokuryr.cz\/n\/wp-json\/wp\/v2\/categories?post=92056"},{"taxonomy":"post_tag","embeddable":true,"href":"https:\/\/www.infokuryr.cz\/n\/wp-json\/wp\/v2\/tags?post=92056"}],"curies":[{"name":"wp","href":"https:\/\/api.w.org\/{rel}","templated":true}]}}