{"id":92045,"date":"2025-11-12T06:02:41","date_gmt":"2025-11-12T05:02:41","guid":{"rendered":"https:\/\/www.infokuryr.cz\/n\/?p=92045"},"modified":"2025-11-12T06:02:41","modified_gmt":"2025-11-12T05:02:41","slug":"pakistansky-taliban-se-prihlasil-k-sebevrazednemu-utoku-v-islamabadu","status":"publish","type":"post","link":"https:\/\/www.infokuryr.cz\/n\/2025\/11\/12\/pakistansky-taliban-se-prihlasil-k-sebevrazednemu-utoku-v-islamabadu\/","title":{"rendered":"P\u00e1kist\u00e1nsk\u00fd T\u00e1lib\u00e1n se p\u0159ihl\u00e1sil k sebevra\u017eedn\u00e9mu \u00fatoku v Isl\u00e1m\u00e1b\u00e1du"},"content":{"rendered":"<div id=\"fb-root\"><\/div>\n<h3>\u00da\u0159edn\u00edci uvedli, \u017ee p\u0159i v\u00fdbuchu p\u0159ed budovou soudu bylo zabito nejm\u00e9n\u011b 12 lid\u00ed a 27 zran\u011bno<\/h3>\n<p><span dir=\"auto\">P\u00e1kist\u00e1nsk\u00fd T\u00e1lib\u00e1n se v \u00fater\u00fd p\u0159ihl\u00e1sil k odpov\u011bdnosti za sebevra\u017eedn\u00fd bombov\u00fd \u00fatok v p\u00e1kist\u00e1nsk\u00e9m hlavn\u00edm m\u011bst\u011b Isl\u00e1m\u00e1b\u00e1du. P\u0159i \u00fatoku zem\u0159elo nejm\u00e9n\u011b 12 lid\u00ed a 27 bylo zran\u011bno, uvedl ministr vnitra Mohsin Naqvi.<\/span><\/p>\n<p><span dir=\"auto\">K incidentu do\u0161lo p\u0159ed budovou soudu v sektoru G-11. Naqvi uvedl, \u017ee \u00fato\u010dn\u00edk pl\u00e1noval vstoupit do budovy soudu, ale pot\u00e9, co se mu nepoda\u0159ilo dostat se dovnit\u0159, se odp\u00e1lil pobl\u00ed\u017e policejn\u00ed dod\u00e1vky p\u0159ed komplexem.<\/span><\/p>\n<p><span dir=\"auto\">Bylo zah\u00e1jeno vy\u0161et\u0159ov\u00e1n\u00ed s c\u00edlem zjistit toto\u017enost \u00fato\u010dn\u00edka.<\/span><\/p>\n<div class=\"rtcode\">\n<div class=\"twitter-tweet twitter-tweet-rendered\"><iframe id=\"twitter-widget-0\" class=\"\" title=\"X P\u0159\u00edsp\u011bvek\" src=\"https:\/\/platform.twitter.com\/embed\/Tweet.html?creatorScreenName=RT_com&amp;dnt=false&amp;embedId=twitter-widget-0&amp;features=eyJ0ZndfdGltZWxpbmVfbGlzdCI6eyJidWNrZXQiOltdLCJ2ZXJzaW9uIjpudWxsfSwidGZ3X2ZvbGxvd2VyX2NvdW50X3N1bnNldCI6eyJidWNrZXQiOnRydWUsInZlcnNpb24iOm51bGx9LCJ0ZndfdHdlZXRfZWRpdF9iYWNrZW5kIjp7ImJ1Y2tldCI6Im9uIiwidmVyc2lvbiI6bnVsbH0sInRmd19yZWZzcmNfc2Vzc2lvbiI6eyJidWNrZXQiOiJvbiIsInZlcnNpb24iOm51bGx9LCJ0ZndfZm9zbnJfc29mdF9pbnRlcnZlbnRpb25zX2VuYWJsZWQiOnsiYnVja2V0Ijoib24iLCJ2ZXJzaW9uIjpudWxsfSwidGZ3X21peGVkX21lZGlhXzE1ODk3Ijp7ImJ1Y2tldCI6InRyZWF0bWVudCIsInZlcnNpb24iOm51bGx9LCJ0ZndfZXhwZXJpbWVudHNfY29va2llX2V4cGlyYXRpb24iOnsiYnVja2V0IjoxMjA5NjAwLCJ2ZXJzaW9uIjpudWxsfSwidGZ3X3Nob3dfYmlyZHdhdGNoX3Bpdm90c19lbmFibGVkIjp7ImJ1Y2tldCI6Im9uIiwidmVyc2lvbiI6bnVsbH0sInRmd19kdXBsaWNhdGVfc2NyaWJlc190b19zZXR0aW5ncyI6eyJidWNrZXQiOiJvbiIsInZlcnNpb24iOm51bGx9LCJ0ZndfdXNlX3Byb2ZpbGVfaW1hZ2Vfc2hhcGVfZW5hYmxlZCI6eyJidWNrZXQiOiJvbiIsInZlcnNpb24iOm51bGx9LCJ0ZndfdmlkZW9faGxzX2R5bmFtaWNfbWFuaWZlc3RzXzE1MDgyIjp7ImJ1Y2tldCI6InRydWVfYml0cmF0ZSIsInZlcnNpb24iOm51bGx9LCJ0ZndfbGVnYWN5X3RpbWVsaW5lX3N1bnNldCI6eyJidWNrZXQiOnRydWUsInZlcnNpb24iOm51bGx9LCJ0ZndfdHdlZXRfZWRpdF9mcm9udGVuZCI6eyJidWNrZXQiOiJvbiIsInZlcnNpb24iOm51bGx9fQ%3D%3D&amp;frame=false&amp;hideCard=false&amp;hideThread=false&amp;id=1988164357235044361&amp;lang=cs&amp;maxWidth=560px&amp;origin=https%3A%2F%2Fwww.rt.com%2Fnews%2F627614-pakistan-blast-car-islamabad%2F&amp;sessionId=75895b55fdee6473fd3b05d22a49e004da85c9fd&amp;siteScreenName=RT_com&amp;theme=light&amp;widgetsVersion=2615f7e52b7e0%3A1702314776716&amp;width=550px\" frameborder=\"0\" scrolling=\"no\" allowfullscreen=\"allowfullscreen\" data-tweet-id=\"1988164357235044361\" data-mce-fragment=\"1\"><\/iframe><\/div>\n<\/div>\n<p><span dir=\"auto\">P\u00e1kist\u00e1nsk\u00fd T\u00e1lib\u00e1n (TTP), d\u017eih\u00e1distick\u00e1 teroristick\u00e1 organizace p\u016fsob\u00edc\u00ed p\u0159edev\u0161\u00edm pod\u00e9l afgh\u00e1nsko-p\u00e1kist\u00e1nsk\u00e9 hranice, se od t\u00e9 doby p\u0159ihl\u00e1sila k bombov\u00e9mu \u00fatoku s t\u00edm, \u017ee jeho c\u00edlem byli\u00a0<\/span><em><span dir=\"auto\">\u201esoudci, pr\u00e1vn\u00edci a \u00fa\u0159edn\u00edci, kte\u0159\u00ed vykon\u00e1vali rozhodnut\u00ed podle p\u00e1kist\u00e1nsk\u00fdch neisl\u00e1msk\u00fdch z\u00e1kon\u016f\u201c,<\/span><\/em><span dir=\"auto\">\u00a0uv\u00e1d\u00ed Al Arabiya. TTP sl\u00edbil dal\u0161\u00ed \u00fatoky, dokud nebude v zemi pln\u011b zavedeno isl\u00e1msk\u00e9 pr\u00e1vo.<\/span><\/p>\n<p><span dir=\"auto\">P\u00e1kist\u00e1nsk\u00fd premi\u00e9r Muhammad \u0160ehb\u00e1z \u0160ar\u00edf \u00fatok odsoudil a na\u0159\u00eddil d\u016fkladn\u00e9 vy\u0161et\u0159ov\u00e1n\u00ed incidentu. Sl\u00edbil, \u017ee pachatel\u00e9 budou pohn\u00e1ni p\u0159ed soud. \u00datok tak\u00e9 spojil s jin\u00fdm incidentem ve m\u011bst\u011b Wana, k n\u011bmu\u017e do\u0161lo v pond\u011bl\u00ed, kdy se sebevra\u017eedn\u00fd atent\u00e1tn\u00edk pokusil odp\u00e1lit sebevra\u017eedn\u00fd atent\u00e1tn\u00edk ve \u0161kole. \u0160ar\u00edf tvrdil, \u017ee a\u010dkoli oba \u00fatoky poch\u00e1zely z Afgh\u00e1nist\u00e1nu, byly podn\u00edceny Indi\u00ed.<\/span><\/p>\n<p><span dir=\"auto\">P\u00e1kist\u00e1nsk\u00fd ministr obrany Khawaja Asif tak\u00e9 spojil v\u00fdbuch s Afgh\u00e1nist\u00e1nem. V p\u0159\u00edsp\u011bvku na X uvedl, \u017ee\u00a0<\/span><em><span dir=\"auto\">\u201esebevra\u017eedn\u00fd \u00fatok\u201c<\/span><\/em><span dir=\"auto\">\u00a0na okresn\u00ed soud v Isl\u00e1m\u00e1b\u00e1du je\u00a0<\/span><em><span dir=\"auto\">\u201ebud\u00ed\u010dkem\u201c<\/span><\/em><span dir=\"auto\">\u00a0, \u017ee konflikt v afgh\u00e1nsko-p\u00e1kist\u00e1nsk\u00e9 pohrani\u010dn\u00ed oblasti Bal\u00fa\u010dist\u00e1n je\u00a0<\/span><em><span dir=\"auto\">\u201ev\u00e1lkou za cel\u00fd P\u00e1kist\u00e1n\u201c.<\/span><\/em><\/p>\n<p><em><span dir=\"auto\">\u201eVl\u00e1dci K\u00e1bulu mohou zastavit terorismus v P\u00e1kist\u00e1nu, ale p\u0159enesen\u00ed t\u00e9to v\u00e1lky a\u017e do Isl\u00e1m\u00e1b\u00e1du je vzkazem z K\u00e1bulu, na kter\u00fd \u2013 chv\u00e1la Bohu \u2013 m\u00e1 P\u00e1kist\u00e1n plnou s\u00edlu reagovat,\u201c<\/span><\/em><span dir=\"auto\">\u00a0\u0159ekl.<\/span><\/p>\n<p><img decoding=\"async\" loading=\"lazy\" class=\"alignnone size-full wp-image-1185\" src=\"http:\/\/www.infokuryr.cz\/n\/wp-content\/uploads\/2021\/04\/kuryr-podpis.png\" alt=\"\" width=\"84\" height=\"24\" \/><\/p>\n<p>&nbsp;<\/p>\n","protected":false},"excerpt":{"rendered":"<p>\u00da\u0159edn\u00edci uvedli, \u017ee p\u0159i v\u00fdbuchu p\u0159ed budovou soudu bylo zabito nejm\u00e9n\u011b 12 lid\u00ed a 27&#8230;<\/p>\n","protected":false},"author":2,"featured_media":92046,"comment_status":"closed","ping_status":"closed","sticky":false,"template":"","format":"standard","meta":[],"categories":[7],"tags":[871,129,227,2703],"_links":{"self":[{"href":"https:\/\/www.infokuryr.cz\/n\/wp-json\/wp\/v2\/posts\/92045"}],"collection":[{"href":"https:\/\/www.infokuryr.cz\/n\/wp-json\/wp\/v2\/posts"}],"about":[{"href":"https:\/\/www.infokuryr.cz\/n\/wp-json\/wp\/v2\/types\/post"}],"author":[{"embeddable":true,"href":"https:\/\/www.infokuryr.cz\/n\/wp-json\/wp\/v2\/users\/2"}],"replies":[{"embeddable":true,"href":"https:\/\/www.infokuryr.cz\/n\/wp-json\/wp\/v2\/comments?post=92045"}],"version-history":[{"count":0,"href":"https:\/\/www.infokuryr.cz\/n\/wp-json\/wp\/v2\/posts\/92045\/revisions"}],"wp:featuredmedia":[{"embeddable":true,"href":"https:\/\/www.infokuryr.cz\/n\/wp-json\/wp\/v2\/media\/92046"}],"wp:attachment":[{"href":"https:\/\/www.infokuryr.cz\/n\/wp-json\/wp\/v2\/media?parent=92045"}],"wp:term":[{"taxonomy":"category","embeddable":true,"href":"https:\/\/www.infokuryr.cz\/n\/wp-json\/wp\/v2\/categories?post=92045"},{"taxonomy":"post_tag","embeddable":true,"href":"https:\/\/www.infokuryr.cz\/n\/wp-json\/wp\/v2\/tags?post=92045"}],"curies":[{"name":"wp","href":"https:\/\/api.w.org\/{rel}","templated":true}]}}