{"id":9204,"date":"2022-03-17T10:09:03","date_gmt":"2022-03-17T09:09:03","guid":{"rendered":"http:\/\/www.infokuryr.cz\/n\/?p=9204"},"modified":"2022-03-17T10:09:03","modified_gmt":"2022-03-17T09:09:03","slug":"nase-naprosto-nekompetentni-vlada-resi-drahe-phm-neucinne-a-falesne","status":"publish","type":"post","link":"https:\/\/www.infokuryr.cz\/n\/2022\/03\/17\/nase-naprosto-nekompetentni-vlada-resi-drahe-phm-neucinne-a-falesne\/","title":{"rendered":"NA\u0160E NAPROSTO NEKOMPETENTN\u00cd VL\u00c1DA \u0158E\u0160\u00cd DRAH\u00c9 PHM NE\u00da\u010cINN\u011a A FALE\u0160N\u011a"},"content":{"rendered":"<div id=\"fb-root\"><\/div>\n<p>Ostatn\u011b jako i jin\u00e9 z\u00e1le\u017eitosti, t\u00fdkaj\u00edc\u00ed se ob\u010dan\u016f t\u00e9to zem\u011b.\u00a0Jak\u00e1 opat\u0159en\u00ed p\u0159ijala?<span id=\"more-12815\"><\/span><\/p>\n<p>1.\u00a0<b>Zru\u0161ila silni\u010dn\u00ed da\u0148<\/b>: toto nepoc\u00edt\u00ed b\u011b\u017en\u00ed ob\u010dan\u00e9, co doj\u00ed\u017ed\u00ed denn\u011b za prac\u00ed (a na n\u011bkdej\u0161\u00ed dopravn\u00ed obslu\u017enost \u00fazem\u00ed \u2013 hustotu a ceny, mohou d\u00e1vno jen vzpom\u00ednat). Nepoc\u00edt\u00ed to ani ostatn\u00ed majitel\u00e9 vozidel u\u017e\u00edvaj\u00edc\u00ed vozidla pro volno\u010dasovou a osobn\u00ed spot\u0159ebu.<\/p>\n<p>I v p\u0159\u00edpad\u011b podnikatelsk\u00fdch vozidel je to pouze slab\u00e1 n\u00e1plast. Neexistuje p\u0159\u00edm\u00e1 \u00fam\u011bra mezi po\u010dtem najet\u00fdch km (a tedy spot\u0159ebou PHM) a \u00falevou z\u00a0odpu\u0161t\u011bn\u00ed silni\u010dn\u00ed dan\u011b. V\u011bt\u0161in\u011b podnikatel\u016f tato \u00faleva v\u00a0principu nepom\u016f\u017ee, je to v\u00fdsm\u011bch.<\/p>\n<p>2.\u00a0<b>Zru\u0161ila povinnost p\u0159id\u00e1vat tzv. bioslo\u017eku do nafty<\/b><\/p>\n<p>Jedn\u00e1 se op\u011bt o zanedbateln\u00fd dopad do v\u00fdsledn\u00e9 ceny, nav\u00edc pouze u nafty motorov\u00e9. Opat\u0159en\u00ed je ve skute\u010dnosti ne\u017e pomstou Andreji Babi\u0161ovi, jak poukazuje ve ve\u0159ejn\u00e9m prostoru ji\u017e \u0159ada koment\u00e1tor\u016f.<\/p>\n<p>3.\u00a0<b>Vyzvala prodejce, aby dr\u017eeli sv\u00e9 mar\u017ee \u201ena uzd\u011b\u201c<\/b>. Kontroly nebudou. To by asi ty stanice musily v\u00a0sebevra\u017eedn\u00e9m pominut\u00ed smysl\u016f vyv\u011bsit ruskou vlajku. Ov\u0161em, s\u00a0ohledem na hustotu s\u00edt\u011b \u010derpac\u00edch stanic a tedy vysok\u00e9 konkuren\u010dn\u00ed prost\u0159ed\u00ed, zde n\u011bjak\u00e9 v\u00fdrazn\u011bj\u0161\u00ed \u00faspory stejn\u011b nelze hledat.<\/p>\n<p><b>\u0158e\u0161en\u00ed le\u017e\u00ed a stoj\u00ed pouze v\u00a0da\u0148ov\u00fdch opat\u0159en\u00edch.<\/b><\/p>\n<p>A proto se zde mimo\u0159\u00e1dn\u011b nejedn\u00e1 o nekompetentnost, ale o \u00famysl. Vl\u00e1d\u011b toti\u017e velmi vyhovuje vyb\u00edrat vysokou spot\u0159ebn\u00ed da\u0148 (je pevn\u00e1, nez\u00e1vis\u00ed na vstupn\u00ed cen\u011b) a i da\u0148 z\u00a0p\u0159idan\u00e9 hodnoty, kter\u00e1 se po\u010d\u00edt\u00e1 ze vstupn\u00ed ceny benzinu nav\u00fd\u0161enou o spot\u0159ebn\u00ed da\u0148 (vlastn\u011b se po\u010d\u00edt\u00e1 da\u0148 z\u00a0dan\u011b, doch\u00e1z\u00ed zde tedy ke\u00a0dvoj\u00edmu dan\u011bn\u00ed. Uka\u017eme si to na p\u0159\u00edkladu:<\/p>\n<table border=\"1\" width=\"604\" rules=\"ROWS\" cellspacing=\"0\" cellpadding=\"5\">\n<colgroup>\n<col width=\"148\" \/><\/colgroup>\n<colgroup>\n<col width=\"18\" \/>\n<col width=\"46\" \/><\/colgroup>\n<colgroup>\n<col width=\"350\" \/><\/colgroup>\n<tbody>\n<tr>\n<td valign=\"BOTTOM\" bgcolor=\"#ffffff\" width=\"148\" height=\"4\">cena benzinu K\u010d\/l<\/td>\n<td valign=\"TOP\" width=\"18\"><\/td>\n<td valign=\"BOTTOM\" bgcolor=\"#ffffff\" width=\"46\">\n<p align=\"RIGHT\">26,83<\/p>\n<\/td>\n<td valign=\"BOTTOM\" bgcolor=\"#ffffff\" width=\"350\"><\/td>\n<\/tr>\n<tr>\n<td valign=\"BOTTOM\" bgcolor=\"#ffffff\" width=\"148\" height=\"5\"><b>spot\u0159ebn\u00ed da\u0148 K\u010d\/l<\/b><\/td>\n<td valign=\"TOP\" width=\"18\">\n<p align=\"CENTER\"><b>+<\/b><\/p>\n<\/td>\n<td valign=\"BOTTOM\" bgcolor=\"#ffffff\" width=\"46\">\n<p align=\"RIGHT\"><b>12,84<\/b><\/p>\n<\/td>\n<td valign=\"BOTTOM\" bgcolor=\"#ffffff\" width=\"350\">pevn\u011b dan\u00e1, nez\u00e1vis\u00ed na vstupn\u00ed cen\u011b, meziro\u010dn\u011b v\u011bt\u0161inou roste<\/td>\n<\/tr>\n<tr>\n<td valign=\"BOTTOM\" bgcolor=\"#ffffff\" width=\"148\" height=\"5\">mezisou\u010det<\/td>\n<td valign=\"TOP\" width=\"18\">\n<p align=\"CENTER\">=<\/p>\n<\/td>\n<td valign=\"BOTTOM\" bgcolor=\"#ffffff\" width=\"46\">\n<p align=\"RIGHT\">39,67<\/p>\n<\/td>\n<td valign=\"BOTTOM\" bgcolor=\"#ffffff\" width=\"350\"><\/td>\n<\/tr>\n<tr>\n<td valign=\"BOTTOM\" bgcolor=\"#ffffff\" width=\"148\" height=\"5\">da\u0148 z p\u0159idan\u00e9 hodnoty 21 %<\/td>\n<td valign=\"TOP\" width=\"18\">\n<p align=\"CENTER\">+<\/p>\n<\/td>\n<td valign=\"BOTTOM\" bgcolor=\"#ffffff\" width=\"46\">\n<p align=\"RIGHT\">8,33<\/p>\n<\/td>\n<td valign=\"BOTTOM\" bgcolor=\"#ffffff\" width=\"350\">= 39,67 x 0,21<\/td>\n<\/tr>\n<tr>\n<td valign=\"BOTTOM\" bgcolor=\"#ffffff\" width=\"148\" height=\"5\"><b>V\u00fdsledn\u00e1 cena K\u010d\/l<\/b><\/td>\n<td valign=\"TOP\" width=\"18\">\n<p align=\"CENTER\"><b>=<\/b><\/p>\n<\/td>\n<td valign=\"BOTTOM\" bgcolor=\"#ffffff\" width=\"46\">\n<p align=\"RIGHT\"><b>48,00<\/b><\/p>\n<\/td>\n<td valign=\"BOTTOM\" bgcolor=\"#ffffff\" width=\"350\"><\/td>\n<\/tr>\n<tr>\n<td valign=\"BOTTOM\" bgcolor=\"#ffffff\" width=\"148\" height=\"4\"><b>pod\u00edl dan\u00ed<\/b><\/td>\n<td valign=\"TOP\" width=\"18\"><\/td>\n<td valign=\"BOTTOM\" bgcolor=\"#ffffff\" width=\"46\">\n<p align=\"RIGHT\"><b>44,11 %<\/b><\/p>\n<\/td>\n<td valign=\"BOTTOM\" bgcolor=\"#ffffff\" width=\"350\">!!!!!!<\/td>\n<\/tr>\n<\/tbody>\n<\/table>\n<p><i>Zdroj: https:\/\/www.kurzy.cz\/kalkulacka\/spotrebni-dan-benzin-nafta\/<\/i><\/p>\n<p>Ne\u0159e\u0161en\u00ed astronomick\u00fdch ceny PHM je soci\u00e1ln\u011b necitliv\u00e9 a ekonomicky zni\u010duj\u00edc\u00ed. Dopravci a p\u0159epravci, pokud nemaj\u00ed zkrachovat, mus\u00ed n\u00e1r\u016fst sv\u00fdch n\u00e1klad\u016f prom\u00edtnout do ceny slu\u017eby. Tento n\u00e1r\u016fst se \u0159et\u011bzov\u011b p\u0159enese i do ceny v\u00fdrobc\u016f a prodejc\u016f nejr\u016fzn\u011bj\u0161\u00edho zbo\u017e\u00ed a slu\u017eeb.<\/p>\n<p>U \u0161irok\u00e9 ve\u0159ejnosti pak naopak dojde ke sn\u00ed\u017een\u00ed mo\u017enosti u\u017eit\u00ed automobil\u016f, a nebo dokonce \u00fapln\u00e9mu znemo\u017en\u011bn\u00ed \u2013 nebudou si to prost\u011b moci dovolit.<\/p>\n<p>M\u00e1me se na co t\u011b\u0161it. Ostatn\u011b, co m\u016f\u017eeme cht\u00edt od \u010dlen\u016f vl\u00e1dy, co permanentn\u011b maj\u00ed k\u00a0dispozici luxusn\u00ed slu\u017eebn\u00ed automobily s\u00a0plnou n\u00e1dr\u017e\u00ed a \u0159idi\u010dem a jsou ji\u017e d\u00e1vno odtr\u017een\u00ed od reality b\u011b\u017en\u00e9ho \u017eivota a z\u00e1jem o ob\u010dana jen p\u0159edst\u00edraj\u00ed?!<\/p>\n<p>Co cht\u00edt od vl\u00e1dy, kter\u00e1 nam\u00edsto \u0159e\u0161en\u00ed probl\u00e9m\u016f na\u0161ich ob\u010dan\u016f dot\u010den\u00fdch energetickou kriz\u00ed, inflac\u00ed, zdra\u017eov\u00e1n\u00edm, potravinovou nesob\u011bsta\u010dnost\u00ed atd. p\u0159ij\u00edm\u00e1 na prvn\u00edm m\u00edst\u011b nouzov\u00fd stav, zav\u00e1d\u00ed cenzuru, usiluje o ovl\u00e1dnut\u00ed ve\u0159ejn\u00e9ho medi\u00e1ln\u00ed prostoru, prosazuje koresponden\u010dn\u00ed volbu, chce st\u00e1le t\u011bsn\u011bj\u0161\u00ed z\u00e1vislost a pod\u0159\u00edzenost Bruselu, nejrad\u011bji by p\u0159ijala EURO \u2026<\/p>\n<p><strong>Alena Drvotov\u00e1<\/strong><\/p>\n<p><img decoding=\"async\" loading=\"lazy\" class=\"alignnone size-full wp-image-678\" src=\"http:\/\/www.infokuryr.cz\/n\/wp-content\/uploads\/2021\/04\/narodni_demokracie_logo.jpg\" alt=\"\" width=\"300\" height=\"85\" \/><\/p>\n<p>&nbsp;<\/p>\n<p>&nbsp;<\/p>\n<p>&nbsp;<\/p>\n","protected":false},"excerpt":{"rendered":"<p>Ostatn\u011b jako i jin\u00e9 z\u00e1le\u017eitosti, t\u00fdkaj\u00edc\u00ed se ob\u010dan\u016f t\u00e9to zem\u011b.\u00a0Jak\u00e1 opat\u0159en\u00ed p\u0159ijala? 1.\u00a0Zru\u0161ila silni\u010dn\u00ed da\u0148:&#8230;<\/p>\n","protected":false},"author":2,"featured_media":3693,"comment_status":"closed","ping_status":"closed","sticky":false,"template":"","format":"standard","meta":[],"categories":[6],"tags":[1257,2085,99],"_links":{"self":[{"href":"https:\/\/www.infokuryr.cz\/n\/wp-json\/wp\/v2\/posts\/9204"}],"collection":[{"href":"https:\/\/www.infokuryr.cz\/n\/wp-json\/wp\/v2\/posts"}],"about":[{"href":"https:\/\/www.infokuryr.cz\/n\/wp-json\/wp\/v2\/types\/post"}],"author":[{"embeddable":true,"href":"https:\/\/www.infokuryr.cz\/n\/wp-json\/wp\/v2\/users\/2"}],"replies":[{"embeddable":true,"href":"https:\/\/www.infokuryr.cz\/n\/wp-json\/wp\/v2\/comments?post=9204"}],"version-history":[{"count":0,"href":"https:\/\/www.infokuryr.cz\/n\/wp-json\/wp\/v2\/posts\/9204\/revisions"}],"wp:featuredmedia":[{"embeddable":true,"href":"https:\/\/www.infokuryr.cz\/n\/wp-json\/wp\/v2\/media\/3693"}],"wp:attachment":[{"href":"https:\/\/www.infokuryr.cz\/n\/wp-json\/wp\/v2\/media?parent=9204"}],"wp:term":[{"taxonomy":"category","embeddable":true,"href":"https:\/\/www.infokuryr.cz\/n\/wp-json\/wp\/v2\/categories?post=9204"},{"taxonomy":"post_tag","embeddable":true,"href":"https:\/\/www.infokuryr.cz\/n\/wp-json\/wp\/v2\/tags?post=9204"}],"curies":[{"name":"wp","href":"https:\/\/api.w.org\/{rel}","templated":true}]}}