{"id":92028,"date":"2025-11-12T00:33:37","date_gmt":"2025-11-11T23:33:37","guid":{"rendered":"https:\/\/www.infokuryr.cz\/n\/?p=92028"},"modified":"2025-11-11T15:55:57","modified_gmt":"2025-11-11T14:55:57","slug":"pozor-vznika-farizejska-skupina-milionu-chvilek-minar-ktera-jakoby-s-litosti-propaguje-dehonestaci-rodiny-a-holcicek-jindricha-rajchla","status":"publish","type":"post","link":"https:\/\/www.infokuryr.cz\/n\/2025\/11\/12\/pozor-vznika-farizejska-skupina-milionu-chvilek-minar-ktera-jakoby-s-litosti-propaguje-dehonestaci-rodiny-a-holcicek-jindricha-rajchla\/","title":{"rendered":"Pozor: vznik\u00e1 farizejsk\u00e1 skupina Milionu chvilek (Min\u00e1\u0159), kter\u00e1 jakoby s l\u00edtost\u00ed propaguje dehonestaci rodiny a hol\u010di\u010dek Jind\u0159icha Rajchla!"},"content":{"rendered":"<div id=\"fb-root\"><\/div>\n<div class=\"introtext\">\n<h4>Proto\u017ee d\u016fkazy nemaj\u00ed a i Oganesjan za\u010d\u00edn\u00e1 couvat, rozjelo se dal\u0161\u00ed p\u0159ipraven\u00e9 kolo \u0161p\u00edny na d\u011bti a man\u017eelku Jind\u0159icha Rajchla! Dojemn\u00e1 l\u00edtost, ale v\u00edte to porno s divnou man\u017eelkou nepat\u0159\u00ed mezi lid. Je n\u00e1m to zve\u0159ejn\u011bn\u00ed l\u00edto, ale mus\u00edme to popsat cel\u00e9 pro jeho d\u011bti!<\/h4>\n<\/div>\n<div class=\"fulltext\">\n<p>To f\u00e1zovan\u00ed p\u0159ipraven\u00e9 likvidace Jind\u0159icha Rajchla je a\u017e komick\u00e9,\u00a0kdyby to nebyla pras\u00e1rna a zlo\u010din nejtvrd\u0161\u00edho kalibru.<\/p>\n<p>Nyn\u00ed u\u017e vid\u00ed, \u017ee dehonestaci Rajchla prohr\u00e1li, pras\u00e1rnu, kter\u00e1 je nejhrub\u0161\u00edho zrna po dehonestaci Babi\u0161e, Okamury, Macinky, a Turka, a tak se rozjelo dal\u0161\u00ed kolo proti Jind\u0159ichu Rajchlovi, ale s jin\u00fdm \u00favodn\u00edkem:<\/p>\n<p>Opakuje se podez\u0159en\u00ed na porno, kde se v\u0161e popisuje a vypisuje, ale s odklon\u011bn\u00edm na up\u0159\u00edmnou l\u00edtost, \u017ee se to <strong>III A N\u00c1SLEDUJE OP\u011aT POPIS KOMPRA III<\/strong>\u00a0zve\u0159ejnilo\u00a0a postavme se za Jind\u0159icha Rajchla, proto\u017ee si to chud\u00e1k nezaslou\u017e\u00ed.<\/p>\n<h4>A nastupuje teroristick\u00e9 komando, kter\u00e9 si \u0159\u00edk\u00e1 policie a detektivov\u00e9.<\/h4>\n<p><img decoding=\"async\" loading=\"lazy\" class=\"aligncenter\" src=\"https:\/\/www.skrytapravda.cz\/images\/blogy\/805\/2025\/%C5%A1mejdi_korouhvi%C4%8Dky\/oganesjan_hnus_630af.webp\" alt=\"oganesjan hnus 630af\" width=\"797\" height=\"446\" \/><\/p>\n<p>Jenom\u017ee ne\u010dekan\u00e1 odezva je vyhodila ze sedla, co kdy\u017e je to falsum? Nav\u00edc, kdy\u017e to p\u00ed\u0161\u00ed i &#8222;pornoodborn\u00edci&#8220;? A najednou \u0161mejdi \u00fato\u010dn\u00edci jsou v postaven\u00ed, \u017ee\u00a0 se pozvolna mus\u00ed br\u00e1nit. Napadnut\u00ed d\u00edvenky a dokonce nezletil\u00e9 p\u0159ed domem, oso\u010den\u00ed poslance velmi sprost\u011b bez d\u016fkaz\u016f, je u\u017e hodn\u011b siln\u00e9 kaf\u00e9.<\/p>\n<p><img decoding=\"async\" loading=\"lazy\" class=\"aligncenter\" src=\"https:\/\/www.skrytapravda.cz\/images\/blogy\/805\/2025\/11listopad\/odborn%C3%ADk_na_porno_21de5.webp\" alt=\"odborn\u00edk na porno 21de5\" width=\"796\" height=\"467\" \/><\/p>\n<p>Vid\u00edte tu absurditu, kdy po s\u00edt\u00edch l\u00edtaj\u00ed ur\u00e1\u017eky na Jind\u0159icha Rajchla, ale h<strong>lavn\u011b na jeho man\u017eelku, na dcery v \u010dem vyr\u016fstaj\u00ed, zat\u00e1hli do \u0161p\u00edny nezletil\u00e9 d\u011bti, a t\u0159esou se radost\u00ed,<\/strong>\u00a0a\u017e je ve \u0161kole spolu\u017e\u00e1ci du\u0161evn\u011b zni\u010d\u00ed i kdyby t\u0159eba sp\u00e1chali sebevra\u017edu&#8230;<\/p>\n<p>Ale u\u017e couv\u00e1 i Fridrichov\u00e1, spolupachatelka Kol\u00e1\u0159e, poradce gener\u00e1la prezidenta, proto\u017ee je to p\u0159\u00edli\u0161 podez\u0159el\u00e9 kompro, nav\u00edc to vypad\u00e1, \u017ee n\u011bkdo na\u0161el bu\u010f n\u011bkoho podobn\u00e9ho, nebo se to vytvo\u0159ilo jako kompro tajn\u00fdmi slu\u017ebami&#8230; Prost\u011b zat\u00edm nikdo nic nev\u00edme,\u00a0<strong>ale u\u017e jsme zni\u010dili d\u011bti poslance Rajchla viz v\u00fd\u0161e t\u0159eba K\u0159ivoru\u010dko\u00a0<\/strong>a ka\u017ed\u00fd vid\u00edme, co nyn\u00ed l\u00e9t\u00e1 s\u00edt\u011bmi. A sebevra\u017edy hol\u010di\u010dek v USA, ale i v Rusku za zata\u017een\u00ed do t\u00e9to \u0161pinav\u00e9 hry p\u0159inutily st\u00e1ty, aby sed\u011bli v krimin\u00e1le P\u0161en\u00e1kov\u00e9 \u010di Oganesjanov\u00e9 na deset, patn\u00e1ct let, i kdy\u017e ti zat\u00edm maj\u00ed v na\u0161\u00ed zemi z\u00e1hadn\u00e9 kryt\u00ed Raku\u0161ana a policejn\u00edho prezidenta Vondr\u00e1\u0161ka.<\/p>\n<p><strong>TO NESM\u00cd VY\u0160UM\u011aT,<\/strong><\/p>\n<p><strong>NAOPAK, TO MUS\u00cdME AKCELEROVAT A DOT\u00c1HNOUT<\/strong><\/p>\n<p><strong>DO NEJTVRD\u0160\u00cdHO POTREST\u00c1N\u00cd!<\/strong><\/p>\n<p>A dle reakc\u00ed t\u011bch, kte\u0159\u00ed by to mohli tak\u00e9 odn\u00e9st, se ukazuj\u00ed nyn\u00ed v\u0161ude, Min\u00e1\u0159ov\u00e9 p\u00ed\u0161\u00ed, \u017ee je jim to l\u00edto, ale&#8230; A FORUM 24 \u010di dal\u0161\u00ed\u00a0<strong>rad\u011bji p\u00ed\u0161\u00ed o podobenstv\u00ed!<\/strong>\u00a0P\u0159\u00edli\u0161 to smrt\u00ed masakrem \u0161mejd\u016f na kompro!<\/p>\n<h4>Op\u011bt d\u016fkaz<\/h4>\n<p><img decoding=\"async\" loading=\"lazy\" class=\"aligncenter\" src=\"https:\/\/www.skrytapravda.cz\/images\/blogy\/805\/2025\/%C5%A1mejdi_korouhvi%C4%8Dky\/forum_opatrne_c7a5f.webp\" alt=\"forum opatrne c7a5f\" width=\"791\" height=\"190\" \/><\/p>\n<p><strong>Kdyby nebyl Min\u00e1\u0159 Milion chvilek debil, zd\u00e1lo by se, \u017ee od Raku\u0161ana je to up\u0159\u00edmn\u00e1 l\u00edtost.<\/strong>\u00a0Samoz\u0159ejm\u011b nen\u00ed a Oganesjan ho u\u017e s BIS Koudelkou napr\u00e1skal. A proto\u017ee si Rajchl najal dv\u011b presti\u017en\u00ed advok\u00e1tn\u00ed pr\u00e1vnick\u00e9 kancel\u00e1\u0159e, Min\u00e1\u0159 a P\u0161en\u00e1k zah\u00e1jili akci\u00a0<strong>&#8222;Up\u0159\u00edmn\u00e1 l\u00edtost&#8220;<\/strong> s popisem stejn\u00fdm, jako p\u0159edt\u00edm.<\/p>\n<p><strong>A zd\u00e1 se, \u017ee je st\u00e1le dovoleno v\u0161e: jak dlouho je\u0161t\u011b?<\/strong>\u00a0Dal\u0161\u00ed dareb\u00e1k p\u00ed\u0161e, \u017ee d\u011bti Rajchla jsou pouli\u010dn\u00ed sm\u011bska, jinde, \u017ee by se m\u011bli zlikvidovat&#8230; V\u00e1\u017en\u011b to se sm\u00ed v dne\u0161n\u00ed dob\u011b a my ml\u010d\u00edme?<\/p>\n<p><img decoding=\"async\" loading=\"lazy\" class=\"aligncenter\" src=\"https:\/\/www.skrytapravda.cz\/images\/2025\/proukrajinci_s_patologickou_nen%C3%A1vist%C3%AD.webp\" alt=\"proukrajinci s patologickou nen\u00e1vist\u00ed\" width=\"831\" height=\"564\" \/><\/p>\n<h4>V\u00e1\u017een\u00ed \u010dten\u00e1\u0159i, nenechte se zm\u00e1st a sledujte chronologii dehonestace&#8220;<\/h4>\n<p>Nyn\u00ed b\u011b\u017e\u00ed dal\u0161\u00ed \u010d\u00e1st &#8222;Up\u0159\u00edmn\u00e1 l\u00edtost&#8220;.<\/p>\n<p>A pt\u00e1te se pro\u010d?<\/p>\n<ul>\n<li>Proto\u017ee \u00fachyl P\u0161en\u00e1k ud\u011blal kopanec a p\u0159epadl nezletilou d\u00edvku, co\u017e je jin\u00fd level, ne\u017e \u00fato\u010dit na Ivana Smetanu, Lenku Tarabovou, Jind\u0159icha Rajchla&#8230;<\/li>\n<li>Nyn\u00ed druh\u00fd kopanec ud\u011blal Min\u00e1\u0159 Milion chvilek, proto\u017ee cht\u011bl up\u0159\u00edmnou omluvu vysv\u011btlit a s\u00e1m se do toho zamotal, \u017ee kompro popsal cel\u00e9.<\/li>\n<\/ul>\n<p>Neboli\u00a0<strong>oni to zoufale cht\u011bj\u00ed dostat do ve\u0159ejn\u00e9ho prostoru, ale proto\u017ee jsou to tupci<\/strong>\u00a0a netu\u0161\u00ed, \u017ee to u\u017e tady mnohokr\u00e1t bylo a mysl\u00ed si, \u017ee jsou &#8222;investigativn\u00ed hv\u011bzdy&#8220; kter\u00e9 p\u0159i\u0161ly na to, jak sejmout protivn\u00edka, ale nech\u00e1pou, \u017ee dehonestace je st\u00e1le stejn\u00e1. Vzpom\u00edn\u00e1te na af\u00e9ru s Buzkovou a tak\u00e9 dehonestaci? Nebo na V\u00e1clava Klause a jeho vilu ve \u0160v\u00fdcarsku, kdy se pak televize Nova a \u017delezn\u00fd musely omluvit? Ti je\u0161t\u011b star\u0161\u00ed pamatuj\u00ed\u00a0<strong>porno s Martou Kubi\u0161ovou,<\/strong>\u00a0kter\u00e1 pak p\u0159estala zp\u00edvat, za\u010dala pracovat v Praze 1 v J\u00e1m\u011b a tak\u00e9 to bylo pornokompro.<\/p>\n<p>&#8212;&#8212;&#8212;&#8212;<\/p>\n<div class=\"info_box cela_sirka jpalert\">\n<div class=\"explanationContent\"><strong><span style=\"color: #993366;\">V\u00e1\u017en\u011b si mysl\u00ed ti tupci, \u017ee jsme mozkov\u011b zaostal\u00ed a na ni\u017e\u0161\u00edm stupni v\u00fdvoje? Pro\u010d ti dareb\u00e1ci ur\u00e1\u017e\u00ed \u0161irokou ve\u0159ejnost, \u017ee oni libtardi jsou nadlid\u00e9 a my ob\u010dan\u00e9 druh\u00e9, tup\u00e9 kategorie?<\/span><\/strong><\/div>\n<div>&#8212;&#8212;&#8212;&#8212;<\/div>\n<\/div>\n<p>Tak\u017ee nyn\u00ed je tady zase up\u0159\u00edmn\u00e1 l\u00edtost, \u017ee ta pravda vy\u0161la ven s popisem onoho kompra a \u00fatokem na man\u017eelku Rajchla a hol\u010di\u010dky Rajchla.<\/p>\n<p>Budeme \u010dekat na dal\u0161\u00ed kolo kompra t\u011bch spr\u00e1vn\u00fdch &#8222;<strong>expert\u016f na kompra<\/strong>&#8222;. A pamatujte, v\u0161e u\u017e zde jednou bylo.<\/p>\n<h4><strong>Babi\u0161, Okamura, Turek, Macinka, Rajchl, d\u0159\u00edve Marta Kubi\u0161ov\u00e1, vila V\u00e1clava Klause&#8230;<\/strong><\/h4>\n<p><strong>P.S.:<\/strong> Nazna\u010dovat, \u017ee hol\u010di\u010dky rodiny Rajchla jsou zata\u017eeny do d\u011btsk\u00e9ho porna a poslat na n\u011b spolu\u017e\u00e1ky a spolu\u017ea\u010dky a po\u0161tvat \u0161irokou ve\u0159ejnost je zlo\u010din zlo\u010din\u016f&#8230;? Toto nenech\u00e1me vy\u0161um\u011bt, i kdyby Oganesjan, jeho pseudoman\u017eelka, a P\u0161en\u00e1k sp\u00e1chali sebevra\u017edu. A cel\u00fd sv\u011bt pokra\u010duje podobn\u011b. Nejtvrd\u0161\u00ed tresty, jak\u00e9 mohou b\u00fdt a nic jin\u00e9ho!<\/p>\n<p><a href=\"https:\/\/www.skrytapravda.cz\/z-domova\/2862-pozor-vznika-farizejska-skupina-milionu-chvilek-minar-ktera-jakoby-s-litosti-propaguje-dehonestaci-rodiny-a-holcicek-jindricha-rajchla\">Petr Pokorn\u00fd<\/a><\/p>\n<p>&nbsp;<\/p>\n<\/div>\n","protected":false},"excerpt":{"rendered":"<p>Proto\u017ee d\u016fkazy nemaj\u00ed a i Oganesjan za\u010d\u00edn\u00e1 couvat, rozjelo se dal\u0161\u00ed p\u0159ipraven\u00e9 kolo \u0161p\u00edny na&#8230;<\/p>\n","protected":false},"author":2,"featured_media":92029,"comment_status":"closed","ping_status":"closed","sticky":false,"template":"","format":"standard","meta":[],"categories":[6],"tags":[257,9044,10054,8819],"_links":{"self":[{"href":"https:\/\/www.infokuryr.cz\/n\/wp-json\/wp\/v2\/posts\/92028"}],"collection":[{"href":"https:\/\/www.infokuryr.cz\/n\/wp-json\/wp\/v2\/posts"}],"about":[{"href":"https:\/\/www.infokuryr.cz\/n\/wp-json\/wp\/v2\/types\/post"}],"author":[{"embeddable":true,"href":"https:\/\/www.infokuryr.cz\/n\/wp-json\/wp\/v2\/users\/2"}],"replies":[{"embeddable":true,"href":"https:\/\/www.infokuryr.cz\/n\/wp-json\/wp\/v2\/comments?post=92028"}],"version-history":[{"count":0,"href":"https:\/\/www.infokuryr.cz\/n\/wp-json\/wp\/v2\/posts\/92028\/revisions"}],"wp:featuredmedia":[{"embeddable":true,"href":"https:\/\/www.infokuryr.cz\/n\/wp-json\/wp\/v2\/media\/92029"}],"wp:attachment":[{"href":"https:\/\/www.infokuryr.cz\/n\/wp-json\/wp\/v2\/media?parent=92028"}],"wp:term":[{"taxonomy":"category","embeddable":true,"href":"https:\/\/www.infokuryr.cz\/n\/wp-json\/wp\/v2\/categories?post=92028"},{"taxonomy":"post_tag","embeddable":true,"href":"https:\/\/www.infokuryr.cz\/n\/wp-json\/wp\/v2\/tags?post=92028"}],"curies":[{"name":"wp","href":"https:\/\/api.w.org\/{rel}","templated":true}]}}