{"id":92025,"date":"2025-11-12T00:29:51","date_gmt":"2025-11-11T23:29:51","guid":{"rendered":"https:\/\/www.infokuryr.cz\/n\/?p=92025"},"modified":"2025-11-11T15:56:16","modified_gmt":"2025-11-11T14:56:16","slug":"pozor-zmena-budouci-prvnacci-pujdou-k-zapisu-uz-v-lednu","status":"publish","type":"post","link":"https:\/\/www.infokuryr.cz\/n\/2025\/11\/12\/pozor-zmena-budouci-prvnacci-pujdou-k-zapisu-uz-v-lednu\/","title":{"rendered":"Pozor zm\u011bna! Budouc\u00ed prv\u0148\u00e1\u010dci p\u016fjdou k z\u00e1pisu u\u017e v lednu"},"content":{"rendered":"<div id=\"fb-root\"><\/div>\n<p><strong>Podle odhadu Ministerstva \u0161kolstv\u00ed, ml\u00e1de\u017ee a t\u011blov\u00fdchovy \u010dek\u00e1 z\u00e1pis do prvn\u00edch t\u0159\u00edd 145\u00a0500 p\u0159ed\u0161kol\u00e1k\u016f. Ten se letos bude konat v\u00a0nov\u00e9m term\u00ednu. Nov\u00fdmi pravidly se bude \u0159\u00eddit i odklad povinn\u00e9 \u0161koln\u00ed doch\u00e1zky. Co nepodcenit a jak se vyhnout dlouh\u00fdm front\u00e1m?<\/strong><\/p>\n<p>Zat\u00edmco v\u00a0p\u0159edchoz\u00edch letech se z\u00e1pisy do \u010desk\u00fdch z\u00e1kladn\u00edch \u0161kol konaly a\u017e b\u011bhem dubna, od roku 2026 budou p\u0159ed\u0161kol\u00e1ci k\u00a0z\u00e1pis\u016fm chodit u\u017e v\u00a0lednu. \u201ePro \u0161koln\u00ed rok 2026\/2027 doch\u00e1z\u00ed ke zm\u011bn\u011b term\u00ednu z\u00e1pis\u016f do prvn\u00edch t\u0159\u00edd. Ty se budou nov\u011b konat od 15. ledna do 15. \u00fanora, nikoli v dubnu jako d\u0159\u00edve. Konkr\u00e9tn\u00ed term\u00edny si stanov\u00ed \u0161koly samy. D\u016fvodem zm\u011bny je z\u00edskat v\u00edce \u010dasu pro p\u0159\u00edpadn\u00e9 \u0159e\u0161en\u00ed odklad\u016f \u0161koln\u00ed doch\u00e1zky. Rodi\u010de budou m\u00edt z\u00e1rove\u0148 del\u0161\u00ed obdob\u00ed na p\u0159\u00edpadn\u00e9 vy\u0161et\u0159en\u00ed v pedagogicko-psychologick\u00e9 poradn\u011b, konzultace s l\u00e9ka\u0159i a bude i v\u00edce \u010dasu na rozhodnut\u00ed o n\u00e1stupu d\u00edt\u011bte do \u0161koly. Zm\u011bna m\u00e1 za c\u00edl omezit zneu\u017e\u00edv\u00e1n\u00ed odklad\u016f a podpo\u0159it v\u010dasn\u00fd n\u00e1stup d\u011bt\u00ed do \u0161koln\u00edho prost\u0159ed\u00ed,\u201c uvedla Veronika Luck\u00e1 Loosov\u00e1, tiskov\u00e1 mluv\u010d\u00ed a \u0159editelka Odboru vn\u011bj\u0161\u00edch vztah\u016f a komunikace Ministerstva \u0161kolstv\u00ed, ml\u00e1de\u017ee a t\u011blov\u00fdchovy (M\u0160MT).<\/p>\n<p>\u010cesko se dlouhodob\u011b \u0159ad\u00ed k zem\u00edm s nejv\u011bt\u0161\u00edm po\u010dtem odklad\u016f na sv\u011bt\u011b. Nap\u0159\u00edklad v\u00a0roce 2020 se celkov\u00e1 odkladovost pohybovala kolem 23 procent d\u011bt\u00ed s meziro\u010dn\u00edm n\u00e1r\u016fstem jedno a\u017e dv\u011b procenta. V\u011bt\u0161ina d\u011bt\u00ed je ale v obdob\u00ed dosa\u017een\u00e9ho \u0161est\u00e9ho roku \u017eivota na \u0161koln\u00ed doch\u00e1zku p\u0159ipraven\u00e1. V posledn\u00edch letech p\u0159evl\u00e1d\u00e1 trend d\u00e1vat odklad i d\u011btem, kter\u00e9 ho nepot\u0159ebuj\u00ed. To by se od roku 2026 m\u011blo zm\u011bnit, odklad povinn\u00e9 \u0161koln\u00ed doch\u00e1zky se toti\u017e bude \u0159\u00eddit nov\u00fdmi pravidly. \u201eOdklad povinn\u00e9 \u0161koln\u00ed doch\u00e1zky bude mo\u017en\u00fd pouze ve v\u00fdjime\u010dn\u00fdch p\u0159\u00edpadech \u2013 zejm\u00e9na u d\u011bt\u00ed s dlouhodob\u00fdm zdravotn\u00edm znev\u00fdhodn\u011bn\u00edm nebo p\u0159i n\u00e1hl\u00e9 z\u00e1va\u017en\u00e9 zm\u011bn\u011b zdravotn\u00edho stavu. I p\u0159esto v\u0161ak o\u010dek\u00e1v\u00e1me, \u017ee v p\u0159\u00ed\u0161t\u00edm \u0161koln\u00edm roce dostane odklad zhruba 20 tis\u00edc d\u011bt\u00ed z celkov\u00e9ho odhadovan\u00e9ho z\u00e1jmu p\u0159ibli\u017en\u011b 27 500. Omezov\u00e1n\u00ed odklad\u016f bude nab\u00edhat postupn\u011b. V dal\u0161\u00edch letech p\u0159edpokl\u00e1d\u00e1me je\u0161t\u011b v\u00fdrazn\u011bj\u0161\u00ed pokles,\u201c doplnilo M\u0160MT.<\/p>\n<p>Z\u00e1kladn\u00ed \u0161koln\u00ed doch\u00e1zka je ze z\u00e1kona povinn\u00e1, d\u00edt\u011b tak na n\u011bjakou ze z\u00e1kladn\u00edch \u0161kol p\u0159ijato b\u00fdt mus\u00ed. Nutn\u011b to ale nemus\u00ed b\u00fdt sp\u00e1dov\u00e1 \u0161kola. \u201eP\u0159ed samotn\u00fdm z\u00e1pisem by si rodi\u010de m\u011bli nejd\u0159\u00edve ov\u011b\u0159it sp\u00e1dovou \u0161kolu, tedy \u0161kolu, kam jejich d\u00edt\u011b pat\u0159\u00ed podle m\u00edsta trval\u00e9ho bydli\u0161t\u011b. Informace o sp\u00e1dov\u00fdch obvodech b\u00fdvaj\u00ed dostupn\u00e9 na webov\u00fdch str\u00e1nk\u00e1ch obc\u00ed nebo \u0161kol. Sp\u00e1dovost ale nutn\u011b neznamen\u00e1, \u017ee na \u0161kolu d\u00edt\u011b skute\u010dn\u011b nastoup\u00ed. Z\u00a0d\u016fvodu siln\u00fdch ro\u010dn\u00edk\u016f a napln\u011bn\u00ed kapacit budouc\u00ed prv\u0148\u00e1\u010dky v\u00a0p\u0159echoz\u00edch letech odm\u00edtaly, zejm\u00e9na ve velk\u00fdch m\u011bstech, i sp\u00e1dov\u00e9 \u0161koly, to se m\u016f\u017ee st\u00e1t tak\u00e9 letos. Pokud sp\u00e1dov\u00e1 \u0161kola d\u00edt\u011b nep\u0159ijme z\u00a0d\u016fvodu pln\u00e9 kapacity, povinnost naj\u00edt d\u00edt\u011bti um\u00edst\u011bn\u00ed pak p\u0159eb\u00edr\u00e1 ona, p\u0159\u00edpadn\u011b obec,\u201c vysv\u011btlila Na\u010fa Koh\u00e1kov\u00e1, \u0159editelka z\u00e1kladn\u00ed \u0161koly Litv\u00ednovsk\u00e1 600 na pra\u017esk\u00e9m Proseku.<\/p>\n<p>V\u011bt\u0161ina rodi\u010d\u016f zapisuje d\u00edt\u011b na jednu a\u017e dv\u011b \u0161koly. Ve v\u011bt\u0161\u00edch m\u011bstech ale zpravidla absolvuj\u00ed z\u00e1pis\u016f v\u00edc. \u201ePokud rodi\u010de usiluj\u00ed o \u0161kolu s lep\u0161\u00ed pov\u011bst\u00ed, kvalitn\u011bj\u0161\u00edm vybaven\u00edm nebo t\u0159eba s roz\u0161\u00ed\u0159enou v\u00fdukou jazyk\u016f, \u010dasto podaj\u00ed vedle sp\u00e1dov\u00e9 \u0161koly p\u0159ihl\u00e1\u0161ku i tam. V Praze a v\u011bt\u0161\u00edch m\u011bstech, kde je velk\u00fd p\u0159evis z\u00e1jmu, nen\u00ed v\u00fdjimkou, \u017ee rodi\u010de pod\u00e1vaj\u00ed p\u0159ihl\u00e1\u0161ky i na t\u0159i a\u017e \u010dty\u0159i \u0161koly, aby zv\u00fd\u0161ili \u0161anci na p\u0159ijet\u00ed. Tento postup je mo\u017en\u00fd a st\u00e1le \u010dast\u011bj\u0161\u00ed, proto\u017ee popt\u00e1vka po n\u011bkter\u00fdch \u0161kol\u00e1ch v\u00fdrazn\u011b p\u0159evy\u0161uje jejich kapacity. Nap\u0159\u00edklad v\u00a0Praze se na jednu \u0161kolu do prvn\u00edch t\u0159\u00edd hl\u00e1s\u00ed i 150 d\u011bt\u00ed,\u201c \u0159ekl Pavel Ivon, pedagog a spoluzakladatel rezerva\u010dn\u00edho syst\u00e9mu pro \u0161koly Reservando.<\/p>\n<p>P\u0159edem je nutn\u00e9 zjistit si term\u00edn z\u00e1pisu a podm\u00ednky konkr\u00e9tn\u00ed \u0161koly \u2013 n\u011bkter\u00e9 \u0161koly umo\u017e\u0148uj\u00ed rezervaci p\u0159esn\u00e9ho \u010dasu na z\u00e1pis online, jinde je mo\u017en\u00e9 p\u0159ij\u00edt bez objedn\u00e1n\u00ed, je ale pot\u0159eba po\u010d\u00edtat s frontami. \u201eMnoho \u0161kol kombinuje osobn\u00ed z\u00e1pis s mo\u017enost\u00ed p\u0159edb\u011b\u017en\u00e9 elektronick\u00e9 registrace. Rodi\u010de si p\u0159edem online rezervuj\u00ed konkr\u00e9tn\u00ed term\u00edn z\u00e1pisu, co\u017e pom\u00e1h\u00e1 rozlo\u017eit n\u00e1por p\u0159\u00edchoz\u00edch rodi\u010d\u016f do \u010dasov\u00fdch blok\u016f a zkracuje \u010dek\u00e1n\u00ed. N\u011bkter\u00e9 \u0161koly st\u00e1le funguj\u00ed na principu voln\u00e9ho po\u0159ad\u00ed, kdy rodi\u010de doraz\u00ed bez objedn\u00e1n\u00ed a \u010dekaj\u00ed, a\u017e p\u0159ijdou na \u0159adu. Roste ale po\u010det \u0161kol, kter\u00e9 zav\u00e1d\u011bj\u00ed rezerva\u010dn\u00ed syst\u00e9my a online formul\u00e1\u0159e, aby cel\u00fd proces byl plynulej\u0161\u00ed a pro v\u0161echny p\u0159\u00edjemn\u011bj\u0161\u00ed,\u201c popsal Ond\u0159ej \u0160ibrava, pedagog a spoluzakladatel rezerva\u010dn\u00edho syst\u00e9mu pro \u0161koly Reservando. Ten aktu\u00e1ln\u011b vyu\u017e\u00edv\u00e1 354 \u0161kol nap\u0159\u00ed\u010d \u010ceskem.<\/p>\n<p>Mo\u017enost online rezervace nab\u00edz\u00ed p\u0159ibli\u017en\u011b 30 a\u017e 40 procent z\u00e1kladn\u00edch \u0161kol, p\u0159i\u010dem\u017e v Praze a v\u011bt\u0161\u00edch m\u011bstech je pod\u00edl je\u0161t\u011b vy\u0161\u0161\u00ed. \u201eTento trend ka\u017edoro\u010dn\u011b roste, proto\u017ee \u0161koly si uv\u011bdomuj\u00ed, \u017ee online rezervace v\u00fdrazn\u011b usnad\u0148uje organizaci z\u00e1pisu, sni\u017euje stres rodi\u010d\u016f i pedagog\u016f a cel\u00fd proces zjednodu\u0161uje. \u0160koly s vysok\u00fdm po\u010dtem uchaze\u010d\u016f si \u010dasto pom\u00e1haj\u00ed pr\u00e1v\u011b rezerva\u010dn\u00edmi syst\u00e9my, kter\u00e9 rozlo\u017e\u00ed n\u00e1v\u0161t\u011bvy rodi\u010d\u016f s d\u011btmi do konkr\u00e9tn\u00edch \u010dasov\u00fdch blok\u016f. D\u00edky tomu se netvo\u0159\u00ed fronty v prostor\u00e1ch \u0161kol. N\u011bkter\u00e9 \u0161koly tak\u00e9 posiluj\u00ed person\u00e1l \u2013 zapojuj\u00ed v\u00edce pedagog\u016f nebo rozd\u011bl\u00ed z\u00e1pis do n\u011bkolika t\u0159\u00edd sou\u010dasn\u011b. I p\u0159es tato opat\u0159en\u00ed b\u00fdvaj\u00ed z\u00e1pisov\u00e9 dny v\u00a0Praze a v\u011bt\u0161\u00edch m\u011bstech velmi n\u00e1ro\u010dn\u00e9 a rodi\u010de by m\u011bli po\u010d\u00edtat s del\u0161\u00ed \u010dekac\u00ed dobou, pokud nen\u00ed rezervace p\u0159edem mo\u017en\u00e1,\u201c upozornil Pavel Ivon.<\/p>\n<p>K\u00a0z\u00e1pisu m\u016f\u017ee rodi\u010d dorazit i bez d\u00edt\u011bte. P\u0159\u00edtomnost d\u00edt\u011bte u z\u00e1pisu nen\u00ed povinn\u00e1, ale je velmi doporu\u010dov\u00e1na. \u201eU\u010ditel\u00e9 maj\u00ed p\u0159i takzvan\u00e9 motiva\u010dn\u00ed \u010d\u00e1sti mo\u017enost s d\u00edt\u011btem kr\u00e1tce pracovat, pov\u00eddat si a orienta\u010dn\u011b posoudit jeho \u0161koln\u00ed zralost \u2013 nap\u0159\u00edklad zda je dostate\u010dn\u011b soust\u0159ed\u011bn\u00e9, jak komunikuje, jak zvl\u00e1d\u00e1 jednoduch\u00e9 \u00fakoly. Rodi\u010de t\u00edm mohou z\u00edskat zp\u011btnou vazbu, jestli je d\u00edt\u011b na \u0161koln\u00ed doch\u00e1zku p\u0159ipraveno nebo zda by bylo vhodn\u00e9 uva\u017eovat o odkladu. Pokud se d\u00edt\u011b nem\u016f\u017ee z\u00e1pisu z\u00fa\u010dastnit, je vhodn\u00e9 \u0161kolu kontaktovat a domluvit se na individu\u00e1ln\u00edm postupu,\u201c doporu\u010dil Ond\u0159ej \u0160ibrava.<\/p>\n<p>V\u011bt\u0161ina z\u00e1kladn\u00edch \u0161kol vypisuje pro z\u00e1pisy dva term\u00edny, zpravidla bl\u00edzko sebe. P\u0159esto se ne v\u0161ichni rodi\u010de mohou dostavit. \u201ePokud se rodi\u010de nemohou dostavit v den z\u00e1pisu, je d\u016fle\u017eit\u00e9 co nejd\u0159\u00edve kontaktovat \u0161kolu a domluvit si n\u00e1hradn\u00ed term\u00edn nebo zp\u016fsob pod\u00e1n\u00ed \u017e\u00e1dosti. Konkr\u00e9tn\u00ed \u010dasy stanovuj\u00ed jednotliv\u00e9 \u0161koly, proto je vhodn\u00e9 sledovat jejich webov\u00e9 str\u00e1nky, soci\u00e1ln\u00ed s\u00edt\u011b nebo \u00fa\u0159edn\u00ed desky,\u201c uzav\u0159el Pavel Ivon.<\/p>\n<p><img decoding=\"async\" loading=\"lazy\" class=\"alignnone size-full wp-image-1185\" src=\"http:\/\/www.infokuryr.cz\/n\/wp-content\/uploads\/2021\/04\/kuryr-podpis.png\" alt=\"\" width=\"84\" height=\"24\" \/><\/p>\n<p>&nbsp;<\/p>\n","protected":false},"excerpt":{"rendered":"<p>Podle odhadu Ministerstva \u0161kolstv\u00ed, ml\u00e1de\u017ee a t\u011blov\u00fdchovy \u010dek\u00e1 z\u00e1pis do prvn\u00edch t\u0159\u00edd 145\u00a0500 p\u0159ed\u0161kol\u00e1k\u016f. Ten&#8230;<\/p>\n","protected":false},"author":2,"featured_media":75915,"comment_status":"closed","ping_status":"closed","sticky":false,"template":"","format":"standard","meta":[],"categories":[6],"tags":[245,94,331,10066],"_links":{"self":[{"href":"https:\/\/www.infokuryr.cz\/n\/wp-json\/wp\/v2\/posts\/92025"}],"collection":[{"href":"https:\/\/www.infokuryr.cz\/n\/wp-json\/wp\/v2\/posts"}],"about":[{"href":"https:\/\/www.infokuryr.cz\/n\/wp-json\/wp\/v2\/types\/post"}],"author":[{"embeddable":true,"href":"https:\/\/www.infokuryr.cz\/n\/wp-json\/wp\/v2\/users\/2"}],"replies":[{"embeddable":true,"href":"https:\/\/www.infokuryr.cz\/n\/wp-json\/wp\/v2\/comments?post=92025"}],"version-history":[{"count":0,"href":"https:\/\/www.infokuryr.cz\/n\/wp-json\/wp\/v2\/posts\/92025\/revisions"}],"wp:featuredmedia":[{"embeddable":true,"href":"https:\/\/www.infokuryr.cz\/n\/wp-json\/wp\/v2\/media\/75915"}],"wp:attachment":[{"href":"https:\/\/www.infokuryr.cz\/n\/wp-json\/wp\/v2\/media?parent=92025"}],"wp:term":[{"taxonomy":"category","embeddable":true,"href":"https:\/\/www.infokuryr.cz\/n\/wp-json\/wp\/v2\/categories?post=92025"},{"taxonomy":"post_tag","embeddable":true,"href":"https:\/\/www.infokuryr.cz\/n\/wp-json\/wp\/v2\/tags?post=92025"}],"curies":[{"name":"wp","href":"https:\/\/api.w.org\/{rel}","templated":true}]}}