{"id":92016,"date":"2025-11-12T00:25:50","date_gmt":"2025-11-11T23:25:50","guid":{"rendered":"https:\/\/www.infokuryr.cz\/n\/?p=92016"},"modified":"2025-11-11T12:22:24","modified_gmt":"2025-11-11T11:22:24","slug":"petr-vlk-zelenskeho-hodina-gauner-nebo-hrdina","status":"publish","type":"post","link":"https:\/\/www.infokuryr.cz\/n\/2025\/11\/12\/petr-vlk-zelenskeho-hodina-gauner-nebo-hrdina\/","title":{"rendered":"Petr Vlk: Zelensk\u00e9ho hodina \u2013 gauner nebo hrdina!"},"content":{"rendered":"<div id=\"fb-root\"><\/div>\n<p>Onu proslulou\u00a0 hl\u00e1\u0161ku\u00a0 z Limon\u00e1dov\u00e9ho Joea \u2013\u00a0 gauner nebo\u00a0 hrdina,\u00a0 v\u0161ichni jedna\u00a0 rodina!,\u00a0 nepochybn\u011b\u00a0 zn\u00e1te.\u00a0 Uk\u00e1zalo se\u00a0 \u00a0toti\u017e, \u017ee\u00a0 kla\u010fas\u00a0 Limon\u00e1dov\u00fd\u00a0 Joe a\u00a0 tot\u00e1ln\u00ed\u00a0 z\u00e1por\u00e1k\u00a0 Dough\u00a0 Badman, jako\u017e\u00a0 i\u00a0 Arizonsk\u00e1 p\u011bnice jsou sourozenci,\u00a0 kter\u00e9 od\u00a0 sebe\u00a0 odd\u011blil\u00a0 zl\u00fd\u00a0 osud, aby\u00a0 se nakonec\u00a0 \u0161\u0165astn\u011b,\u00a0 po\u00a0 usilovn\u00e9\u00a0 snaze\u00a0 se sprovodit ze\u00a0 sv\u011bta\u00a0 na\u0161li a\u00a0 do\u010dkali\u00a0 velk\u00e9ho rodinn\u00e9ho ob\u011bt\u00ed. V\u0161ichni\u00a0 toti\u017e\u00a0 vlastnili unik\u00e1tn\u00ed\u00a0 mate\u0159sk\u00e9 znam\u00e9nko o velikosti\u00a0 mexick\u00e9ho\u00a0 dolaru. Prost\u011b\u00a0 jedna\u00a0 rodina.<\/p>\n<p>Odbo\u010d\u00edm\u00a0 \u2013\u00a0 na\u00a0 Ukrajin\u011b\u00a0 za\u010d\u00edn\u00e1\u00a0 b\u00fdt\u00a0 zatracen\u011b\u00a0 horko!\u00a0 A\u010dkoli\u00a0 Rusov\u00e9\u00a0 evidentn\u011b\u00a0 vy\u0159adili\u00a0 z provozu ve\u0161ker\u00e9\u00a0 klasick\u00e9\u00a0 elektr\u00e1rny a\u00a0 miliony\u00a0 obyvatel\u00a0 Zelenskylandu\u00a0 disponuj\u00ed\u00a0 velmi\u00a0 chmurnou, respektive\u00a0 mrazivou\u00a0 perspektivou\u00a0 nadch\u00e1zej\u00edc\u00ed\u00a0 zimy.<\/p>\n<p>Do\u0161lo toti\u017e\u00a0 k naprosto\u00a0 ne\u010dekan\u00e9mu v\u00fdvoji, co\u00a0 do korup\u010dn\u00edch\u00a0 kauz\u00a0 sm\u011b\u0159uj\u00edc\u00edch\u00a0 p\u0159\u00edmo\u00a0 do nejvy\u0161\u0161\u00edch sf\u00e9r\u00a0 ukrajinsk\u00e9 mocensk\u00e9\u00a0 vertik\u00e1ly\u00a0 \u2013 tedy\u00a0 do prezidentsk\u00e9\u00a0 kancel\u00e1\u0159e a\u00a0 k samotn\u00e9mu\u00a0 prezidentovi.<\/p>\n<p>Speci\u00e1ln\u00ed protikorup\u010dn\u00ed\u00a0 policie\u00a0 NABU a\u00a0 protikorup\u010dn\u00ed prokuratura\u00a0 provedla\u00a0 z\u00a0 ned\u011ble\u00a0 na pond\u011bl\u00ed\u00a0 razii\u00a0 u\u00a0 bratr\u016f\u00a0 Mindi\u010dov\u00fdch,\u00a0 kter\u00fdm\u00a0 se\u00a0 obecn\u011b na\u00a0 Ukrajin\u011b ne\u0159ekne\u00a0 jinak\u00a0 ne\u017e\u00a0 Zelensk\u00e9ho pen\u011b\u017eenky.<\/p>\n<p>Ta\u00a0 razie\u00a0 se odehr\u00e1la p\u0159es\u00a0 to,\u00a0 \u017ee\u00a0 Zelensk\u00fd,\u00a0 u\u017e\u00a0 od za\u010d\u00e1tku\u00a0 roku,\u00a0 od\u00a0 instalace\u00a0 Donalda\u00a0 Trumpa\u00a0 do B\u00edl\u00e9ho domu,\u00a0 nekompromisn\u011b po\u00a0 t\u011bchto\u00a0 dvou protikorup\u010dn\u00edch\u00a0 \u00fatvarech\u00a0 vyjel. \u0158adu jejich\u00a0 \u010deln\u00fdch\u00a0 funkcion\u00e1\u0159\u016f\u00a0 nechal\u00a0 p\u0159es\u00a0 tajnou policii SBU\u00a0 zav\u0159\u00edt,\u00a0 zbytek se\u00a0 sna\u017eil\u00a0 v\u0161emo\u017en\u011b\u00a0 zastra\u0161it.\u00a0 Vsadil na\u00a0 to,\u00a0 \u017ee\u00a0 mu to projde, proto\u017ee\u00a0 ob\u011b\u00a0 struktury\u00a0 byly\u00a0 v minulosti napojeny\u00a0 na\u00a0 americkou Demokratickou\u00a0 stranu\u00a0 a\u00a0 ta jim poskytovala\u00a0 kryt\u00ed proti\u00a0 Zelensk\u00e9mu.\u00a0 Po\u00a0 Trumpov\u011b\u00a0 v\u00edt\u011bzstv\u00ed\u00a0 Demokrat\u00e9\u00a0 \u0159e\u0161ili\u00a0 \u00fapln\u011b\u00a0 jin\u00e9 z\u00e1le\u017eitosti,\u00a0 ne\u017e\u00a0 jestli p\u0159e\u017eije\u00a0 jejich\u00a0 antikorup\u010dn\u00ed v\u00fdsadek v\u00a0 Kyjev\u011b\u00a0 nebo.<\/p>\n<p>Trump\u00a0 nem\u011bl prim\u00e1rn\u011b\u00a0 \u00a0d\u016fvod\u00a0 zasahovat a\u00a0 tak\u00e9 nezas\u00e1hl.\u00a0 A\u017e\u00a0 do h\u00e1dky\u00a0 se\u00a0 Zelensk\u00fdm v Ov\u00e1ln\u00e9\u00a0 pracovn\u011b.\u00a0 Ale\u00a0 to se d\u00edky\u00a0 evropsk\u00fdm papal\u00e1\u0161\u016fm n\u011bjak poda\u0159ilo nakonec\u00a0 utlapi\u010dkovat.\u00a0 Zelensk\u00fd\u00a0 se\u00a0 c\u00edtil\u00a0 siln\u00fd v\u00a0 kramflec\u00edch a jeho\u00a0 SB\u00da tak\u00e9.\u00a0 Za\u010dali konat. Dokonce a\u017e tak, \u017ee\u00a0 NABU\u00a0 i\u00a0 speci\u00e1ln\u00ed prokuraturu v podstat\u011b\u00a0 v\u00fdnosy\u00a0 ukrajinsk\u00e9ho parlamentu postavil\u00a0 mimo\u00a0 z\u00e1kon.\u00a0 Jen\u017ee\u00a0 se\u00a0 t\u011b\u017ece\u00a0 p\u0159epo\u010d\u00edtal.\u00a0 Evropa\u00a0 v\u00ed,\u00a0 \u017ee\u00a0 s\u00a0 Trumpem\u00a0 je odsouzena\u00a0 n\u00e9st sama\u00a0 b\u0159emeno\u00a0 financov\u00e1n\u00ed\u00a0 Ukrajiny\u00a0 a stejn\u011b tak\u00a0 v\u00ed,\u00a0 \u017ee se\u00a0 sv\u00fdmi dluhy\u00a0 si\u00a0 nijak\u00a0 nem\u016f\u017ee\u00a0 vyskakovat a\u00a0 \u017ee p\u0159i\u00a0 m\u00ed\u0159e\u00a0 ukrajinsk\u00e9 v\u00e1le\u010dn\u00e9\u00a0 korupce\u00a0 a\u00a0 rozkr\u00e1d\u00e1n\u00ed\u00a0 v\u00e1le\u010dn\u00fdch zdroj\u016f\u00a0 tamn\u00ed, rozum\u011bj\u00a0 Zelensk\u00e9ho \u2013 elitou,\u00a0 jde\u00a0 o\u00a0 neudr\u017eiteln\u00fd\u00a0 stav. Proto\u00a0 Evropa\u00a0 podn\u00edtila\u00a0 a v podstat\u011b\u00a0 organizovala\u00a0 protikorup\u010dn\u00ed\u00a0 Majdan\u00a0 v l\u00e9t\u011b a\u00a0 dala\u00a0 drah\u00e9mu Volodymyrovi\u00a0 jasn\u011b na\u00a0 srozum\u011bnou,\u00a0 \u017ee\u00a0 mu\u00a0 \u00fatok a na protikorup\u010dn\u00ed\u00a0 slo\u017eky\u00a0 rozhodn\u011b\u00a0 nehodl\u00e1\u00a0 tolerovat\u00a0 ani v nejmen\u0161\u00edm.\u00a0 Drah\u00fd\u00a0 Volodymyr, evidentn\u011b\u00a0 velmi zasko\u010den\u00fd, couvl. Nechal p\u0159es\u00a0 sv\u00e9 poslance\u00a0 sporn\u00e9\u00a0 z\u00e1kony\u00a0 zru\u0161it,\u00a0 ov\u0161em kl\u00ed\u010dov\u00e9\u00a0 policisty\u00a0 z NABU\u00a0 d\u00e1l\u00a0 dr\u017e\u00ed\u00a0 za\u00a0 m\u0159\u00ed\u017eemi a\u00a0 naopak se sna\u017eil\u00a0 vystav\u011bt proti nim obvin\u011bn\u00ed, \u017ee\u00a0 jednaj\u00ed\u00a0 na p\u0159\u00edkaz a\u00a0 v z\u00e1jmu Moskvy.<br \/>\nSoukrom\u011b\u00a0 sleduji\u00a0 tuhle\u00a0 d\u011bjovou linku\u00a0 velmi\u00a0 d\u016fkladn\u011b a\u00a0 v\u00a0 posledn\u00ed\u00a0 dob\u011b\u00a0 bych si\u00a0 byl\u00a0 u\u017e\u00a0 vsadil op\u011bt na\u00a0 to,\u00a0 \u017ee\u00a0 dny\u00a0 NABU\u00a0 jsou\u00a0 se\u010dteny, za\u010dne\u00a0 dal\u0161\u00ed\u00a0 vlna\u00a0 zat\u00fdk\u00e1n\u00ed\u00a0 jejich\u00a0 policist\u016f a\u00a0 Zelensk\u00fd p\u0159ejde\u00a0 do\u00a0 drtiv\u00e9 protiofenzivy.<\/p>\n<p>Jen\u017ee\u00a0 n\u00e1hle\u00a0 se objevila\u00a0 zpr\u00e1va\u00a0 EU o\u00a0 stavu\u00a0 p\u0159\u00edstupov\u00fdch\u00a0 jedn\u00e1n\u00ed\u00a0 mezi uHni\u00ed\u00a0 a Kyjevem,\u00a0 kter\u00e1 , na pom\u011bry\u00a0 EU a\u00a0 jej\u00ed\u00a0 ope\u010dov\u00e1v\u00e1n\u00ed\u00a0 drah\u00e9ho Volodymyra\u00a0 m\u011bla\u00a0 docela\u00a0 docela\u00a0 ne\u010dekan\u00e9\u00a0 gr\u00e1dy.\u00a0 Dokonce takov\u00e9,\u00a0 \u017ee\u00a0 se objevil n\u00e1vrh,\u00a0 aby\u00a0 EU\u00a0 p\u0159\u00ed\u0161t\u00ed\u00a0 nov\u00e9\u00a0 \u010dleny\u00a0 p\u0159ij\u00edmala\u00a0 nejprve na zkou\u0161ku!\u00a0 Drah\u00fd\u00a0 Volodymyr okam\u017eit\u011b\u00a0 vylet\u011bl\u00a0 jako \u010dert\u00edk z\u00a0 krabi\u010dky \u2013 j\u00e1\u00a0 chci jen pln\u00e9\u00a0 \u010dlenstv\u00ed!\u00a0 S\u00a0 t\u00f3nem, na jak\u00fd\u00a0 byl\u00a0 zvykl\u00fd!!!<\/p>\n<p>P\u0159estto\u00a0 se mi zd\u00e1lo,\u00a0 \u017ee\u00a0 u\u017e\u00a0 v\u0161echno\u00a0 tak n\u011bjak kontroluje..<\/p>\n<p>A\u00a0 najednou p\u0159epadovka\u00a0 NABU\u2026. u Mindi\u010d\u016f. Ti\u00a0 sice dostali\u00a0 echo a\u00a0 v\u010das\u00a0 zmizeli,\u00a0 nicm\u00e9n\u011b\u00a0 dokonale\u00a0 uklidit\u00a0 nedok\u00e1zali.\u00a0 NABU\u00a0 uk\u00e1zala\u00a0 nap\u0159\u00edklad\u00a0 tohle:<\/p>\n<p><a href=\"https:\/\/vlkovobloguje.wordpress.com\/?attachment_id=1030479\" rel=\"attachment wp-att-1030479\"><img decoding=\"async\" loading=\"lazy\" class=\"aligncenter size-full wp-image-1030479\" src=\"https:\/\/vlkovobloguje.wordpress.com\/wp-content\/uploads\/2025\/11\/screenshot-2025-11-10-at-18-49-01-legitimni-e28093-telegram.png\" sizes=\"(max-width: 448px) 100vw, 448px\" srcset=\"https:\/\/vlkovobloguje.wordpress.com\/wp-content\/uploads\/2025\/11\/screenshot-2025-11-10-at-18-49-01-legitimni-e28093-telegram.png 448w, https:\/\/vlkovobloguje.wordpress.com\/wp-content\/uploads\/2025\/11\/screenshot-2025-11-10-at-18-49-01-legitimni-e28093-telegram.png?w=115&amp;h=150 115w, https:\/\/vlkovobloguje.wordpress.com\/wp-content\/uploads\/2025\/11\/screenshot-2025-11-10-at-18-49-01-legitimni-e28093-telegram.png?w=230&amp;h=300 230w\" alt=\"\" width=\"448\" height=\"585\" data-attachment-id=\"1030479\" data-permalink=\"https:\/\/vlkovobloguje.wordpress.com\/2025\/11\/11\/zelenskeho-hodina-gauner-nebo-hrdina\/screenshot-2025-11-10-at-18-49-01-legitimni-telegram\/\" data-orig-file=\"https:\/\/vlkovobloguje.wordpress.com\/wp-content\/uploads\/2025\/11\/screenshot-2025-11-10-at-18-49-01-legitimni-e28093-telegram.png\" data-orig-size=\"448,585\" data-comments-opened=\"0\" data-image-meta=\"{&quot;aperture&quot;:&quot;0&quot;,&quot;credit&quot;:&quot;&quot;,&quot;camera&quot;:&quot;&quot;,&quot;caption&quot;:&quot;&quot;,&quot;created_timestamp&quot;:&quot;0&quot;,&quot;copyright&quot;:&quot;&quot;,&quot;focal_length&quot;:&quot;0&quot;,&quot;iso&quot;:&quot;0&quot;,&quot;shutter_speed&quot;:&quot;0&quot;,&quot;title&quot;:&quot;&quot;,&quot;orientation&quot;:&quot;0&quot;}\" data-image-title=\"Screenshot 2025-11-10 at 18-49-01 Legitimn\u00ed \u2013 Telegram\" data-image-description=\"\" data-image-caption=\"\" data-medium-file=\"https:\/\/vlkovobloguje.wordpress.com\/wp-content\/uploads\/2025\/11\/screenshot-2025-11-10-at-18-49-01-legitimni-e28093-telegram.png?w=230\" data-large-file=\"https:\/\/vlkovobloguje.wordpress.com\/wp-content\/uploads\/2025\/11\/screenshot-2025-11-10-at-18-49-01-legitimni-e28093-telegram.png?w=448\" \/><\/a><\/p>\n<p>Ale m\u00e1\u00a0 j\u00edt\u00a0 jen\u00a0 o\u00a0 drobn\u00e9.\u00a0 Nemus\u00ed\u00a0 v\u00e1m\u00a0 to tak p\u0159ipadat,\u00a0 ale opravdu\u00a0 drobn\u00e9. Nicm\u00e9n\u011b\u00a0 je\u0161t\u011b\u00a0 hor\u0161\u00ed\u00a0 je\u00a0 skute\u010dnost,\u00a0 \u017ee\u00a0 NABU a prokuratura\u00a0 pr\u00fd\u00a0 disponuj\u00ed\u00a0 velmi\u00a0 detailn\u00edmi nahr\u00e1vkami bratr\u016f\u00a0 Mindi\u010dov\u00fdch a pr\u00fd\u00a0 i samotn\u00e9ho Zelensk\u00e9ho ohledn\u011b\u00a0 velmi zaj\u00edmav\u00fdch\u00a0 souvislosti. A\u00a0 to\u00a0 v\u00a0 rozsahu\u00a0 a\u017e\u00a0 1 000\u00a0 hodin!!!! Slovy\u00a0 jeden\u00a0 tis\u00edc\u00a0 hodin\u00a0 nahr\u00e1vek.\u00a0 To\u00a0 jsou 3 hodinky\u00a0 denn\u011b\u00a0 po dobu\u00a0 jednoho\u00a0 roku.\u00a0 A\u00a0 nebo\u00a0 jedna\u00a0 hodinka\u00a0 ka\u017ed\u00fd\u00a0 den po dobu\u00a0 trv\u00e1n\u00ed\u00a0 v\u00e1lky\u2026. To\u00a0 bude ourodi\u010dka! Bli\u017e\u0161\u00ed\u00a0 detaily\u00a0 p\u0159\u00edpadu\u00a0 viz\u00a0 dne\u0161n\u00ed Ernest.<\/p>\n<p>Ukrajinsk\u00e9\u00a0 zdroje, ty odv\u00e1\u017en\u011bj\u0161\u00ed\u00a0 hovo\u0159\u00ed\u00a0 a\u017e\u00a0 o des\u00edtk\u00e1ch miliard. Nikoli\u00a0 h\u0159iven, nikoli\u00a0 korun, n\u00fdbr\u017e\u00a0 dolar\u016f.\u00a0 Co\u00a0 by\u00a0 v\u00e1le\u010dn\u00fd\u00a0 vejvar\u00a0 klanu, jeho\u017e pokladn\u00edky\u00a0 byli\u00a0 brat\u0159i Mindi\u010dov\u00e9.<\/p>\n<p>Jestli\u00a0 tomu tak\u00a0 je nebo\u00a0 bude,\u00a0 jedn\u00e1 se\u00a0 o tektonick\u00fd\u00a0 posuv\u00a0 na\u00a0 Ukrajin\u011b. Jak\u00fd p\u0159esn\u011b?\u00a0 T\u011b\u017eko\u00a0 \u0159\u00edci.<\/p>\n<p>Ukrajinsk\u00e9\u00a0 zdroje\u00a0 tuto\u00a0 kauzu popisuj\u00edc\u00ed\u00a0 tvrd\u00ed, \u017ee<\/p>\n<p>Pokud globalist\u00e9 dali rozkaz za\u00fato\u010dit na Zelensk\u00e9ho pen\u011b\u017eenku, pak:<br \/>\n1. Cht\u011bj\u00ed ho ud\u011blat poslu\u0161n\u011bj\u0161\u00edm, proto\u017ee Zelenskyj se vymkl kontrole a za\u010dal se pod\u0159izovat Trumpovu velen\u00ed, co\u017e se globalist\u016fm a sorosovc\u016fm opravdu nel\u00edb\u00ed.<br \/>\n2. P\u0159ipravuj\u00ed se na odvol\u00e1n\u00ed Zelensk\u00e9ho.<br \/>\n3. Za\u010d\u00ednaj\u00ed p\u0159\u00edpravy na volby.<br \/>\n4. Prob\u00edh\u00e1 boj o p\u0159\u00edpad zbrojn\u00edho n\u00e1kupu, kter\u00fd Zelenskyj\/Jermak t\u00e9m\u011b\u0159 kompletn\u011b vyu\u017eili ve sv\u016fj prosp\u011bch. To se mnoha lidem v EU\/Lond\u00fdn\u011b nel\u00edb\u00ed.<\/p>\n<p>Jin\u00e9\u00a0 pak,\u00a0 \u017ee bude Zelensk\u00e9mu p\u0159edlo\u017eena \u00a0protinab\u00eddka. Samotn\u00fd p\u0159\u00edpad a jeho publicita budou zastaveny a Zelenskyj bude m\u00edsto toho nucen k ur\u010dit\u00fdm \u00fastupk\u016fm a podniknut\u00ed\u00a0 nezbytn\u00fdch kroky.<br \/>\nP\u0159edev\u0161\u00edm\u00a0 \u00a0zp\u0159\u00edsn\u011bn\u00ed mobilizace a\u00a0 jej\u00ed\u00a0 roz\u0161\u00ed\u0159en\u00ed\u00a0 o dal\u0161\u00ed,\u00a0 dosud\u00a0 vyjmut\u00e9\u00a0 ro\u010dn\u00edky.<br \/>\nPokud Zelenskyj odm\u00edtne, za\u010dnou eskalovat\u00a0 p\u0159\u00edpad Mindi\u010d a zam\u011b\u0159\u00ed se na Jermaka jako hlavn\u00edho kur\u00e1tora v\u0161ech \u0161ed\u00fdch sch\u00e9mat.<\/p>\n<p>J\u00e1\u00a0 osobn\u011b\u00a0 si um\u00edm\u00a0 p\u0159edstavit\u00a0 i jin\u00e9\u00a0 schema.\u00a0 Nap\u0159\u00edklad\u00a0 s\u00a0 involvenc\u00ed\u00a0 Trumpa.\u00a0 Je\u00a0 st\u00e1le\u00a0 z\u0159ejm\u011bj\u0161\u00ed,\u00a0 \u017ee na\u00a0 Alja\u0161ce\u00a0 do\u0161lo\u00a0 k n\u011bjak\u00e9\u00a0 dohod\u011b\u00a0 obou prezident\u016f. Ale\u00a0 \u017ee\u00a0 Trump\u00a0 nen\u00ed schopen,\u00a0 z\u00a0 r\u016fzn\u00fdch\u00a0 d\u016fvod\u016f,\u00a0 uhr\u00e1t\u00a0 sv\u016fj\u00a0 part.\u00a0 kv\u016fli\u00a0 odporu Zelensk\u00e9ho a\u00a0 Evropan\u016f.<\/p>\n<p>\u017de\u00a0 Ameri\u010dan\u00e9\u00a0 disponuj\u00ed\u00a0 ohledn\u011b\u00a0 ukrajinsk\u00e9 korupce a\u00a0 to v\u010detn\u011b\u00a0 t\u00e9 v tom nejho\u0159ej\u0161\u00edm\u00a0 kyjevsk\u00e9m pat\u0159e\u00a0 dokonal\u00e9\u00a0 informace, na\u00a0 to lze\u00a0 vz\u00edt\u00a0 jed.\u00a0 Nev\u011b\u0159\u00edm, \u017ee\u00a0 Trump\u00a0 Zelensk\u00e9mu zapomn\u011bl\u00a0 to\u00a0 extempore\u00a0 z B\u00edl\u00e9ho domu.\u00a0 Na\u00a0 to je p\u0159\u00edli\u0161\u00a0 je\u0161itn\u00fd a\u00a0 sebest\u0159edn\u00fd.\u00a0 A\u00a0 tu Nobelovku\u00a0 chce a\u00a0 chce\u00a0 a chce.<\/p>\n<p>Korup\u010dn\u00ed\u00a0 skand\u00e1l,\u00a0 kter\u00fd\u00a0 by\u00a0 drah\u00e9mu\u00a0 Volodymyrovi\u00a0 zava\u0159il a\u00a0 ud\u011blal\u00a0 jej\u00a0 daleko povoln\u011bj\u0161\u00edm,\u00a0 \u017ee\u00a0 by mu\u00a0 byl proti mysli?<\/p>\n<p>Drah\u00fd\u00a0 Volodymyr\u00a0 p\u0159edstavuje\u00a0 obrovsk\u00fd probl\u00e9m pro\u00a0 Evropu.\u00a0 Ta\u00a0 jej\u00a0 l\u00ed\u010d\u00ed\u00a0 jako svat\u00e9ho.\u00a0 V\u017edy\u0165 p\u0159ece na\u00a0 Donbase, jak\u00a0 jsme\u00a0 st\u00e1le p\u0159esv\u011bd\u010dov\u00e1ni, se bojuje\u00a0 za Prahu,\u00a0 Berl\u00edn, Pa\u0159\u00ed\u017e, Lond\u00fdn, Brusel, Koda\u0148 a v\u016fbec\u00a0 za\u00a0 celou\u00a0 Evropu.<\/p>\n<p>Prot\u0159el\u00ed\u00a0 evrop\u0161t\u00ed papal\u00e1\u0161i\u00a0 dob\u0159e\u00a0 v\u011bd\u00ed, co je\u00a0 drah\u00fd\u00a0 Volodymyr\u00a0 za\u010d.\u00a0 A p\u0159i nejmen\u0161\u00edm\u00a0 aspo\u0148\u00a0 v hrub\u00fdch p\u0159edstav\u00e1ch\u00a0 tu\u0161\u00ed, zda a kolik\u00a0 mu ze z\u00e1padn\u00ed\u00a0 pomoci\u00a0 p\u0159\u00edpadn\u011b\u00a0 z\u016fstalo za\u00a0 nehty. A\u00a0 te\u010f\u00a0 si p\u0159edstavte,\u00a0 \u017ee by\u00a0 tihle\u00a0 lid\u00e9\u00a0 zah\u00e1jili\u00a0 \u0161et\u0159en\u00ed,\u00a0 kter\u00e9\u00a0 by\u00a0 nakonec\u00a0 odhalilo,\u00a0 \u017ee\u00a0 bezprost\u0159edn\u00ed\u00a0 okol\u00ed prezidenta rozkradlo\u00a0 miliardy\u00a0 dolar\u016f, poskytnut\u00fdch Ukrajin\u011b\u00a0 evropsk\u00fdmi papal\u00e1\u0161i\u00a0 z prost\u0159edk\u016f\u00a0 evropsk\u00fdch\u00a0 da\u0148ov\u00fdch poplatn\u00edk\u016f.\u00a0 Snadno\u00a0 si p\u0159edstavit,\u00a0 jakou\u00a0 vlnu\u00a0 nevole\u00a0 by\u00a0 to vyvolalo\u00a0 nap\u0159\u00ed\u010d\u00a0 Evropou!!! Nevid\u00edm zp\u016fsob,\u00a0 jak by\u00a0 Leyenov\u00e9,\u00a0 Macroni, Merzov\u00e9,\u00a0 a\u00a0 dal\u0161\u00ed\u00a0 unikli\u00a0 opravdu tvrd\u00e9\u00a0 vln\u011b\u00a0 nespokojenosti.\u00a0 kdy\u017e\u00a0 v\u00a0 sou\u010dasnosti\u00a0 prask\u00e1\u00a0 ve v\u0161ech\u00a0 zem\u00edch uHnie\u00a0 soci\u00e1ln\u00ed st\u00e1t ve\u00a0 \u0161vech!!!<\/p>\n<p>A\u00a0 tlak na\u00a0 Zelensk\u00e9ho\u00a0 a\u00a0 hrozba\u00a0 dal\u0161\u00edm vy\u0161et\u0159ov\u00e1n\u00edm\u00a0 v\u00a0 t\u00e9to souvislosti od nich??? To\u00a0 mi p\u0159ijde jako snaha\u00a0 n\u011bkoho,\u00a0 kdo si postavil\u00a0 hr\u00e1z,\u00a0 aby\u00a0 mu\u00a0 zadr\u017eovala\u00a0 vodu,\u00a0 vyt\u00e1hnout\u00a0 z\u00a0 t\u00e9 hr\u00e1ze\u00a0 jak\u00fdsi\u00a0 velk\u00fd\u00a0 k\u00e1men.\u00a0 S\u00a0 v\u00edrou,\u00a0 \u017ee hr\u00e1z\u00a0 bude\u00a0 dr\u017eet l\u00e9pe\u00a0 a v\u00edce.<\/p>\n<p>Netu\u0161\u00edm, co\u00a0 je\u00a0 spr\u00e1vn\u011b, ale\u00a0 drah\u00fd\u00a0 Volodymyr\u00a0 za\u010d\u00edn\u00e1 viditeln\u011b\u00a0 vadit.\u00a0 Komu, jak a jak moc\u00a0 p\u0159esn\u011b\u00a0 se\u00a0 m\u016f\u017eeme\u00a0 jen dohadovat.\u00a0 Evropa? Amerika?\u00a0 donutit\u00a0 ho,\u00a0 aby na\u00a0 frontu\u00a0 poslal na\u00a0 smrt\u00a0 \u00a0v\u0161echno od\u00a0 18 let\u00a0 v\u00fd\u0161e? Nebo\u00a0 jen\u00a0 aby kone\u010dn\u011b\u00a0 pochopil realitu a\u00a0 k\u00fdvl\u00a0 na\u00a0 rusk\u00e9 podm\u00ednky?\u00a0 nebo alespo\u0148\u00a0 v\u011bt\u0161inu?<\/p>\n<p>\u010cas\u00a0 uk\u00e1\u017ee.\u00a0 Nicm\u00e9n\u011b\u00a0 n\u011bco se\u00a0 d\u011bje.\u00a0 Drah\u00fd\u00a0 Volodymyr\u00a0 u\u017e\u00a0 za\u010d\u00edn\u00e1\u00a0 b\u00fdt zkr\u00e1tka a\u00a0 dob\u0159e\u00a0 drah\u00fd\u00a0 \u00fapln\u011b pro v\u0161echny.<\/p>\n<p>Nicm\u00e9n\u011b, jednou v\u00e1lka skon\u010d\u00ed.\u00a0 A pak se\u00a0 dozv\u00ed\u00a0 sv\u011bt, ale p\u0159edev\u0161\u00edm Evropa\u00a0 o detailech\u00a0 toho, co v\u0161echno tahle\u00a0 v\u00e1lka p\u0159edstavovala a ko\u0161tovala.\u00a0 A\u00a0 nejsp\u00ed\u0161\u00a0 evropsk\u00e9\u00a0 elity\u00a0 za\u017eij\u00ed\u00a0 hodn\u011b\u00a0 pern\u00e9\u00a0 chv\u00edle. A\u017e\u00a0 budou m\u00edt\u00a0 vysv\u011btlovat,\u00a0 jak\u00a0 n\u011bco takov\u00e9ho, jako\u00a0 je\u00a0 drah\u00fd\u00a0 Volodymyr\u00a0 a jeho\u00a0 klan\u00a0 tak dlouho a tak\u00a0 mohutn\u011b podporovaly. A m\u016f\u017ee\u00a0 b\u00fdt, \u017ee\u00a0 za\u00a0 to po\u0159\u00e1dn\u011b\u00a0 zaplat\u00ed<\/p>\n<p>Nen\u00ed sporu o\u00a0 tom,\u00a0 \u017ee\u00a0 Zelensk\u00fd p\u0159edstavuje\u00a0 zcela\u00a0 z\u00e1sadn\u00ed\u00a0 p\u0159ek\u00e1\u017eku\u00a0 v pokroku m\u00edrov\u00fdch\u00a0 jedn\u00e1n\u00ed.\u00a0 Ov\u0161em pokud\u00a0 si d\u011bl\u00e1te\u00a0 nad\u011bje,\u00a0 \u017ee\u00a0 t\u0159eba\u00a0 jeho p\u00e1dem by\u00a0 se mnoh\u00e9\u00a0 usnadnilo,\u00a0 pak\u2026\u00a0 pak\u00a0 vezm\u011bte\u00a0 na\u00a0 v\u011bdom\u00ed,\u00a0 \u017ee\u00a0 Lond\u00fdn a\u00a0 evropa\u00a0 u\u017e se\u00a0 d\u00e1vno na\u00a0 tuto\u00a0 eventualitu p\u0159ipravili.\u00a0 Nen\u00ed\u00a0 n\u00e1hodou,\u00a0 \u017ee\u00a0 b\u00fdval\u00fd\u00a0 vrchn\u00ed\u00a0 ukrajinsk\u00fd\u00a0 velitel\u00a0 gener\u00e1l Zalu\u017en\u00fd\u00a0 velvyslancuje\u00a0 v Lond\u00fdn\u011b.\u00a0 Co\u017e\u00a0 i\u00a0 ukrajinsk\u00e1\u00a0 media\u00a0 \u00a0prezentovala\u00a0 jako\u00a0 Zelensk\u00e9ho\u00a0 v\u00edt\u011bzstv\u00ed\u00a0 v mocensk\u00e9m st\u0159etu t\u011bch\u00a0 dvou.\u017de\u00a0 Zalu\u017en\u00e9ho\u00a0 \u00fasp\u011b\u0161n\u011b odsunul,\u00a0 aby mu politicky\u00a0 nekonkuroval. J\u00e1\u00a0 to hodnot\u00edm jinak.\u00a0 Britov\u00e9, dle m\u00e9ho n\u00e1zoru\u00a0 si\u00a0 Zalu\u017en\u00e9ho\u00a0 p\u0159evzali do sv\u00e9 p\u00e9\u010de, aby\u00a0 si\u00a0 ho dokonale\u00a0 vycepovali\u00a0 pro\u00a0 nasazen\u00ed\u00a0 v\u00a0 p\u0159\u00edpad\u011b\u00a0 nutnosti pou\u017e\u00edt pl\u00e1n\u00a0 B.\u00a0 tedy, \u017ee\u00a0 by\u00a0 se drah\u00fd\u00a0 Volodymyr\u00a0 stal\u00a0 u\u017e neudr\u017eitelnou figurou.\u00a0 A\u0165\u00a0 u\u017e\u00a0 kv\u016fli\u00a0 sv\u00e9\u00a0 sv\u00e9hlavosti,\u00a0 sv\u00e9mu narcisismu,\u00a0 sv\u00e9 korupci,\u00a0 sv\u00e9\u00a0 neschopnosti\u00a0 vid\u011bt\u00a0 vojenskou\u00a0 situaci\u00a0 re\u00e1ln\u011b\u00a0 nebo kv\u016fli\u00a0 \u010demukoli jin\u00e9mu.<\/p>\n<p>Zalu\u017en\u00fd\u00a0 v Lond\u00fdn\u011b\u00a0 je\u00a0 zbaven\u00a0 automaticky\u00a0 v\u0161ech t\u011bchto\u00a0 skvrn.\u00a0 Snadno se mu\u00a0 nav\u00edc\u00a0 dod\u00e1\u00a0 svatoz\u00e1\u0159\u00a0 hrdiny,\u00a0 kter\u00e9ho\u00a0 jen podlou intrikou zbavili velen\u00ed.\u00a0 Jen\u017e\u00a0 bude pokra\u010dovat v\u00a0 hrdinsk\u00e9m odporu\u00a0 proti mongolsk\u00fdm\u00a0 hord\u00e1m.<\/p>\n<p>A\u00a0 Zalu\u017en\u00fd\u00a0 je\u00a0 p\u0159ipraven.\u00a0 U\u017e\u00a0 \u010dek\u00e1!\u00a0 P\u0159ed\u00a0 p\u00e1r\u00a0 dny\u00a0 dal\u00a0 rozhovor\u00a0 pro New\u00a0 York Post.\u00a0 A\u00a0 to mimo\u0159\u00e1dn\u011b\u00a0 svalnat\u00e9, jak se\u00a0 angli\u010dtin\u00e1\u0159i\u00a0 mezi\u00a0 v\u00e1mi snadno p\u0159esv\u011bd\u010d\u00ed\u00a0 \u2013\u00a0 viz<\/p>\n<h4 class=\"western\"><a href=\"https:\/\/www.pressreader.com\/usa\/new-york-post\/20251109\/282243786855277?srsltid=AfmBOoqrP8wdPmkBSGTRk_1HjhebAjl_zrPanu_Axxh75rpNmVIn3Oqn\"><strong>WORDS ARE WEAPONS<\/strong><\/a><\/h4>\n<p>Zjednodu\u0161en\u011b\u00a0 \u0159e\u010deno \u2013 Zalu\u017en\u00fd vyzval k dosa\u017een\u00ed \u201em\u00edru skrze v\u00edt\u011bzstv\u00ed\u201c a dokud se tak nestane, Ukrajina \u201ebude bojovat na v\u0161ech front\u00e1ch: vojensk\u00e9, politick\u00e9 i diplomatick\u00e9\u201c.<\/p>\n<p>Prost\u011b\u00a0 m\u00edr\u00a0 bude\u00a0 tehdy,\u00a0 a\u017e\u00a0 Ukrajina nad\u00a0 Ruskem\u00a0 zv\u00edt\u011bz\u00ed. Te\u010dka!<\/p>\n<p>U\u017e\u00a0 v\u00edte\u00a0 co\u00a0 znamen\u00e1\u00a0 heslo vyh\u00e1n\u011bt\u00a0 \u010f\u00e1bla\u00a0 belzebubem?\u00a0 Asi\u00a0 tolik,\u00a0 jako vyh\u00e1n\u011bt\u00a0 Zelensk\u00e9ho p\u0159\u00edpadn\u011b\u00a0 Zalu\u017en\u00fdm.<\/p>\n<p>Ale\u00a0 ta\u00a0 megakorup\u010dn\u00ed\u00a0 kauza, co se\u00a0 rozjela\u00a0 te\u010f\u00a0 v Kyjev\u011b\u00a0 nejsp\u00ed\u0161\u00a0 p\u0159inese\u00a0 opravdu\u00a0 Ein\u00a0 Kessel Buntes.<\/p>\n<p>Tady\u00a0 nejde\u00a0 o sourozence\u00a0 se znam\u00e9nkem\u00a0 o\u00a0 velikosti\u00a0 mexick\u00e9ho\u00a0 dolaru!\u00a0 Tady jde\u00a0 o\u00a0 bratrstvo\u00a0 t\u011bch,\u00a0 jejich\u017e\u00a0 znam\u00e9nku by bylo o velikosti\u00a0 miliard\u00a0 dolar\u016f. Americk\u00fdch.<\/p>\n<p>Nem\u016f\u017eeme\u00a0 d\u011blat\u00a0 nic\u00a0 jin\u00e9ho,\u00a0 ne\u017e\u00a0 \u010dekat a\u00a0 \u010dekat\u00a0 a\u00a0 \u010dekat\u2026 N\u00e1s\u00a0 se\u00a0 toti\u017e\u00a0 nikdo na nic pt\u00e1t\u00a0 nebude. Jsme postradateln\u00ed.<\/p>\n<p>Gauner\u00a0 nebo\u00a0 hrdina -Zelensk\u00e9ho\u00a0 hodina! Pr\u00e1v\u011b\u00a0 odb\u00edj\u00ed!<\/p>\n<p><a href=\"https:\/\/vlkovobloguje.wordpress.com\/2025\/11\/11\/zelenskeho-hodina-gauner-nebo-hrdina\/\">Petr Vlk<\/a><\/p>\n<p><img decoding=\"async\" loading=\"lazy\" class=\"alignnone size-full wp-image-63439\" src=\"http:\/\/www.infokuryr.cz\/n\/wp-content\/uploads\/2024\/10\/petr-vlk.jpg\" alt=\"\" width=\"182\" height=\"176\" \/><\/p>\n","protected":false},"excerpt":{"rendered":"<p>Onu proslulou\u00a0 hl\u00e1\u0161ku\u00a0 z Limon\u00e1dov\u00e9ho Joea \u2013\u00a0 gauner nebo\u00a0 hrdina,\u00a0 v\u0161ichni jedna\u00a0 rodina!,\u00a0 nepochybn\u011b\u00a0 zn\u00e1te.\u00a0&#8230;<\/p>\n","protected":false},"author":2,"featured_media":14168,"comment_status":"closed","ping_status":"closed","sticky":false,"template":"","format":"standard","meta":[],"categories":[6],"tags":[1042,207,26,1000],"_links":{"self":[{"href":"https:\/\/www.infokuryr.cz\/n\/wp-json\/wp\/v2\/posts\/92016"}],"collection":[{"href":"https:\/\/www.infokuryr.cz\/n\/wp-json\/wp\/v2\/posts"}],"about":[{"href":"https:\/\/www.infokuryr.cz\/n\/wp-json\/wp\/v2\/types\/post"}],"author":[{"embeddable":true,"href":"https:\/\/www.infokuryr.cz\/n\/wp-json\/wp\/v2\/users\/2"}],"replies":[{"embeddable":true,"href":"https:\/\/www.infokuryr.cz\/n\/wp-json\/wp\/v2\/comments?post=92016"}],"version-history":[{"count":1,"href":"https:\/\/www.infokuryr.cz\/n\/wp-json\/wp\/v2\/posts\/92016\/revisions"}],"predecessor-version":[{"id":92017,"href":"https:\/\/www.infokuryr.cz\/n\/wp-json\/wp\/v2\/posts\/92016\/revisions\/92017"}],"wp:featuredmedia":[{"embeddable":true,"href":"https:\/\/www.infokuryr.cz\/n\/wp-json\/wp\/v2\/media\/14168"}],"wp:attachment":[{"href":"https:\/\/www.infokuryr.cz\/n\/wp-json\/wp\/v2\/media?parent=92016"}],"wp:term":[{"taxonomy":"category","embeddable":true,"href":"https:\/\/www.infokuryr.cz\/n\/wp-json\/wp\/v2\/categories?post=92016"},{"taxonomy":"post_tag","embeddable":true,"href":"https:\/\/www.infokuryr.cz\/n\/wp-json\/wp\/v2\/tags?post=92016"}],"curies":[{"name":"wp","href":"https:\/\/api.w.org\/{rel}","templated":true}]}}