{"id":92015,"date":"2025-11-12T00:22:15","date_gmt":"2025-11-11T23:22:15","guid":{"rendered":"https:\/\/www.infokuryr.cz\/n\/?p=92015"},"modified":"2025-11-11T12:13:55","modified_gmt":"2025-11-11T11:13:55","slug":"kdo-z-koho","status":"publish","type":"post","link":"https:\/\/www.infokuryr.cz\/n\/2025\/11\/12\/kdo-z-koho\/","title":{"rendered":"Kdo z koho"},"content":{"rendered":"<div id=\"fb-root\"><\/div>\n<p><em>\u201eJsme jedn\u00e9 krve, ty i j\u00e1\u2026\u201c<\/em>\u00a0je slavn\u00fd cit\u00e1t z d\u00edla\u00a0Rudyarda Kiplinga, Toto logo zastupuje z\u00e1kon d\u017eungle a symbolizuje vz\u00e1jemnou soun\u00e1le\u017eitost a respekt mezi r\u016fzn\u00fdmi druhy v\u00a0p\u0159\u00edrod\u011b. Je nad slunce jasn\u00e9, \u017ee pr\u00e1v\u011b takto promlouv\u00e1 n\u00e1\u0161 bohu\u017eel-prezident k odch\u00e1zej\u00edc\u00edmu\u00a0Petru Fialovi, ne\u017e k\u00a0Andreji Babi\u0161ovi. Toho ale do \u010dela vynesla v\u016fle voli\u010d\u016f a jeho o\u010dek\u00e1v\u00e1n\u00ed stejn\u00e9ho osloven\u00ed je legitimn\u00edm o\u010dek\u00e1v\u00e1n\u00edm demokraticky zvolen\u00e9ho politika.<\/p>\n<p>Postav\u00ed se Petr Pavel proti v\u016fli voli\u010d\u016f? Pokus\u00ed se o pu\u010d?<\/p>\n<p>C\u00edlem volebn\u00ed sout\u011b\u017ee nen\u00ed nutn\u011b skon\u010dit ve volb\u00e1ch na prvn\u00edm m\u00edst\u011b, ale naj\u00edt mezi poslanci parlamentu \u010cR tu proslavenou stojedni\u010dku. Prezident by samoz\u0159ejm\u011b m\u011bl pov\u011b\u0159ovat n\u011bkoho, kdo bude schopen sestavit minim\u00e1ln\u011b stojedni\u010dkovou koalici. A pokud by byl druh\u00fd v po\u0159ad\u00ed, ale byla tam pravd\u011bpodobnost, \u017ee bude oproti prvn\u00edmu schopen naj\u00edt v\u011bt\u0161inu, tak pak asi nem\u00e1 smysl se zdr\u017eovat t\u00edm, \u017ee nejd\u0159\u00edv pov\u011b\u0159\u00edm v\u00edt\u011bze, u kter\u00e9ho v\u00edme, \u017ee stejn\u011b v\u011bt\u0161inu nesestav\u00ed a a\u017e pak budeme sm\u011b\u0159ovat k tomu, kdo je schopen v\u011bt\u0161inu sestavit. T\u00edm zab\u00edj\u00edme \u010das.<\/p>\n<p>Bude cht\u00edt Petr Pavel zab\u00edjet \u010das, aby prodlou\u017eil fungov\u00e1n\u00ed vl\u00e1dy Petra Fialy v k\u00f3matu?<\/p>\n<p>M\u00e1 na to dva pokusy. Poprv\u00e9 jmenuje (jin\u00e9ho) p\u0159edsedu vl\u00e1dy, na jeho n\u00e1vrh ministry a ti mus\u00ed do t\u0159iceti dn\u016f proj\u00edt testem d\u016fv\u011bry. Mus\u00ed tedy p\u0159edstoupit p\u0159ed Poslaneckou sn\u011bmovnou a po\u017e\u00e1dat o vysloven\u00ed d\u016fv\u011bry. Tak\u017ee aby mohla vl\u00e1da vl\u00e1dnout, mus\u00ed b\u00fdt vyslovena d\u016fv\u011bra v Poslaneck\u00e9 sn\u011bmovn\u011b.\u00a0M\u016f\u017ee se st\u00e1t, \u017ee to nenastane. To u\u017e tak\u00e9 zn\u00e1me z\u00a0historie. Potom m\u00e1 prezident druh\u00fd pokus na to jmenovat premi\u00e9ra, kter\u00fd projde testem d\u016fv\u011bry. Pokud by se to ani na podruh\u00e9 nepovedlo, tak potom dostane d\u016fv\u011bru p\u0159edseda Poslaneck\u00e9 sn\u011bmovny, kter\u00fd zn\u00e1 rozlo\u017een\u00ed sil v Poslaneck\u00e9 sn\u011bmovn\u011b. P\u0159ed chv\u00edl\u00ed jsme \u0159ekli, \u017ee musel proj\u00edt sestavov\u00e1n\u00edm koalic. Tak\u017ee v p\u0159\u00edpad\u011b, \u017ee dvakr\u00e1t neusp\u011bje prezident, tak na t\u0159et\u00ed pokus jmenuje premi\u00e9ra p\u0159edseda Sn\u011bmovny a na premi\u00e9r\u016fv n\u00e1vrh zase ministry.<\/p>\n<p>M\u016f\u017eeme o\u010dek\u00e1vat takov\u00e9 trapn\u00e9 v\u00e1l\u010den\u00ed nebo zv\u00edt\u011bz\u00ed rozum?<\/p>\n<p>Snad nemus\u00edm \u0159\u00edkat, \u017ee nejde o to \u201eKdo z koho?\u201c Jde o demokracii, o republiku!<\/p>\n<p><a href=\"https:\/\/vlkovobloguje.wordpress.com\/2025\/11\/11\/kdo-z-koho\/\"><em><strong>napsal Leo\u00a0 K.<\/strong><\/em><\/a><\/p>\n<p>&nbsp;<\/p>\n","protected":false},"excerpt":{"rendered":"<p>\u201eJsme jedn\u00e9 krve, ty i j\u00e1\u2026\u201c\u00a0je slavn\u00fd cit\u00e1t z d\u00edla\u00a0Rudyarda Kiplinga, Toto logo zastupuje z\u00e1kon&#8230;<\/p>\n","protected":false},"author":2,"featured_media":21244,"comment_status":"closed","ping_status":"closed","sticky":false,"template":"","format":"standard","meta":[],"categories":[6],"tags":[126,4938,1173,99],"_links":{"self":[{"href":"https:\/\/www.infokuryr.cz\/n\/wp-json\/wp\/v2\/posts\/92015"}],"collection":[{"href":"https:\/\/www.infokuryr.cz\/n\/wp-json\/wp\/v2\/posts"}],"about":[{"href":"https:\/\/www.infokuryr.cz\/n\/wp-json\/wp\/v2\/types\/post"}],"author":[{"embeddable":true,"href":"https:\/\/www.infokuryr.cz\/n\/wp-json\/wp\/v2\/users\/2"}],"replies":[{"embeddable":true,"href":"https:\/\/www.infokuryr.cz\/n\/wp-json\/wp\/v2\/comments?post=92015"}],"version-history":[{"count":0,"href":"https:\/\/www.infokuryr.cz\/n\/wp-json\/wp\/v2\/posts\/92015\/revisions"}],"wp:featuredmedia":[{"embeddable":true,"href":"https:\/\/www.infokuryr.cz\/n\/wp-json\/wp\/v2\/media\/21244"}],"wp:attachment":[{"href":"https:\/\/www.infokuryr.cz\/n\/wp-json\/wp\/v2\/media?parent=92015"}],"wp:term":[{"taxonomy":"category","embeddable":true,"href":"https:\/\/www.infokuryr.cz\/n\/wp-json\/wp\/v2\/categories?post=92015"},{"taxonomy":"post_tag","embeddable":true,"href":"https:\/\/www.infokuryr.cz\/n\/wp-json\/wp\/v2\/tags?post=92015"}],"curies":[{"name":"wp","href":"https:\/\/api.w.org\/{rel}","templated":true}]}}