{"id":92014,"date":"2025-11-12T00:19:34","date_gmt":"2025-11-11T23:19:34","guid":{"rendered":"https:\/\/www.infokuryr.cz\/n\/?p=92014"},"modified":"2025-11-11T12:07:50","modified_gmt":"2025-11-11T11:07:50","slug":"pavel-sik-ukrajina-pripad-mindic","status":"publish","type":"post","link":"https:\/\/www.infokuryr.cz\/n\/2025\/11\/12\/pavel-sik-ukrajina-pripad-mindic\/","title":{"rendered":"Pavel \u0160ik: Ukrajina &#8211; p\u0159\u00edpad Mindi\u010d"},"content":{"rendered":"<div id=\"fb-root\"><\/div>\n<p><span dir=\"auto\">Kdy\u017e jste novin\u00e1\u0159, m\u011bli by v\u00e1s zaj\u00edmat nejen ty zcela z\u0159ejm\u00e9 skute\u010dnosti, ale p\u0159edev\u0161\u00edm ty skryt\u00e9 souvislosti, proto\u017ee vysv\u011btlujete sv\u011bt poslucha\u010d\u016fm a \u010dten\u00e1\u0159\u016fm.<\/span><\/p>\n<p><span dir=\"auto\">Proto kdy\u017e \u010cesk\u00e1 televize p\u0159evezme zpr\u00e1vu z Ukrajinsk\u00e9 pravdy a Kyivindependente, \u017ee ukrajinsk\u00fd N\u00e1rodn\u00ed protikorup\u010dn\u00ed \u00fa\u0159ad (NABU) spustil 10. listopadu 2025 rozs\u00e1hlou operaci proti korupci v energetick\u00e9m sektoru a zam\u011b\u0159uje se na \u201ezlo\u010dineckou organizaci na vysok\u00e9 \u00farovni\u201c, bylo by dobr\u00e9 celou z\u00e1le\u017eitost zasadit do n\u011bjak\u00e9ho r\u00e1mce.<\/span><\/p>\n<p><span dir=\"auto\">V l\u00e9t\u011b 2025 Zelensk\u00fd navrhl z\u00e1kon, kter\u00fd by omezil protikorup\u010dn\u00ed \u00fa\u0159ad NABU (nap\u0159. zm\u011bna v\u00fdb\u011bru \u0161\u00e9fa, v\u011bt\u0161\u00ed vliv SBU), ale po tlaku zejm\u00e9na z USA od toho upustil. Ten z\u00e1kon byl navr\u017een pr\u00e1v\u011b kv\u016fli vy\u0161et\u0159ov\u00e1n\u00ed Timura Mindi\u010de, b\u00fdval\u00e9ho obchodn\u00edho partnera prezidenta Zelensk\u00e9ho, kter\u00fd vyu\u017eil p\u0159\u00edle\u017eitosti vojny a stal se mocn\u00fdm podnikatelem v energetice, bankovn\u00edm pr\u016fmyslu a v\u00fdrob\u011b dron\u016f a kter\u00e9ho se sou\u010dasn\u00e1 operace NABU t\u00fdk\u00e1. Jeho prodlou\u017een\u00e1 ruka ve vl\u00e1d\u011b Zelensk\u00e9ho byl pr\u00e1v\u011b Herman Halu\u0161\u010denko, aktu\u00e1ln\u00ed ministr spravedlnosti, d\u0159\u00edve ministr energetiky, kter\u00e9ho tak nyn\u00ed vy\u0161et\u0159uje NABU.<\/span><\/p>\n<p><span dir=\"auto\">Na Ukrajin\u011b prob\u00edh\u00e1 st\u0159et mocn\u00fdch elit, proto\u017ee jak psalo p\u0159ed p\u00e1r dny Politico (ne poprv\u00e9), Zelensk\u00fd spolu s Jermakem se sna\u017e\u00ed koncentrovat moc. \u010cl\u00e1nek v Politico se t\u00fdkal mana\u017eera Kudryitsk\u00e9ho, kter\u00fd vedl st\u00e1tn\u00ed firmu Ukrenegro, provozovatele p\u0159enosov\u00e9 soustavy na Ukrajin\u011b, a\u017e do minul\u00e9ho roku. Ten byl na Z\u00e1pad\u011b obdivov\u00e1n a oce\u0148ov\u00e1n za zvl\u00e1d\u00e1n\u00ed kriz\u00ed v ukrajinsk\u00e9 energetice a stal se jak\u00fdmsi symbolem odbornosti. Z\u00e1rove\u0148 varoval p\u0159ed korupc\u00ed v energetice a ji\u017e p\u0159ed t\u0159emi lety marn\u011b navrhoval Zelensk\u00e9mu pl\u00e1n decentralizace v\u00fdroby energie kv\u016fli rusk\u00fdm \u00fatok\u016fm, kter\u00e9 m\u00ed\u0159\u00ed na kolosy z dob sov\u011btsk\u00e9 \u00e9ry. A \u0161\u00e9fem Kudrytskyiho (kter\u00fd byl minul\u00fd t\u00fdden nav\u00edc obvin\u011bn ze zpronev\u011bry), byl pr\u00e1v\u011b Halu\u0161\u010denko, spojen\u00fd s Mindi\u010dem. Jeliko\u017e se z\u0159ejm\u011b z\u00e1sah NABU o\u010dek\u00e1v\u00e1l a proto\u017ee ukrajinsk\u00e1 energetika je pro nadch\u00e1zej\u00edc\u00ed zimu asi v nejhor\u0161\u00edm stavu od za\u010d\u00e1tku v\u00e1lky, pokusil se Zelensk\u00fd naj\u00edt ob\u011btn\u00edho ber\u00e1nka a pokou\u0161\u00ed se Kudrytskyiho ob\u017ealobou zni\u010dit.<\/span><\/p>\n<p><span dir=\"auto\">V principu by \u010cesk\u00e9 televizi nic nebr\u00e1nilo vysv\u011btlit spletit\u00fd boj o moc na Ukrajin\u011b, jen\u017ee to by musela Zelensk\u00e9mu sundat z hlavy svatoz\u00e1\u0159. A nejen jemu. Timur Mindi\u010d, c\u00edl operace NABU a Zelensk\u00e9ho (b\u00fdval\u00fd) obchodn\u00ed partner, je spojen\u00fd se spole\u010dnost\u00ed Fire Point, b\u00fdvalou filmovou scoutingovou agenturou spojenou s filmov\u00fdmi projekty Zelensk\u00e9ho, kter\u00e1 se stala jedn\u00edm z nejv\u011bt\u0161\u00edch v\u00fdrobc\u016f dron\u016f a dodavatel\u016f pro ukrajinskou arm\u00e1du \u2013 v roce 2025 z\u00edskala kontrakty v hodnot\u011b p\u0159es 1 miliardu USD.<\/span><\/p>\n<p><span dir=\"auto\">NABU od augusta 2025 pro\u0161et\u0159uje spole\u010dnost Fire Point kv\u016fli podez\u0159en\u00ed z nafukov\u00e1n\u00ed cen komponent\u016f, dod\u00e1vek a mo\u017en\u00e9ho vlivu politick\u00fdch spojenc\u016f a spolupracuje s FBI na podez\u0159en\u00ed z pran\u00ed pen\u011bz, v\u010detn\u011b toku financ\u00ed pr\u00e1v\u011b z Fire Point. Vy\u0161et\u0159ov\u00e1n\u00ed sleduje kone\u010dn\u00e9 vlastnictv\u00ed firmy a\u017e k Timuru Mindi\u010di (v mezidob\u00ed po \u00faniku informac\u00ed byl Fire Point p\u0159evzat saudskou spole\u010dnost\u00ed), kter\u00fd je i spoluvlastn\u00edkem studia Kvartal 95 \u2013 Zelensk\u00e9ho televizn\u00ed spole\u010dnosti \u2013 a kter\u00fd t\u011bsn\u011b p\u0159ed razi\u00ed NABU uprchl z Ukrajiny do Evropy, co\u017e \u010cT takov\u00e9 neuvedla.<\/span><\/p>\n<p><span dir=\"auto\">A pokud by \u010cesk\u00e1 televize sundala svatoz\u00e1\u0159 i Timuru Mindi\u010di a spole\u010dnosti Fire Point, musela by zm\u00ednit, \u017ee zde raketu Dana, pojmenovanou po zesnul\u00e9 Dan\u011b Dr\u00e1bov\u00e9, na kterou se skl\u00e1dali \u010de\u0161t\u00ed ob\u010dan\u00e9 au kter\u00e9 je\u0161t\u011b v\u016fbec nen\u00ed potvrzeno, \u017ee bude fungovat, vyr\u00e1b\u00ed pr\u00e1v\u011b ta spole\u010dnost Fire Point. Potom by se n\u011bkdo mohl za\u010d\u00edt pt\u00e1t, jestli to cel\u00e9 s tou raketou, kterou Zelensk\u00fd tak propaguje, ale jej\u00ed\u017e \u00fasp\u011b\u0161nost je\u0161t\u011b nikdo ofici\u00e1ln\u011b nepotvrdil, nen\u00ed tak trochu letadlo.<\/span><\/p>\n<p><em>Pavel \u0160ik <\/em><em><span dir=\"auto\">(Status na FB, 10. listopadu 2025)<\/span><\/em><\/p>\n<p><img decoding=\"async\" loading=\"lazy\" class=\"alignnone size-full wp-image-58655\" src=\"http:\/\/www.infokuryr.cz\/n\/wp-content\/uploads\/2024\/07\/pavel-sik.jpg\" alt=\"\" width=\"196\" height=\"188\" \/><\/p>\n","protected":false},"excerpt":{"rendered":"<p>Kdy\u017e jste novin\u00e1\u0159, m\u011bli by v\u00e1s zaj\u00edmat nejen ty zcela z\u0159ejm\u00e9 skute\u010dnosti, ale p\u0159edev\u0161\u00edm ty&#8230;<\/p>\n","protected":false},"author":2,"featured_media":84718,"comment_status":"closed","ping_status":"closed","sticky":false,"template":"","format":"standard","meta":[],"categories":[6],"tags":[1503,207,26,1000],"_links":{"self":[{"href":"https:\/\/www.infokuryr.cz\/n\/wp-json\/wp\/v2\/posts\/92014"}],"collection":[{"href":"https:\/\/www.infokuryr.cz\/n\/wp-json\/wp\/v2\/posts"}],"about":[{"href":"https:\/\/www.infokuryr.cz\/n\/wp-json\/wp\/v2\/types\/post"}],"author":[{"embeddable":true,"href":"https:\/\/www.infokuryr.cz\/n\/wp-json\/wp\/v2\/users\/2"}],"replies":[{"embeddable":true,"href":"https:\/\/www.infokuryr.cz\/n\/wp-json\/wp\/v2\/comments?post=92014"}],"version-history":[{"count":0,"href":"https:\/\/www.infokuryr.cz\/n\/wp-json\/wp\/v2\/posts\/92014\/revisions"}],"wp:featuredmedia":[{"embeddable":true,"href":"https:\/\/www.infokuryr.cz\/n\/wp-json\/wp\/v2\/media\/84718"}],"wp:attachment":[{"href":"https:\/\/www.infokuryr.cz\/n\/wp-json\/wp\/v2\/media?parent=92014"}],"wp:term":[{"taxonomy":"category","embeddable":true,"href":"https:\/\/www.infokuryr.cz\/n\/wp-json\/wp\/v2\/categories?post=92014"},{"taxonomy":"post_tag","embeddable":true,"href":"https:\/\/www.infokuryr.cz\/n\/wp-json\/wp\/v2\/tags?post=92014"}],"curies":[{"name":"wp","href":"https:\/\/api.w.org\/{rel}","templated":true}]}}