{"id":92012,"date":"2025-11-12T00:16:13","date_gmt":"2025-11-11T23:16:13","guid":{"rendered":"https:\/\/www.infokuryr.cz\/n\/?p=92012"},"modified":"2025-11-11T12:03:48","modified_gmt":"2025-11-11T11:03:48","slug":"jiri-vyvadil-rajchl-pomsti-rodinu-tvrdsimi-prostredky-nez-se-cekalo","status":"publish","type":"post","link":"https:\/\/www.infokuryr.cz\/n\/2025\/11\/12\/jiri-vyvadil-rajchl-pomsti-rodinu-tvrdsimi-prostredky-nez-se-cekalo\/","title":{"rendered":"Ji\u0159\u00ed Vyvadil: Rajchl pomst\u00ed rodinu tvrd\u0161\u00edmi prost\u0159edky ne\u017e se \u010dekalo"},"content":{"rendered":"<div id=\"fb-root\"><\/div>\n<p><strong>Jind\u0159ich Rajchl nen\u00ed \u017e\u00e1dn\u00e9 o\u0159ez\u00e1v\u00e1tko. Bojoval jako pr\u00e1vn\u00edk v dob\u011b nesvobody za Fialova re\u017eimu za perzekuovan\u00e9 osoby a ned\u00e1 se p\u0159irozen\u011b ani dnes, kdy mnoh\u00fdm zn\u00e1m\u00e1 progresivistick\u00e1 banda, on j\u00ed naz\u00fdv\u00e1 \u201eOganesjan\u016fv gang\u201c se rozhodla za\u00fato\u010dit na n\u011bj sam\u00e9ho a jeho rodinu.<\/strong><\/p>\n<p style=\"font-weight: 400;\"><strong>Podle zpravodajstv\u00ed Parlametn\u00edchList\u016f, \u00a0aby pohnal k zodpov\u011bdnosti tzv. Oganesjan\u016fv gang, kter\u00fd si za posledn\u00ed ter\u010d vybral jeho rodinu a nezletilou dceru. Padaj\u00ed trestn\u00ed ozn\u00e1men\u00ed, civiln\u00ed \u017ealoby a na v\u0161em budou d\u016fkladn\u011b pracovat hned dv\u011b advok\u00e1tn\u00ed kancel\u00e1\u0159e.\u00a0<\/strong>\u201cBr\u00e1n\u00edm se formou trestn\u00edch ozn\u00e1men\u00ed u Policie \u010cR a n\u00e1sledn\u011b civiln\u00edmi \u017ealobami v\u016f\u010di jednotliv\u00fdm osob\u00e1m v\u010detn\u011b pr\u00e1vnick\u00e9 osoby Hero Hero, kter\u00e9 de facto poskytuje finan\u010dn\u00ed kryt\u00ed. Kdyby tito lid\u00e9 (Oganesjan\u016fv gang, pozn. jv.) za tuto svou \u010dinnost nez\u00edsk\u00e1vali finan\u010dn\u00ed prost\u0159edky, nem\u011bli by mo\u017enost, \u010das ani technick\u00e9 vybaven\u00ed k tomu, aby \u0161ikanovali v\u0161echny sv\u00e9 n\u00e1zorov\u00e9 oponenty. Monetizace t\u00e9to \u0161ikany je naprosto \u0161\u00edlen\u00e1. Jsme v zemi, kde je umo\u017en\u011bno nat\u00e1\u010det video, jak n\u011bkdo p\u00e1ch\u00e1 nez\u00e1konnou \u010dinnost a \u0161ikanuje nezletil\u00e9 osoby a je to pova\u017eov\u00e1no za norm\u00e1ln\u00ed kolorit,\u201d nech\u00e1pe Rajchl.<\/p>\n<p style=\"font-weight: 400;\">\u010cinnost tzv. Oganesjanova gangu je podle Jind\u0159icha Rajchla za hranou v\u0161eho. \u201cNech\u00e1pu, \u017ee je \u010d\u00e1st ve\u0159ejnosti a hlavn\u011b \u010d\u00e1st politik\u016f, kte\u0159\u00ed to toleruj\u00ed a dokonce podporuj\u00ed. Pro m\u011b je to zcela nep\u0159edstaviteln\u00e9. Kdyby takov\u00fd \u00fatok p\u0159i\u0161el v\u016f\u010di komukoli z m\u00fdch politick\u00fdch oponent\u016f, velmi tvrd\u011b bych se v\u016f\u010di tomu postavil. Utkat se m\u016f\u017eeme v politick\u00e9m ringu, ale rozhodn\u011b nehodl\u00e1m tolerovat zatahov\u00e1n\u00ed rodiny a soukrom\u00ed do politick\u00e9ho boje. To nikde v civilizovan\u00e9m sv\u011bt\u011b nenajdete,\u201d konstatuje Rajchl pro Parlamentn\u00edListy.cz.<\/p>\n<p style=\"font-weight: 400;\">Vid\u00ed vysokou \u0161anci, \u017ee \u010dlenov\u00e9 Oganesjanova gangu skute\u010dn\u011b ve v\u011bzen\u00ed skon\u010d\u00ed. \u201cJe tam cel\u00e1 \u0159ada p\u0159estupkov\u00fdch \u0159\u00edzen\u00ed a dokonce podm\u00edn\u011bn\u00fdch odsouzen\u00ed. Jsem p\u0159esv\u011bd\u010den, \u017ee policie u\u017e v tuhle chv\u00edli mus\u00ed konat. Je pro m\u011b dokonce nepochopiteln\u00e9, \u017ee u\u017e za m\u0159\u00ed\u017eemi nejsou d\u00e1vno, proto\u017ee jejich \u010dinnost je soustavn\u00e1 a vykazuje znaky organizovan\u00e9 skupiny. Se sv\u00fdmi pr\u00e1vn\u00edmi z\u00e1stupci ud\u011bl\u00e1m v\u0161e pro to, aby byly v\u0161echny ty p\u0159\u00edpady spojeny. St\u00e1le je to o tom, \u017ee policie \u0159ekne, \u017ee n\u011bkde u n\u011bkoho byli poprv\u00e9. Jen\u017ee jednou byli u m\u011b, jindy u Ivana Smetany a v\u0161ude jinde. V moment\u011b, kdy to spoj\u00edme a \u0159ekneme, \u017ee to evidentn\u011b je organizovan\u00e9 skupina, ti lid\u00e9 p\u0159eci mus\u00ed skon\u010dit ve v\u011bzen\u00ed. Nen\u00ed v\u016fbec o \u010dem d\u00e1l hovo\u0159it,\u201d pokra\u010duje poslanec.<\/p>\n<p style=\"font-weight: 400;\">\u201cProto jsem oslovil dokonce dv\u011b advok\u00e1tn\u00ed kancel\u00e1\u0159e. Jedna \u0159e\u0161\u00ed trestn\u011b pr\u00e1vn\u00ed rovinu a druh\u00e1 civiln\u011b pr\u00e1vn\u00ed rovinu. M\u00e1m moment\u00e1ln\u011b mnoho pr\u00e1ce v Poslaneck\u00e9 sn\u011bmovn\u011b a nem\u011bl bych \u010das se na p\u0159\u00edpad soust\u0159edit s\u00e1m jako advok\u00e1t. Nem\u011bl bych na to adekv\u00e1tn\u00ed mno\u017estv\u00ed \u010dasu a energie.<\/p>\n<p style=\"font-weight: 400;\">Podstatn\u00e1 podle jeho slov je skute\u010dnost, \u017ee ne\u0161lo o ojedin\u011bl\u00fd p\u0159\u00edpad obt\u011b\u017eov\u00e1n\u00ed \u010di pron\u00e1sledov\u00e1n\u00ed. \u201cJde o systematick\u00e9 jedn\u00e1n\u00ed, kter\u00fdm se sna\u017e\u00ed \u0161ikanovat politick\u00e9 odp\u016frce.<\/p>\n<p style=\"font-weight: 400;\">Vyu\u017eiju ve\u0161ker\u00e9 leg\u00e1ln\u00ed prost\u0159edky k tomu, aby tahle soustavn\u00e1 \u0161ikana a organizovan\u00e1 trestn\u00e1 \u010dinnost byla \u0159e\u0161ena,\u201d dod\u00e1v\u00e1 poslanec a \u0161\u00e9f strany PRO.<\/p>\n<p style=\"font-weight: 400;\">S p\u0159\u00edchodem nov\u00e9 vl\u00e1dy podle n\u011bho mus\u00ed p\u0159ij\u00edt i rozv\u00e1z\u00e1n\u00ed rukou policii, aby se bezpe\u010dnostn\u00ed slo\u017eky neb\u00e1ly podobn\u00e9 p\u0159\u00edpady d\u016fsledn\u011b vy\u0161et\u0159ovat. Naproti tomu d\u0159\u00edve se policie zab\u00fdvala daleko m\u00e9n\u011b z\u00e1va\u017en\u00fdmi p\u0159\u00edpady. \u201cPolicie by m\u011bla za\u010d\u00edt konat naprosto nestrann\u011b a m\u011b\u0159it v\u0161em stejn\u00fdm metrem. \u010cty\u0159i roky jsem se tu sna\u017eil br\u00e1nit lidi, kte\u0159\u00ed byli selektivn\u011b vyb\u00edr\u00e1ni a to pouze z na\u0161\u00ed n\u00e1zorov\u00e9 strany, zat\u00edmco druh\u00e1 strana mohla absolutn\u011b v\u0161echno. Mohli \u0161ikanovat, terorizovat, cokoli a nestalo se nic.<\/p>\n<p style=\"font-weight: 400;\">Nad\u011bji na \u00fasp\u011bch v pohn\u00e1n\u00ed Oganesjanova gangu k zodpov\u011bdnosti vid\u00ed i v tom, \u017ee za svou \u010dinnost vyb\u00edr\u00e1 od lid\u00ed pen\u00edze. Podle n\u011bho existuj\u00ed i p\u0159\u00edpady, kdy za jejich nez\u00e1konn\u00fd obsah pomoc\u00ed platebn\u00edch karet sv\u00fdch rodi\u010d\u016f plat\u00ed nezletil\u00e9 d\u011bti.<\/p>\n<p style=\"font-weight: 400;\">J.V. Zd\u00e1 se, \u017ee Tomio Okamura si vybral mezi poslance skute\u010dn\u00e9 bojovn\u00edky a to bude pro odstran\u011bn\u00ed cel\u00e9ho toho nechutn\u00e9ho Fialova Augi\u00e1\u0161ova chl\u00e9vu nezbytn\u00e9.<\/p>\n<p><a href=\"https:\/\/vasevec.info\/blogy\/rajchl-pomsti-rodinu-tvrdsimi-prostredky-nez-se-cekalo\">Ji\u0159\u00ed Vyvadil<\/a><\/p>\n<p><img decoding=\"async\" loading=\"lazy\" class=\"alignnone size-medium wp-image-16474\" src=\"http:\/\/www.infokuryr.cz\/n\/wp-content\/uploads\/2022\/10\/jiri-vyvadil-300x200.jpg\" alt=\"\" width=\"300\" height=\"200\" srcset=\"https:\/\/www.infokuryr.cz\/n\/wp-content\/uploads\/2022\/10\/jiri-vyvadil-300x200.jpg 300w, https:\/\/www.infokuryr.cz\/n\/wp-content\/uploads\/2022\/10\/jiri-vyvadil-768x512.jpg 768w, https:\/\/www.infokuryr.cz\/n\/wp-content\/uploads\/2022\/10\/jiri-vyvadil.jpg 800w\" sizes=\"(max-width: 300px) 100vw, 300px\" \/><\/p>\n<p>&nbsp;<\/p>\n","protected":false},"excerpt":{"rendered":"<p>Jind\u0159ich Rajchl nen\u00ed \u017e\u00e1dn\u00e9 o\u0159ez\u00e1v\u00e1tko. Bojoval jako pr\u00e1vn\u00edk v dob\u011b nesvobody za Fialova re\u017eimu za&#8230;<\/p>\n","protected":false},"author":2,"featured_media":92013,"comment_status":"closed","ping_status":"closed","sticky":false,"template":"","format":"standard","meta":[],"categories":[6],"tags":[3313,2992,10065,723],"_links":{"self":[{"href":"https:\/\/www.infokuryr.cz\/n\/wp-json\/wp\/v2\/posts\/92012"}],"collection":[{"href":"https:\/\/www.infokuryr.cz\/n\/wp-json\/wp\/v2\/posts"}],"about":[{"href":"https:\/\/www.infokuryr.cz\/n\/wp-json\/wp\/v2\/types\/post"}],"author":[{"embeddable":true,"href":"https:\/\/www.infokuryr.cz\/n\/wp-json\/wp\/v2\/users\/2"}],"replies":[{"embeddable":true,"href":"https:\/\/www.infokuryr.cz\/n\/wp-json\/wp\/v2\/comments?post=92012"}],"version-history":[{"count":0,"href":"https:\/\/www.infokuryr.cz\/n\/wp-json\/wp\/v2\/posts\/92012\/revisions"}],"wp:featuredmedia":[{"embeddable":true,"href":"https:\/\/www.infokuryr.cz\/n\/wp-json\/wp\/v2\/media\/92013"}],"wp:attachment":[{"href":"https:\/\/www.infokuryr.cz\/n\/wp-json\/wp\/v2\/media?parent=92012"}],"wp:term":[{"taxonomy":"category","embeddable":true,"href":"https:\/\/www.infokuryr.cz\/n\/wp-json\/wp\/v2\/categories?post=92012"},{"taxonomy":"post_tag","embeddable":true,"href":"https:\/\/www.infokuryr.cz\/n\/wp-json\/wp\/v2\/tags?post=92012"}],"curies":[{"name":"wp","href":"https:\/\/api.w.org\/{rel}","templated":true}]}}