{"id":92005,"date":"2025-11-12T00:21:56","date_gmt":"2025-11-11T23:21:56","guid":{"rendered":"https:\/\/www.infokuryr.cz\/n\/?p=92005"},"modified":"2025-11-11T12:14:50","modified_gmt":"2025-11-11T11:14:50","slug":"izrael-tlaci-libanonskou-armadu-do-konfrontace-s-hizballahem","status":"publish","type":"post","link":"https:\/\/www.infokuryr.cz\/n\/2025\/11\/12\/izrael-tlaci-libanonskou-armadu-do-konfrontace-s-hizballahem\/","title":{"rendered":"Izrael tla\u010d\u00ed libanonskou arm\u00e1du do konfrontace s Hizball\u00e1hem"},"content":{"rendered":"<div id=\"fb-root\"><\/div>\n<p><strong><span dir=\"auto\">Dal\u0161\u00ed vlna smrt\u00edc\u00edch \u00fader\u016f se 10. listopadu zam\u011b\u0159ila na Libanon uprost\u0159ed zpr\u00e1v nazna\u010duj\u00edc\u00edch, \u017ee Izrael tla\u010d\u00ed libanonskou arm\u00e1du do konfrontace s Hizball\u00e1hem.<\/span><\/strong><\/p>\n<p><span dir=\"auto\">V\u011bt\u0161ina \u00fader\u016f se zam\u011b\u0159ila na ji\u017en\u00ed Libanon a \u00fadol\u00ed Bek\u00e1. Izraelsk\u00e9 obrann\u00e9 s\u00edly (IDF) pozd\u011bji ozn\u00e1mily, \u017ee zas\u00e1hly m\u00edsta vyu\u017e\u00edvan\u00e1 Hizball\u00e1hem k odpalov\u00e1n\u00ed raket a k v\u00fdrob\u011b a skladov\u00e1n\u00ed strategick\u00fdch zbran\u00ed.<\/span><\/p>\n<p><span dir=\"auto\">Ve sv\u00e9m prohl\u00e1\u0161en\u00ed IDF uvedla, \u017ee \u00fadery, veden\u00e9 \u0158editelstv\u00edm vojensk\u00e9 rozv\u011bdky a proveden\u00e9 letectvem pod Severn\u00edm velen\u00edm, m\u011bly za c\u00edl neutralizovat zbran\u011b nam\u00ed\u0159en\u00e9 proti Izraeli a zabr\u00e1nit Hizball\u00e1hu v obnov\u011b jeho \u201eteroristick\u00e9 infrastruktury\u201c.<\/span><\/p>\n<p><span dir=\"auto\">P\u0159\u00edtomnost takov\u00fdch za\u0159\u00edzen\u00ed poru\u0161uje dohody mezi Izraelem a Libanonem a z\u00e1vazky pokra\u010dovat v \u010dinnosti k odstran\u011bn\u00ed hrozeb, dodala arm\u00e1da s odkazem na p\u0159\u00edm\u011b\u0159\u00ed zprost\u0159edkovan\u00e9 Spojen\u00fdmi st\u00e1ty t\u00e9m\u011b\u0159 p\u0159ed rokem.<\/span><\/p>\n<p><span dir=\"auto\">Podle IDF \u00fatoky zni\u010dily m\u00edsto v ji\u017en\u00edm Libanonu, kter\u00e9 d\u0159\u00edve Hizball\u00e1h vyu\u017e\u00edval k odpalov\u00e1n\u00ed raket a kde byla v posledn\u00edch m\u011bs\u00edc\u00edch zaznamen\u00e1na aktivita t\u00e9to skupiny. Mezit\u00edm v oblasti Nabatieh arm\u00e1da uvedla, \u017ee zas\u00e1hla n\u011bkolik dal\u0161\u00edch c\u00edl\u016f Hizball\u00e1hu. A v \u00fadol\u00ed Beqaa arm\u00e1da uvedla, \u017ee zam\u011b\u0159ila infrastrukturu na m\u00edst\u011b, kter\u00e9 skupina vyu\u017e\u00edv\u00e1 ke skladov\u00e1n\u00ed a v\u00fdrob\u011b strategick\u00fdch zbran\u00ed.<\/span><\/p>\n<p><iframe loading=\"lazy\" src=\"https:\/\/s5.cdnstatic.space\/wp-content\/uploads\/2025\/11\/strikes-1-2.mp4\" width=\"600\" height=\"338\" data-mce-fragment=\"1\"><\/iframe><\/p>\n<p><span dir=\"auto\">V dal\u0161\u00edm prohl\u00e1\u0161en\u00ed zve\u0159ejn\u011bn\u00e9m pozd\u011bji IDF ozn\u00e1mila, \u017ee za posledn\u00edch 24 hodin zabila p\u0159i samostatn\u00fdch \u00faderech v ji\u017en\u00edm Libanonu t\u0159i \u010dleny Hizball\u00e1hu.<\/span><\/p>\n<p><span dir=\"auto\">Arm\u00e1da uvedla, \u017ee jedn\u00edm ze zabit\u00fdch byl Samir Ali Fakih, \u010dlen Hizball\u00e1hu zapojen\u00fd do pa\u0161ov\u00e1n\u00ed zbran\u00ed pro tuto skupinu p\u0159es Libanon. Stal se ter\u010dem \u00fatoku ve m\u011bst\u011b Srifa. Dodala, \u017ee dal\u0161\u00ed dva \u010dlenov\u00e9 Hizball\u00e1hu byli zabiti o den d\u0159\u00edve ve m\u011bstech Houmine al-Faouqa a al-Sawana.<\/span><\/p>\n<p><iframe loading=\"lazy\" src=\"https:\/\/s5.cdnstatic.space\/wp-content\/uploads\/2025\/11\/three-1.mp4\" width=\"600\" height=\"338\" data-mce-fragment=\"1\"><\/iframe><\/p>\n<p><span dir=\"auto\">Izrael pravideln\u011b \u00fato\u010d\u00ed na Hizball\u00e1h od 27. listopadu lo\u0148sk\u00e9ho roku, kdy vstoupilo v platnost p\u0159\u00edm\u011b\u0159\u00ed s Libanonem zprost\u0159edkovan\u00e9 USA, a to s odvol\u00e1n\u00edm na \u201eporu\u0161ov\u00e1n\u00ed\u201c ze strany t\u00e9to skupiny.<\/span><\/p>\n<p><span dir=\"auto\">Pod vojensk\u00fdm tlakem Izraele schv\u00e1lila libanonsk\u00e1 vl\u00e1da v srpnu pl\u00e1n na odzbrojen\u00ed Hizball\u00e1hu v souladu s n\u00e1vrhem p\u0159edlo\u017een\u00fdm USA. V z\u00e1\u0159\u00ed vl\u00e1da ozn\u00e1mila, \u017ee za\u010dala pl\u00e1n realizovat. Hizball\u00e1h v\u0161ak jak\u00e9koli rozhovory o odzbrojen\u00ed odm\u00edtl.<\/span><\/p>\n<p><span dir=\"auto\">Nejnov\u011bj\u0161\u00ed vlna \u00fatok\u016f p\u0159i\u0161la pot\u00e9, co agentura Reuters zve\u0159ejnila zpr\u00e1vu, kter\u00e1 odhalila, \u017ee Izrael vyv\u00edj\u00ed tlak na libanonskou arm\u00e1du, aby byla agresivn\u011bj\u0161\u00ed p\u0159i odzbrojov\u00e1n\u00ed Hizball\u00e1hu, a to prohled\u00e1v\u00e1n\u00edm soukrom\u00fdch dom\u016f na jihu zem\u011b kv\u016fli nalezen\u00ed zbran\u00ed.<\/span><\/p>\n<p><span dir=\"auto\">Po\u017eadavek se objevil v posledn\u00edch t\u00fddnech a libanonsk\u00e9 vojensk\u00e9 veden\u00ed jej odm\u00edtlo, proto\u017ee se ob\u00e1v\u00e1, \u017ee by mohl rozn\u00edtit ob\u010dansk\u00e9 nepokoje a zhatit strategii odzbrojen\u00ed, kterou arm\u00e1da pova\u017euje za opatrnou, ale \u00fa\u010dinnou, uvedli tiskov\u00e9 agentu\u0159e t\u0159i libanon\u0161t\u00ed bezpe\u010dnostn\u00ed p\u0159edstavitel\u00e9.<\/span><\/p>\n<p><span dir=\"auto\">Podle zpr\u00e1vy je libanonsk\u00e1 arm\u00e1da p\u0159esv\u011bd\u010dena, \u017ee do konce roku dok\u00e1\u017ee prohl\u00e1sit jih Libanonu za bez zbran\u00ed Hizball\u00e1hu, a to v souladu s platn\u00fdm p\u0159\u00edm\u011b\u0159\u00edm.<\/span><\/p>\n<p><span dir=\"auto\">P\u0159i prohled\u00e1v\u00e1n\u00ed \u00fadol\u00ed a les\u016f bylo nalezeno v\u00edce ne\u017e 50 tunel\u016f a bylo zabaveno p\u0159es 50 \u0159\u00edzen\u00fdch st\u0159el a stovky dal\u0161\u00edch zbran\u00ed, uvedly agentu\u0159e Reuters dva libanonsk\u00e9 civiln\u00ed zdroje informovan\u00e9 o vojensk\u00fdch operac\u00edch.<\/span><\/p>\n<p><span dir=\"auto\">Bezpe\u010dnostn\u00ed \u00fa\u0159edn\u00edci a jeden politick\u00fd p\u0159edstavitel tiskov\u00e9 agentu\u0159e sd\u011blili, \u017ee Bejr\u00fat se tak\u00e9 ob\u00e1v\u00e1, \u017ee Izrael bude nad\u00e1le p\u0159esouvat branky, \u010d\u00edm\u017e vytvo\u0159\u00ed trval\u00e9 riziko eskalace \u00fader\u016f a podkop\u00e1 pokusy o stabilizaci zem\u011b su\u017eovan\u00e9 geopolitick\u00fdmi a ekonomick\u00fdmi ot\u0159esy.<\/span><\/p>\n<p><span dir=\"auto\">Mezit\u00edm dva izrael\u0161t\u00ed p\u0159edstavitel\u00e9 agentu\u0159e Reuters uvedli, \u017ee Hizball\u00e1h zrychluje \u00fasil\u00ed o znovuvyzbrojen\u00ed z objekt\u016f na jihu a d\u00e1le na severu a \u017ee libanonsk\u00e1 arm\u00e1da mu neda\u0159\u00ed \u010delit.<\/span><\/p>\n<p><span dir=\"auto\">V projevu ke Knesetu, izraelsk\u00e9mu parlamentu, premi\u00e9r Benjamin Netanjahu 10. listopadu prohl\u00e1sil, \u017ee Izrael je odhodl\u00e1n vym\u00e1hat dohody o p\u0159\u00edm\u011b\u0159\u00ed v p\u00e1smu Gazy a Libanonu \u201e\u017eeleznou p\u011bst\u00ed\u201c.<\/span><\/p>\n<p><em><span dir=\"auto\">\u201eV Libanonu vid\u00edte, co se d\u011bje ka\u017ed\u00fd den,\u201c \u0159ekl s odkazem na t\u00e9m\u011b\u0159 ka\u017edodenn\u00ed izraelsk\u00e9 \u00fatoky proti Hizball\u00e1hu.<\/span><\/em><\/p>\n<p><span dir=\"auto\">Izrael za\u010dal eskalovat proti Libanonu ihned pot\u00e9, co bylo minul\u00fd m\u011bs\u00edc v Gaze dosa\u017eeno p\u0159\u00edm\u011b\u0159\u00ed. \u0158ada ned\u00e1vn\u00fdch zpr\u00e1v z hebrejsk\u00fdch a arabsk\u00fdch m\u00e9di\u00ed nazna\u010duje, \u017ee IDF p\u0159ipravuje novou vojenskou operaci, zejm\u00e9na rozs\u00e1hlou leteckou kampa\u0148, proti Hizball\u00e1hu. Od za\u010d\u00e1tku m\u011bs\u00edce ji\u017e zabila 15 \u010dlen\u016f t\u00e9to skupiny.<\/span><\/p>\n<p><img decoding=\"async\" loading=\"lazy\" class=\"alignnone size-full wp-image-1185\" src=\"http:\/\/www.infokuryr.cz\/n\/wp-content\/uploads\/2021\/04\/kuryr-podpis.png\" alt=\"\" width=\"84\" height=\"24\" \/><\/p>\n<p>&nbsp;<\/p>\n","protected":false},"excerpt":{"rendered":"<p>Dal\u0161\u00ed vlna smrt\u00edc\u00edch \u00fader\u016f se 10. listopadu zam\u011b\u0159ila na Libanon uprost\u0159ed zpr\u00e1v nazna\u010duj\u00edc\u00edch, \u017ee Izrael&#8230;<\/p>\n","protected":false},"author":2,"featured_media":48363,"comment_status":"closed","ping_status":"closed","sticky":false,"template":"","format":"standard","meta":[],"categories":[7],"tags":[6772,107,405,5135],"_links":{"self":[{"href":"https:\/\/www.infokuryr.cz\/n\/wp-json\/wp\/v2\/posts\/92005"}],"collection":[{"href":"https:\/\/www.infokuryr.cz\/n\/wp-json\/wp\/v2\/posts"}],"about":[{"href":"https:\/\/www.infokuryr.cz\/n\/wp-json\/wp\/v2\/types\/post"}],"author":[{"embeddable":true,"href":"https:\/\/www.infokuryr.cz\/n\/wp-json\/wp\/v2\/users\/2"}],"replies":[{"embeddable":true,"href":"https:\/\/www.infokuryr.cz\/n\/wp-json\/wp\/v2\/comments?post=92005"}],"version-history":[{"count":0,"href":"https:\/\/www.infokuryr.cz\/n\/wp-json\/wp\/v2\/posts\/92005\/revisions"}],"wp:featuredmedia":[{"embeddable":true,"href":"https:\/\/www.infokuryr.cz\/n\/wp-json\/wp\/v2\/media\/48363"}],"wp:attachment":[{"href":"https:\/\/www.infokuryr.cz\/n\/wp-json\/wp\/v2\/media?parent=92005"}],"wp:term":[{"taxonomy":"category","embeddable":true,"href":"https:\/\/www.infokuryr.cz\/n\/wp-json\/wp\/v2\/categories?post=92005"},{"taxonomy":"post_tag","embeddable":true,"href":"https:\/\/www.infokuryr.cz\/n\/wp-json\/wp\/v2\/tags?post=92005"}],"curies":[{"name":"wp","href":"https:\/\/api.w.org\/{rel}","templated":true}]}}