{"id":92004,"date":"2025-11-12T00:23:59","date_gmt":"2025-11-11T23:23:59","guid":{"rendered":"https:\/\/www.infokuryr.cz\/n\/?p=92004"},"modified":"2025-11-11T12:14:12","modified_gmt":"2025-11-11T11:14:12","slug":"dalsi-izraelsko-iranska-valka-je-jen-otazkou-casu","status":"publish","type":"post","link":"https:\/\/www.infokuryr.cz\/n\/2025\/11\/12\/dalsi-izraelsko-iranska-valka-je-jen-otazkou-casu\/","title":{"rendered":"Dal\u0161\u00ed izraelsko-\u00edr\u00e1nsk\u00e1 v\u00e1lka je \u201ejen ot\u00e1zkou \u010dasu\u201c"},"content":{"rendered":"<div id=\"fb-root\"><\/div>\n<p><strong><span dir=\"auto\">Dal\u0161\u00ed v\u00e1lka mezi Izraelem a \u00cdr\u00e1nem je \u201ejen ot\u00e1zkou \u010dasu\u201c, uv\u00e1d\u00ed zpr\u00e1va zve\u0159ejn\u011bn\u00e1\u00a09. listopadu den\u00edkem\u00a0<\/span><a href=\"https:\/\/www.nytimes.com\/2025\/11\/09\/world\/middleeast\/iran-nuclear-program-israel.html\"><span dir=\"auto\">The New York Times .<\/span><\/a><\/strong><\/p>\n<p><span dir=\"auto\">Zpr\u00e1va vrh\u00e1 v\u00e1\u017en\u00e9 pochybnosti na my\u0161lenku, \u017ee dvan\u00e1ctidenn\u00ed v\u00e1lka mezi zem\u011bmi v \u010dervnu neutralizovala \u00edr\u00e1nsk\u00fd jadern\u00fd program.<\/span><\/p>\n<p><span dir=\"auto\">Tvrd\u00ed se v n\u011bm, \u017ee p\u0159edstavitel\u00e9 a experti na Bl\u00edzk\u00e9m v\u00fdchod\u011b st\u00e1le v\u00edce v\u011b\u0159\u00ed, \u017ee izraelsk\u00e9 a americk\u00e9 \u00fatoky zp\u016fsobily jadern\u00fdm za\u0159\u00edzen\u00edm Isl\u00e1msk\u00e9 republiky men\u0161\u00ed \u0161kody, ne\u017e se d\u0159\u00edve myslelo, a \u017ee se ob\u011b zem\u011b p\u0159ipravuj\u00ed na mo\u017enost dal\u0161\u00edho \u00fatoku.<\/span><\/p>\n<p><span dir=\"auto\">\u201e\u00cdr\u00e1nsk\u00e9 z\u00e1soby vysoce obohacen\u00e9ho uranu, dostate\u010dn\u00e9 k v\u00fdrob\u011b 11 jadern\u00fdch zbran\u00ed, jsou bu\u010f poh\u0159beny pod troskami, jak tvrd\u00ed \u00cdr\u00e1n, nebo byly tajn\u011b odvezeny na bezpe\u010dn\u00e9 m\u00edsto, jak se domn\u00edvaj\u00ed izrael\u0161t\u00ed p\u0159edstavitel\u00e9,\u201c uv\u00e1d\u00ed se ve zpr\u00e1v\u011b.<\/span><\/p>\n<p><span dir=\"auto\">Zpr\u00e1va uv\u00e1d\u00ed, \u017ee dal\u0161\u00ed faktory pravd\u011bpodobnost vypuknut\u00ed dal\u0161\u00ed v\u00e1lky zvy\u0161uj\u00ed s odkazem na prob\u00edhaj\u00edc\u00ed patovou situaci v rozhovorech mezi USA a \u00cdr\u00e1nem a znovuzaveden\u00ed mezin\u00e1rodn\u00edch sankc\u00ed v\u016f\u010di Isl\u00e1msk\u00e9 republice po aktivaci mechanismu snapback z jadern\u00e9 dohody z roku 2015 Spojen\u00fdm kr\u00e1lovstv\u00edm, Franci\u00ed a N\u011bmeckem.<\/span><\/p>\n<p><span dir=\"auto\">Tyto faktory spolu s intenzivn\u00ed \u00edr\u00e1nskou prac\u00ed na nov\u00e9m za\u0159\u00edzen\u00ed pro obohacov\u00e1n\u00ed uranu, ke kter\u00e9mu odm\u00edt\u00e1 mezin\u00e1rodn\u00edm inspektor\u016fm umo\u017enit p\u0159\u00edstup, vedou mnoho lid\u00ed v Persk\u00e9m z\u00e1livu k n\u00e1zoru, \u017ee dal\u0161\u00ed izraelsk\u00fd \u00fatok je \u201et\u00e9m\u011b\u0159 nevyhnuteln\u00fd\u201c, dod\u00e1v\u00e1 zpr\u00e1va.<\/span><\/p>\n<p><span dir=\"auto\">\u010cl\u00e1nek v NYT je nejnov\u011bj\u0161\u00edm z \u0159ady zpr\u00e1v z hebrejsk\u00fdch, arabsk\u00fdch a z\u00e1padn\u00edch m\u00e9di\u00ed, kter\u00e9 nazna\u010duj\u00ed t\u00e9m\u011b\u0159 v\u00e1lku s \u00cdr\u00e1nem kv\u016fli \u00fadajn\u00fdm jadern\u00fdm aktivit\u00e1m a v\u00fdvoji raketov\u00fdch kapacit.<\/span><\/p>\n<p><span dir=\"auto\">Jedna ned\u00e1vn\u00e1 zpr\u00e1va Institutu\u00a0<\/span><a href=\"https:\/\/t.co\/QGjIvbLS1s\"><span dir=\"auto\">pro v\u011bdu a mezin\u00e1rodn\u00ed bezpe\u010dnost<\/span><\/a><span dir=\"auto\">\u00a0hovo\u0159ila o aktivit\u00e1ch v jednom z nejtajn\u011bj\u0161\u00edch \u00edr\u00e1nsk\u00fdch jadern\u00fdch za\u0159\u00edzen\u00ed. Jin\u00e1 zpr\u00e1va\u00a0<\/span><a href=\"https:\/\/edition.cnn.com\/2025\/10\/29\/middleeast\/iran-rebuilding-ballistic-weapons-program-intl\"><span dir=\"auto\">CNN<\/span><\/a><span dir=\"auto\">\u00a0uvedla, \u017ee Isl\u00e1msk\u00e1 republika zintenzivnila \u00fasil\u00ed o obnovu sv\u00e9ho raketov\u00e9ho programu navzdory ned\u00e1vn\u00e9mu obnoven\u00ed mezin\u00e1rodn\u00edch sankc\u00ed.<\/span><\/p>\n<p><span dir=\"auto\">Dokonce se \u0161\u00ed\u0159ily\u00a0<\/span><a href=\"https:\/\/southfront.press\/iran-says-its-missile-program-is-red-line-amid-rumors-of-icbm-development\/\"><span dir=\"auto\">zv\u011bsti<\/span><\/a><span dir=\"auto\">\u00a0o tom, \u017ee \u00cdr\u00e1n vyv\u00edj\u00ed mezikontinent\u00e1ln\u00ed balistickou raketu s doletem 10 000 kilometr\u016f, co\u017e sta\u010d\u00ed k dosa\u017een\u00ed pevninsk\u00e9 \u010d\u00e1sti Spojen\u00fdch st\u00e1t\u016f.<\/span><\/p>\n<p><span dir=\"auto\">\u00cdr\u00e1n nav\u00edc \u010del\u00ed st\u00e1le v\u011bt\u0161\u00edm obvin\u011bn\u00edm ze strany Izraele. Ned\u00e1vno tajn\u00e1 slu\u017eba\u00a0<\/span><a href=\"https:\/\/southfront.press\/israel-accuses-iranian-leader-of-plotting-attacks-on-jewish-sites-as-it-manufactures-case-for-new-war\/\"><span dir=\"auto\">Mosad<\/span><\/a><span dir=\"auto\">\u00a0obvinila Isl\u00e1msk\u00e9 revolu\u010dn\u00ed gardy z organizov\u00e1n\u00ed s\u00e9rie ned\u00e1vn\u00fdch \u00fatok\u016f na \u017eidovsk\u00e9 pam\u00e1tky v z\u00e1padn\u00edch zem\u00edch.<\/span><\/p>\n<p><span dir=\"auto\">Pozd\u011bj\u0161\u00ed zpr\u00e1va agentury\u00a0<\/span><a href=\"https:\/\/www.axios.com\/2025\/11\/07\/iran-assasination-attempt-israel-ambassador-mexico\"><span dir=\"auto\">Axios<\/span><\/a><span dir=\"auto\">\u00a0uv\u00e1d\u00ed, \u017ee elitn\u00ed jednotky Kuds t\u011bchto gard se pokusily zab\u00edt izraelskou velvyslankyni v Mexiku Einat Kranz-Neigerovou a \u017ee spiknut\u00ed zma\u0159ily Izrael, USA a mexick\u00e9 bezpe\u010dnostn\u00ed s\u00edly. Tato obvin\u011bn\u00ed pop\u0159ela nejen Isl\u00e1msk\u00e1 republika, ale i Mexiko.<\/span><\/p>\n<p><span dir=\"auto\">V\u0161echny tyto ned\u00e1vn\u00e9 zpr\u00e1vy, obvin\u011bn\u00ed a spekulace by mohly b\u00fdt sou\u010d\u00e1st\u00ed koordinovan\u00e9ho \u00fasil\u00ed o p\u0159\u00edpravu ve\u0159ejn\u00e9ho m\u00edn\u011bn\u00ed na v\u00e1lku s \u00cdr\u00e1nem.<\/span><\/p>\n<p><span dir=\"auto\">Prvn\u00ed v\u00e1lku \u00cdr\u00e1n neza\u010dal a pravd\u011bpodobn\u011b ani tu dal\u0161\u00ed neza\u010dne. Isl\u00e1msk\u00e1 republika se v\u0161ak p\u0159ipravuje a zd\u00e1 se b\u00fdt ostra\u017eit\u011bj\u0161\u00ed ne\u017e v \u010dervnu, kdy si myslela, \u017ee rozhovory s USA by mohly zabr\u00e1nit \u00fatoku Izraele, nebo ho alespo\u0148 odd\u00e1lit.<\/span><\/p>\n<p><img decoding=\"async\" loading=\"lazy\" class=\"alignnone size-full wp-image-1185\" src=\"http:\/\/www.infokuryr.cz\/n\/wp-content\/uploads\/2021\/04\/kuryr-podpis.png\" alt=\"\" width=\"84\" height=\"24\" \/><\/p>\n<p>&nbsp;<\/p>\n","protected":false},"excerpt":{"rendered":"<p>Dal\u0161\u00ed v\u00e1lka mezi Izraelem a \u00cdr\u00e1nem je \u201ejen ot\u00e1zkou \u010dasu\u201c, uv\u00e1d\u00ed zpr\u00e1va zve\u0159ejn\u011bn\u00e1\u00a09. listopadu den\u00edkem\u00a0The&#8230;<\/p>\n","protected":false},"author":2,"featured_media":81927,"comment_status":"closed","ping_status":"closed","sticky":false,"template":"","format":"standard","meta":[],"categories":[7],"tags":[38,107,1503,40],"_links":{"self":[{"href":"https:\/\/www.infokuryr.cz\/n\/wp-json\/wp\/v2\/posts\/92004"}],"collection":[{"href":"https:\/\/www.infokuryr.cz\/n\/wp-json\/wp\/v2\/posts"}],"about":[{"href":"https:\/\/www.infokuryr.cz\/n\/wp-json\/wp\/v2\/types\/post"}],"author":[{"embeddable":true,"href":"https:\/\/www.infokuryr.cz\/n\/wp-json\/wp\/v2\/users\/2"}],"replies":[{"embeddable":true,"href":"https:\/\/www.infokuryr.cz\/n\/wp-json\/wp\/v2\/comments?post=92004"}],"version-history":[{"count":0,"href":"https:\/\/www.infokuryr.cz\/n\/wp-json\/wp\/v2\/posts\/92004\/revisions"}],"wp:featuredmedia":[{"embeddable":true,"href":"https:\/\/www.infokuryr.cz\/n\/wp-json\/wp\/v2\/media\/81927"}],"wp:attachment":[{"href":"https:\/\/www.infokuryr.cz\/n\/wp-json\/wp\/v2\/media?parent=92004"}],"wp:term":[{"taxonomy":"category","embeddable":true,"href":"https:\/\/www.infokuryr.cz\/n\/wp-json\/wp\/v2\/categories?post=92004"},{"taxonomy":"post_tag","embeddable":true,"href":"https:\/\/www.infokuryr.cz\/n\/wp-json\/wp\/v2\/tags?post=92004"}],"curies":[{"name":"wp","href":"https:\/\/api.w.org\/{rel}","templated":true}]}}