{"id":92000,"date":"2025-11-12T00:20:30","date_gmt":"2025-11-11T23:20:30","guid":{"rendered":"https:\/\/www.infokuryr.cz\/n\/?p=92000"},"modified":"2025-11-11T08:45:10","modified_gmt":"2025-11-11T07:45:10","slug":"andre-korybko-lavrov-odhalil-dvoji-metr-usa-pri-reseni-levantskeho-a-ukrajinskeho-konfliktu","status":"publish","type":"post","link":"https:\/\/www.infokuryr.cz\/n\/2025\/11\/12\/andre-korybko-lavrov-odhalil-dvoji-metr-usa-pri-reseni-levantskeho-a-ukrajinskeho-konfliktu\/","title":{"rendered":"Andre Korybko: Lavrov odhalil dvoj\u00ed metr USA p\u0159i \u0159e\u0161en\u00ed levantsk\u00e9ho a ukrajinsk\u00e9ho konfliktu"},"content":{"rendered":"<div id=\"fb-root\"><\/div>\n<p><strong><span dir=\"auto\">Ne\u0161lo mu jen o z\u00edsk\u00e1n\u00ed bod\u016f m\u011bkk\u00e9 moci, ale tak\u00e9 o nazna\u010den\u00ed kreativn\u00edch zp\u016fsob\u016f, jak\u00fdmi by se ned\u00e1vn\u00e1 levantsk\u00e1 \u0159e\u0161en\u00ed schv\u00e1len\u00e1 USA dala aplikovat na Ukrajinu v z\u00e1jmu konzistence.<\/span><\/strong><\/p>\n<p><span dir=\"auto\">Rusk\u00fd ministr zahrani\u010d\u00ed Sergej Lavrov poskytl v polovin\u011b \u0159\u00edjna informativn\u00ed rozhovor listu\u00a0<\/span><a href=\"https:\/\/www.kommersant.ru\/doc\/8120945\" rel=\"\"><span dir=\"auto\">Kommersant\u00a0<\/span><\/a><span dir=\"auto\">. Rusk\u00e1 mezin\u00e1rodn\u00ed m\u00e9dia se zam\u011b\u0159ila p\u0159edev\u0161\u00edm na jeho v\u00fdroky o vztaz\u00edch s USA, obav\u00e1ch z mo\u017en\u00e9ho transferu st\u0159el Tomahawk na Ukrajinu a na speci\u00e1ln\u00ed operaci, ale tak\u00e9 d\u016fle\u017eit\u00e9 je odhalen\u00ed dvoj\u00edho metru USA p\u0159i \u0159e\u0161en\u00ed levantsk\u00e9ho a ukrajinsk\u00e9ho konfliktu. Zde je p\u0159esn\u011b to, co \u0159ekl, a co bude n\u00e1sledn\u011b analyzov\u00e1no z hlediska praktick\u00e9ho v\u00fdznamu:<\/span><\/p>\n<p><em><span dir=\"auto\">\u201e[\u00a0<\/span><a href=\"https:\/\/www.whitehouse.gov\/presidential-actions\/2025\/10\/the-trump-declaration-for-enduring-peace-and-prosperity\/\" rel=\"\"><span dir=\"auto\">Trumpova deklarace pro trval\u00fd m\u00edr a prosperitu\u00a0<\/span><\/a><span dir=\"auto\">] zd\u016fraz\u0148uje, \u017ee kl\u00ed\u010dem k udr\u017eitelnosti dohody (t\u00e9to deklarace) je ochrana lidsk\u00fdch pr\u00e1v, zaji\u0161t\u011bn\u00ed bezpe\u010dnosti, respekt k d\u016fstojnosti Izraelc\u016f i Palestinc\u016f, jako\u017e i tolerance a rovn\u00e9 p\u0159\u00edle\u017eitosti pro v\u0161echny regiony. Deklarace vyz\u00fdv\u00e1 k vym\u00fdcen\u00ed extremismu a radikalismu ve v\u0161ech form\u00e1ch. Zlat\u00e1 slova. Ale z n\u011bjak\u00e9ho d\u016fvodu se to t\u00fdk\u00e1 Palestinc\u016f a Izraelc\u016f, nikoli v\u0161ak Rus\u016f na Ukrajin\u011b.\u201c<\/span><\/em><\/p>\n<p><em><span dir=\"auto\">V ned\u00e1vn\u00e9 dob\u011b, pokud jde o dal\u0161\u00ed \u010d\u00e1st Bl\u00edzk\u00e9ho v\u00fdchodu, S\u00fdrii, zvl\u00e1\u0161tn\u00ed z\u00e1stupce USA pro S\u00fdrii (a tak\u00e9 velvyslanec USA v Turecku) Thomas Barrack prohl\u00e1sil, \u017ee Syrsk\u00e1 arabsk\u00e1 republika\u00a0<\/span><a href=\"https:\/\/archive.is\/g1asD#selection-713.0-718.0\" rel=\"\"><span dir=\"auto\">pot\u0159ebuje syst\u00e9m bl\u00edzk\u00fd federaci\u00a0<\/span><\/a><span dir=\"auto\">, kter\u00fd by zachoval kulturu a jazyk v\u0161ech etnick\u00fdch a n\u00e1bo\u017eensk\u00fdch skupin ve spole\u010dnosti. P\u0159esn\u011b o tom byly Minsk\u00e9 dohody. Z n\u011bjak\u00e9ho d\u016fvodu je Z\u00e1pad p\u0159ipraven tyto principy uplat\u0148ovat v\u0161ude, ale na Ukrajin\u011b \u201ep\u0159ipraven nen\u00ed\u201c.<\/span><\/em><\/p>\n<p><span dir=\"auto\">Po\u010d\u00ednaje prvn\u00ed \u010d\u00e1st\u00ed\u00a0<\/span><a href=\"https:\/\/thealtworld.com\/andrew_korybko\/lavrov-elaborated-on-russias-envisaged-denazification-of-ukraine\" rel=\"\"><span dir=\"auto\">Rusko po\u017eaduje denacifikaci Ukrajiny\u00a0<\/span><\/a><span dir=\"auto\">, kter\u00e1 vy\u017eaduje \u201evym\u00fdcen\u00ed extremismu a radikalismu\u201c ve v\u0161ech form\u00e1ch hybridn\u00edmi kineticko-pr\u00e1vn\u00edmi prost\u0159edky. Kinetick\u00e9 prost\u0159edky jsou prosazov\u00e1ny \u00fatoky proti fa\u0161isticky inspirovan\u00fdm ukrajinsk\u00fdm milic\u00edm, jako je brig\u00e1da Azov, zat\u00edmco pr\u00e1vn\u00ed prost\u0159edky jsou pova\u017eov\u00e1ny za sou\u010d\u00e1st trval\u00e9ho politick\u00e9ho \u0159e\u0161en\u00ed, kter\u00e9 si Putin p\u0159eje. Podobn\u011b symbolick\u00e1 multilater\u00e1ln\u00ed v\u00fdzva jako Trumpovo prohl\u00e1\u0161en\u00ed by mohla b\u00fdt prvn\u00edm krokem k tomuto c\u00edli uprost\u0159ed prob\u00edhaj\u00edc\u00edch jedn\u00e1n\u00ed.<\/span><\/p>\n<p><span dir=\"auto\">Pokud jde o druhou \u010d\u00e1st, Rusko nepostoup\u00ed Ukrajin\u011b sporn\u00e9 regiony, kter\u00e9 m\u00e1 pod kontrolou pot\u00e9, co se jejich obyvatel\u00e9 v z\u00e1\u0159\u00ed 2022 odhlasovali pro p\u0159ipojen\u00ed k Rusku, ale mohlo by po\u017eadovat subfederativn\u00ed kulturn\u011b-jazykov\u00e1 pr\u00e1va pro Rusy, kte\u0159\u00ed z\u016fstanou v \u010d\u00e1stech ovl\u00e1dan\u00fdch Ukrajinou,\u00a0<\/span><a href=\"https:\/\/korybko.substack.com\/p\/which-western-security-guarantees\" rel=\"\"><span dir=\"auto\">pokud by se frontov\u00e1 linie zastavila\u00a0<\/span><\/a><span dir=\"auto\">. Aby bylo jasno, Rusko ofici\u00e1ln\u011b trv\u00e1 na tom, \u017ee osvobod\u00ed cel\u00e9 sporn\u00e9 regiony, ale v\u00fd\u0161e zm\u00edn\u011bn\u00fd n\u00e1vrh inspirovan\u00fd Minskem a S\u00fdri\u00ed by mohl usnadnit\u00a0<\/span><a href=\"https:\/\/korybko.substack.com\/p\/whats-standing-in-the-way-of-a-grand\" rel=\"\"><span dir=\"auto\">velk\u00fd kompromis,\u00a0<\/span><\/a><span dir=\"auto\">pokud by v\u0161echny strany m\u011bly politickou v\u016fli.<\/span><\/p>\n<p><span dir=\"auto\">D\u016fle\u017eitost odhalov\u00e1n\u00ed dvoj\u00edho metru USA p\u0159i \u0159e\u0161en\u00ed levantsk\u00e9ho a ukrajinsk\u00e9ho konfliktu tedy nespo\u010d\u00edv\u00e1 jen v z\u00edsk\u00e1v\u00e1n\u00ed bod\u016f m\u011bkk\u00e9 moci, ale v n\u00e1znaku kreativn\u00edch zp\u016fsob\u016f, jak by v\u00fd\u0161e zm\u00edn\u011bn\u00e1 levantsk\u00e1 \u0159e\u0161en\u00ed schv\u00e1len\u00e1 USA mohla b\u00fdt v z\u00e1jmu konzistence aplikov\u00e1na na Ukrajinu. To p\u0159edpokl\u00e1d\u00e1, \u017ee USA maj\u00ed z\u00e1jem na konzistenci politiky, ale a\u0165 u\u017e je to spr\u00e1vn\u00e9 nebo \u0161patn\u00e9, neub\u00edr\u00e1 to na Lavrovov\u00fdch motivech, kdy\u017e zmi\u0148uje politick\u00e9 precedenty, kter\u00e9 samy USA pr\u00e1v\u011b vytvo\u0159ily.<\/span><\/p>\n<p><span dir=\"auto\">Realisticky vzato se zd\u00e1, \u017ee Trump po v\u00edce ne\u017e p\u016fl roce od zah\u00e1jen\u00ed rozhovor\u016f s Putinem nem\u00e1 z\u00e1jem n\u00e1hle p\u0159istoupit na rusk\u00e9 n\u00e1vrhy ohledn\u011b Ukrajiny, proto\u017ee kdyby to ud\u011blal,\u00a0<\/span><a href=\"https:\/\/thealtworld.com\/andrew_korybko\/five-benefits-that-the-us-would-reap-from-coercing-ukraine-into-more-concessions-to-russia\" rel=\"\"><span dir=\"auto\">u\u017e by na Zelensk\u00e9ho tla\u010dil\u00a0<\/span><\/a><span dir=\"auto\">, nestup\u0148oval by svou r\u00e9toriku a neuva\u017eoval by ani o\u00a0<\/span><a href=\"https:\/\/korybko.substack.com\/p\/heres-what-the-us-security-guarantees\" rel=\"\"><span dir=\"auto\">vojensk\u00e9\u00a0<\/span><\/a><span dir=\"auto\"><a href=\"https:\/\/korybko.substack.com\/p\/russian-us-tensions-likely-wont-spiral\" rel=\"\">eskalaci\u00a0<\/a>. Nicm\u00e9n\u011b pokra\u010duj\u00edc\u00ed rusk\u00e9\u00a0<a href=\"https:\/\/korybko.substack.com\/p\/five-takeaways-from-ukraines-encirclement\" rel=\"\">pozemn\u00ed zisky\u00a0<\/a>a p\u0159edv\u00eddateln\u00fd ne\u00fasp\u011bch\u00a0<a href=\"https:\/\/www.rt.com\/russia\/626518-ukraine-wants-offensive-trump\/\" rel=\"\">dal\u0161\u00ed potenci\u00e1ln\u00ed ukrajinsk\u00e9 ofenzivy podporovan\u00e9 USA\u00a0<\/a>by ho mohly p\u0159im\u011bt k p\u0159ehodnocen\u00ed situace, v takov\u00e9m p\u0159\u00edpad\u011b by se Lavrovovy implicitn\u00ed n\u00e1vrhy staly relevantn\u00edmi.<\/span><\/p>\n<div class=\"subscribe-widget\" data-component-name=\"SubscribeWidget\">\n<div class=\"pencraft pc-display-flex pc-justifyContent-center pc-reset\">\n<div class=\"container-IpPqBD\">\n<form class=\"form form-M5sC90\" action=\"https:\/\/korybko.substack.com\/api\/v1\/free?nojs=true\" method=\"post\" novalidate=\"\">\n<div class=\"sideBySideWrap-vGXrwP\"><a href=\"https:\/\/korybko.substack.com\/p\/lavrov-exposed-the-us-double-standards?utm_source=post-email-title&amp;publication_id=835783&amp;post_id=178243804&amp;utm_campaign=email-post-title&amp;isFreemail=true&amp;r=pf6gr&amp;triedRedirect=true&amp;utm_medium=email\">Andrew Korybko, PhD<\/a><\/div>\n<div>\n<img decoding=\"async\" loading=\"lazy\" class=\"alignnone  wp-image-22017\" src=\"http:\/\/www.infokuryr.cz\/n\/wp-content\/uploads\/2023\/01\/andrew-korybko-300x300.jpg\" alt=\"\" width=\"188\" height=\"188\" srcset=\"https:\/\/www.infokuryr.cz\/n\/wp-content\/uploads\/2023\/01\/andrew-korybko-300x300.jpg 300w, https:\/\/www.infokuryr.cz\/n\/wp-content\/uploads\/2023\/01\/andrew-korybko-150x150.jpg 150w, https:\/\/www.infokuryr.cz\/n\/wp-content\/uploads\/2023\/01\/andrew-korybko.jpg 400w\" sizes=\"(max-width: 188px) 100vw, 188px\" \/><\/div>\n<div><\/div>\n<\/form>\n<\/div>\n<\/div>\n<\/div>\n","protected":false},"excerpt":{"rendered":"<p>Ne\u0161lo mu jen o z\u00edsk\u00e1n\u00ed bod\u016f m\u011bkk\u00e9 moci, ale tak\u00e9 o nazna\u010den\u00ed kreativn\u00edch zp\u016fsob\u016f, jak\u00fdmi&#8230;<\/p>\n","protected":false},"author":2,"featured_media":92001,"comment_status":"closed","ping_status":"closed","sticky":false,"template":"","format":"standard","meta":[],"categories":[7],"tags":[1042,10064,189,365],"_links":{"self":[{"href":"https:\/\/www.infokuryr.cz\/n\/wp-json\/wp\/v2\/posts\/92000"}],"collection":[{"href":"https:\/\/www.infokuryr.cz\/n\/wp-json\/wp\/v2\/posts"}],"about":[{"href":"https:\/\/www.infokuryr.cz\/n\/wp-json\/wp\/v2\/types\/post"}],"author":[{"embeddable":true,"href":"https:\/\/www.infokuryr.cz\/n\/wp-json\/wp\/v2\/users\/2"}],"replies":[{"embeddable":true,"href":"https:\/\/www.infokuryr.cz\/n\/wp-json\/wp\/v2\/comments?post=92000"}],"version-history":[{"count":0,"href":"https:\/\/www.infokuryr.cz\/n\/wp-json\/wp\/v2\/posts\/92000\/revisions"}],"wp:featuredmedia":[{"embeddable":true,"href":"https:\/\/www.infokuryr.cz\/n\/wp-json\/wp\/v2\/media\/92001"}],"wp:attachment":[{"href":"https:\/\/www.infokuryr.cz\/n\/wp-json\/wp\/v2\/media?parent=92000"}],"wp:term":[{"taxonomy":"category","embeddable":true,"href":"https:\/\/www.infokuryr.cz\/n\/wp-json\/wp\/v2\/categories?post=92000"},{"taxonomy":"post_tag","embeddable":true,"href":"https:\/\/www.infokuryr.cz\/n\/wp-json\/wp\/v2\/tags?post=92000"}],"curies":[{"name":"wp","href":"https:\/\/api.w.org\/{rel}","templated":true}]}}