{"id":91967,"date":"2025-11-11T06:00:53","date_gmt":"2025-11-11T05:00:53","guid":{"rendered":"https:\/\/www.infokuryr.cz\/n\/?p=91967"},"modified":"2025-11-11T06:00:53","modified_gmt":"2025-11-11T05:00:53","slug":"nemecky-chemicky-prumysl-na-kolenou-vse-se-nam-dari-raduji-se-globalni-parazite","status":"publish","type":"post","link":"https:\/\/www.infokuryr.cz\/n\/2025\/11\/11\/nemecky-chemicky-prumysl-na-kolenou-vse-se-nam-dari-raduji-se-globalni-parazite\/","title":{"rendered":"N\u011bmeck\u00fd chemick\u00fd pr\u016fmysl na kolenou. \u201eV\u0161e se n\u00e1m da\u0159\u00ed\u201c, raduj\u00ed se glob\u00e1ln\u00ed parazit\u00e9\u2026"},"content":{"rendered":"<div id=\"fb-root\"><\/div>\n<p><strong>N\u011bmeck\u00fd chemick\u00fd pr\u016fmysl, dlouh\u00e1 l\u00e9ta jeden z motor\u016f n\u011bmeck\u00e9ho hospod\u00e1\u0159stv\u00ed, vyk\u00e1zal na podzim nejhor\u0161\u00ed v\u00fdsledky za\u00a0<a href=\"https:\/\/jungefreiheit.de\/wirtschaft\/2025\/chemiebranche-verzeichnet-schlechteste-auftragslage-seit-30-jahren\/\">posledn\u00edch 30. let<\/a>.<\/strong>\u00a0D\u016fvodem je r\u016fst n\u00e1klad\u016f, omezen\u00ed popt\u00e1vky a cenov\u00e1 konkurence ze zahrani\u010d\u00ed. Podle mluv\u010d\u00ed odv\u011btv\u00ed vyhl\u00eddky jsou velmi pesimistick\u00e9, pokud se nezm\u011bn\u00ed ceny energi\u00ed a neomez\u00ed byrokracie. \u010cek\u00e1 se masivn\u00ed propou\u0161t\u011bn\u00ed a omezov\u00e1n\u00ed v\u00fdroby.\u00a0<strong>To nepochybn\u011b bude m\u00edt dopad i na \u010desk\u00e9 hospod\u00e1\u0159stv\u00ed, kter\u00e9 je siln\u011b prov\u00e1z\u00e1no s N\u011bmeckem.<\/strong><\/p>\n<p>V kruz\u00edch glob\u00e1ln\u00edch parazit\u016f ale jist\u011b zavl\u00e1dne nad\u0161en\u00ed. Likvidace N\u011bmecka se jim n\u00e1ramn\u011b da\u0159\u00ed a tak si v p\u00e1tek ur\u010dit\u011b s chut\u00ed sv\u00ed\u010dky zap\u00e1l\u00ed, chleba rozlom\u00ed a vesele zazp\u00edvaj\u00ed a zatancuj\u00ed. Jako prav\u00ed parazit\u00e9 nech\u00e1pou, \u017ee zahuben\u00edm hostitele sami zahynou\u2026<\/p>\n<p><a href=\"https:\/\/ceskavec.com\/2025\/11\/nemecky-chemicky-prumysl-na-kolenou-vse-se-nam-dari-raduji-se-globalni-parazite\">Schlomo K.<\/a><\/p>\n<p>&nbsp;<\/p>\n","protected":false},"excerpt":{"rendered":"<p>N\u011bmeck\u00fd chemick\u00fd pr\u016fmysl, dlouh\u00e1 l\u00e9ta jeden z motor\u016f n\u011bmeck\u00e9ho hospod\u00e1\u0159stv\u00ed, vyk\u00e1zal na podzim nejhor\u0161\u00ed v\u00fdsledky&#8230;<\/p>\n","protected":false},"author":2,"featured_media":91968,"comment_status":"closed","ping_status":"closed","sticky":false,"template":"","format":"standard","meta":[],"categories":[7],"tags":[10062,371,84,2109],"_links":{"self":[{"href":"https:\/\/www.infokuryr.cz\/n\/wp-json\/wp\/v2\/posts\/91967"}],"collection":[{"href":"https:\/\/www.infokuryr.cz\/n\/wp-json\/wp\/v2\/posts"}],"about":[{"href":"https:\/\/www.infokuryr.cz\/n\/wp-json\/wp\/v2\/types\/post"}],"author":[{"embeddable":true,"href":"https:\/\/www.infokuryr.cz\/n\/wp-json\/wp\/v2\/users\/2"}],"replies":[{"embeddable":true,"href":"https:\/\/www.infokuryr.cz\/n\/wp-json\/wp\/v2\/comments?post=91967"}],"version-history":[{"count":0,"href":"https:\/\/www.infokuryr.cz\/n\/wp-json\/wp\/v2\/posts\/91967\/revisions"}],"wp:featuredmedia":[{"embeddable":true,"href":"https:\/\/www.infokuryr.cz\/n\/wp-json\/wp\/v2\/media\/91968"}],"wp:attachment":[{"href":"https:\/\/www.infokuryr.cz\/n\/wp-json\/wp\/v2\/media?parent=91967"}],"wp:term":[{"taxonomy":"category","embeddable":true,"href":"https:\/\/www.infokuryr.cz\/n\/wp-json\/wp\/v2\/categories?post=91967"},{"taxonomy":"post_tag","embeddable":true,"href":"https:\/\/www.infokuryr.cz\/n\/wp-json\/wp\/v2\/tags?post=91967"}],"curies":[{"name":"wp","href":"https:\/\/api.w.org\/{rel}","templated":true}]}}