{"id":919,"date":"2021-04-18T11:33:57","date_gmt":"2021-04-18T09:33:57","guid":{"rendered":"http:\/\/www.infokuryr.cz\/n\/?p=919"},"modified":"2021-04-18T11:42:39","modified_gmt":"2021-04-18T09:42:39","slug":"posledni-valka","status":"publish","type":"post","link":"https:\/\/www.infokuryr.cz\/n\/2021\/04\/18\/posledni-valka\/","title":{"rendered":"Posledn\u00ed v\u00e1lka"},"content":{"rendered":"<div id=\"fb-root\"><\/div>\n<p><b>Pr\u00e1v\u011b jsem se dozv\u011bd\u011bl, \u017ee po sedmi letech na\u0161e zpravodajsk\u00e1 slu\u017eba vy\u0159e\u0161ila to, co nevy\u0159e\u0161ila krimin\u00e1ln\u00ed slu\u017eba a dal\u0161\u00ed odborn\u00e1 pracovi\u0161t\u011b (nap\u0159\u00edklad pyrotechnici, B\u00e1\u0148sk\u00fd \u00fa\u0159ad a dal\u0161\u00ed obdobn\u00e1 profesion\u00e1ln\u00ed pracovi\u0161t\u011b). Jedn\u00e1 se o v\u00fdbuch v muni\u010dn\u00edm skladu Vrb\u011btice, ke kter\u00e9mu do\u0161lo p\u0159ed sedmi (7!!!) lety. Dnes premi\u00e9r Babi\u0161 prohl\u00e1sil: &#8222;V<i>\u00a0p\u00e1tek ve\u010der jsme byli informov\u00e1ni o z\u00e1va\u017en\u00fdch skute\u010dnostech t\u00fdkaj\u00edc\u00edch se bezpe\u010dnosti na\u0161\u00ed zem\u011b. &#8230;\u00a0<\/i><\/b><i><u>Na z\u00e1klad\u011b jednozna\u010dn\u00fdch d\u016fkaz\u016f<\/u><\/i><b>\u00a0z\u00edskan\u00fdch vy\u0161et\u0159ov\u00e1n\u00edm na\u0161ich bezpe\u010dnostn\u00edch slo\u017eek mus\u00edm konstatovat,\u00a0<\/b><i><u><b>\u017ee existuje d\u016fvodn\u00e9 podez\u0159en\u00ed<\/b><\/u><\/i><b>\u00a0<i>o zapojen\u00ed d\u016fstojn\u00edk\u016f rusk\u00e9 vojensk\u00e9 zpravodajsk\u00e9 slu\u017eby GRU, jednotky 29155, do v\u00fdbuchu muni\u010dn\u00edho are\u00e1lu skladu Vrb\u011btice v roce 2014.&#8220;<\/i><\/b><\/p>\n<div>\n<p>Z\u00e1rove\u0148 bylo ozn\u00e1meno, \u017ee bude vyho\u0161t\u011bno 18 pracovn\u00edk\u016f rusk\u00e9 ambas\u00e1dy. Ti pr\u00fd byli na\u0161imi tajn\u00fdmi slu\u017ebami identifikov\u00e1ni jako pracovn\u00edci rusk\u00fdch tajn\u00fdch slu\u017eeb GRU a SVR.<\/p>\n<p>Jen p\u00e1r informac\u00ed o v\u00fdbuchu soukrom\u00e9ho muni\u010dn\u00edho skladu ve Vrb\u011btic\u00edch v roce 2014. K prvn\u00edmu v\u00fdbuchu do\u0161lo 16. 10. 2014 ve skladu v\u00fdbu\u0161nin firmy Imex Group ve Vrb\u011btic\u00edch v objektu \u010d. 16. Ke druh\u00e9mu v\u00fdbuchu do\u0161lo dne 3. prosince 2014 op\u011bt ve Vrb\u011btic\u00edch ve skladu \u010d. 12, kter\u00fd je vzd\u00e1len asi150 metr\u016f od skladu \u010d. 16.<\/p>\n<p>P\u0159ed t\u011bmito ud\u00e1lostmi m\u011bl st\u00e1t, tak jak \u0159ekl tehdej\u0161\u00ed ministr vnitra Chovanec, alarmuj\u00edc\u00ed informace o stavu muni\u010dn\u00edch sklad\u016f od na\u0161ich bezpe\u010dnostn\u00edch slu\u017eeb. Tak, jak uk\u00e1zaly kontroly muni\u010dn\u00edch sklad\u016f a obdobn\u00fdch za\u0159\u00edzen\u00ed pro skladov\u00e1n\u00ed v\u00fdbu\u0161nin, kter\u00e9 n\u00e1sledovaly po v\u00fdbu\u0161\u00edch ve Vrb\u011btic\u00edch, alarmuj\u00edc\u00ed informace se uk\u00e1zaly jako pravdiv\u00e9. O tom sv\u011bd\u010d\u00ed nap\u0159\u00edklad kontrola u firmy Multiagro ve Slatin\u011b u Vysok\u00e9ho M\u00fdta. Jak op\u011bt uvedl tehdej\u0161\u00ed ministr vnitra Chovanec: &#8222;Je d\u016fvodn\u00e9 podez\u0159en\u00ed, \u017ee tam kontrola nalezla v\u011bci, kter\u00e9 tam nepat\u0159ily.&#8220; To potvrdil i tehdej\u0161\u00ed hejtman Pardubick\u00e9ho kraje M. Netolick\u00fd, kdy\u017e prohl\u00e1sil, \u017ee v tomto objektu byly nalezeny stovky tun munice a trhavin (v\u010detn\u011b semtexu) skladovan\u00fdch bez povolen\u00ed.<\/p>\n<p>V souvislosti s v\u00fdbuchy ve Vrb\u011btic\u00edch se v\u00e1\u017en\u011b diskutovalo o tom, \u017ee v t\u011bchto skladech tak\u00e9 byla munice a jin\u00fd v\u00fdbu\u0161n\u00fd materi\u00e1l nejen vy\u0159azen\u00e9 ze z\u00e1sob A\u010cR, ale tak\u00e9 nez\u00e1konn\u00e1 munice nakoupen\u00e1 v ciz\u00edch st\u00e1tech jako obchodn\u00ed artikl. To v\u0161ak ne\u0161lo prok\u00e1zat, proto\u017ee do\u0161lo k tak rozs\u00e1hl\u00e9 destrukci, kter\u00e1 zni\u010dila v\u011bt\u0161inu d\u016fkaz\u016f.<\/p>\n<p>Tak\u00e9 je nutn\u00e9 br\u00e1t v \u00favahu ten fakt, \u017ee v t\u00e9 dob\u011b byl neleg\u00e1ln\u00ed obchod se zbran\u011bmi, munic\u00ed a trhavinami zna\u010dn\u011b lukrativn\u00ed a vzhledem ke konfliktu na Ukrajin\u011b, ale i v jin\u00fdch oblastech, zna\u010dn\u011b roz\u0161\u00ed\u0159en\u00fd. O tom sv\u011bd\u010d\u00ed i n\u011bkter\u00e9 informace z roku 2016 o neleg\u00e1ln\u00edm v\u00fdvozu zbran\u00ed z \u010cR, na kter\u00e9m se \u00fadajn\u011b m\u011bli pod\u00edlet i n\u011bkter\u00e9 na\u0161e st\u00e1tn\u00ed instituce.<\/p>\n<p>Jak je to tedy s tou dne\u0161n\u00ed informac\u00ed o teroristick\u00e9m \u010dinu rusk\u00fdch tajn\u00fdch slu\u017eeb v objektu Vrb\u011btisk\u00fdch muni\u010dn\u00edch sklad\u016f? Kladusi n\u011bkolik z\u00e1kladn\u00edch ot\u00e1zek:<\/p>\n<p>&#8211; Co t\u00edm tyto tajn\u00e9 slu\u017eby cht\u011bli dok\u00e1zat? Co t\u00edm sledovaly?<\/p>\n<p>&#8211; Jak\u00fd v\u00fdznam m\u011bl tento teroristick\u00fd \u010din pro RF? Co t\u00edm cht\u011bla z\u00edskat (dok\u00e1zat)?<\/p>\n<p>&#8211; Jak je mo\u017en\u00e9, \u017ee po prvn\u00edm teroristick\u00e9m \u010dinu (v\u00fdbuch dne 16. \u0159\u00edjna 2014) n\u00e1sledoval druh\u00fd v\u00fdbuch jen 150 metr\u016f od toho prvn\u00edho a to a\u017e 3. prosince t\u00e9ho\u017e roku? To se pachatel\u00e9 vr\u00e1tili na m\u00edsto \u010dinu bez ohledu na to, jak byl tento prostor po prvn\u00edm v\u00fdbuchu st\u0159e\u017een a neprody\u0161tn\u011b uzav\u0159en?<\/p>\n<p>&#8211; Jak po 7 letech vy\u0161et\u0159ov\u00e1n\u00ed a na z\u00e1klad\u011b jak\u00fdch d\u016fkaz\u016f na\u0161e bezpe\u010dnostn\u00ed slu\u017eby dosp\u011bly k jednozna\u010dn\u00fdm d\u016fkaz\u016fm o vin\u011b rusk\u00fdch agent\u016f na t\u011bchto teroristick\u00fdch \u010dinech, kdy\u017e u\u017e v minulosti prob\u011bhl soud s \u00fadajn\u00fdmi pachateli?<\/p>\n<p>Na tyto ot\u00e1zky nem\u00e1m \u017e\u00e1dnou logickou a v\u011brohodnou odpov\u011b\u010f. Je zde ale \u0159ada okolnost\u00ed z posledn\u00edch m\u011bs\u00edc\u016f, kter\u00e9 mohou m\u00edt n\u011bjakou souvislost s propojen\u00edm t\u011bchto ud\u00e1lost\u00ed.<\/p>\n<p>&#8211; P\u0159edn\u011b je to budouc\u00ed tendr na dostavbu JE Dukovany. Je nutn\u00e9 zabr\u00e1nit rusk\u00fdm firm\u00e1m v \u00fa\u010dasti na tomto tendru. Boj o lukrativn\u00ed zak\u00e1zku nezn\u00e1 \u017e\u00e1dn\u00e1 pravidla a ve\u0161ker\u00e9 podrazy jsou povoleny. P\u0159i t\u00e9to p\u0159\u00edle\u017eitosti p\u0159ipom\u00edn\u00e1m spole\u010dn\u00e9 prohl\u00e1\u0161en\u00ed prezidenta USA D. Trumpa a premi\u00e9ra \u010cR A. Babi\u0161e, kter\u00e9 podepsali v roce 2019. Mimo jin\u00e9 se tam konstatuje:\u00a0<i>\u201eSpojen\u00e9 st\u00e1ty a \u010cesk\u00e1 republika potvrzuj\u00ed, \u017ee energetick\u00e1 bezpe\u010dnost je ned\u011bliteln\u00fdm pil\u00ed\u0159em n\u00e1rodn\u00ed bezpe\u010dnosti ka\u017ed\u00e9 zem\u011b.\u00a0<\/i><b>Budeme spolupracovat na prozkoum\u00e1n\u00ed p\u0159\u00edle\u017eitost\u00ed vypl\u00fdvaj\u00edc\u00edch z transformace energetick\u00fdch trh\u016f \u2026 Budeme d\u00e1le zkoumat potenci\u00e1ln\u00ed p\u0159\u00ednosy rozvoje region\u00e1ln\u00ed energetick\u00e9 infrastruktury ve st\u0159edn\u00ed Evrop\u011b.\u201c<\/b>\u00a0<i>To stoj\u00ed za zamy\u0161len\u00ed o tom, kdo ve skute\u010dnosti m\u00e1 nejv\u011bt\u0161\u00ed \u0161anci na\u0161\u00ed JE dostav\u011bt.<br \/>\n<\/i><br \/>\n&#8211; Druh\u00e1 ud\u00e1lost souvis\u00ed se sou\u010dasnou mezin\u00e1rodn\u00ed politickou situac\u00ed. M\u00e1m na mysli vyhrocenou diplomatickou a vojenskou situaci mezi USA a RF. V\u00fdznamnou roli zde hraje i Ukrajina. Op\u011bt p\u0159ipomenu jednu pas\u00e1\u017e ze spole\u010dn\u00e9ho prohl\u00e1\u0161en\u00ed premi\u00e9ra Babi\u0161e a D. Trumpa:\u00a0<i>\u201eZ\u016fst\u00e1v\u00e1me pevn\u00ed v podpo\u0159e ukrajinsk\u00e9 suverenity a \u00fazemn\u00ed celistvosti, jako\u017e i v pokra\u010duj\u00edc\u00edch sankc\u00edch proti Rusku. Chv\u00e1l\u00edme state\u010dnost a ob\u011btavost Spojen\u00fdch st\u00e1t\u016f a \u010desk\u00fdch jednotek slou\u017e\u00edc\u00edch bok po boku v Afgh\u00e1nist\u00e1nu.\u201c<\/i><\/p>\n<p>Kladu si ot\u00e1zku, jestli tyto dva d\u016fvody nejsou v\u011brohodn\u011bj\u0161\u00ed, odpov\u011bd\u00ed, ne\u017e obvin\u011bn\u00ed rusk\u00fdch tajn\u00fdch slu\u017eeb z teroristick\u00e9ho \u00fatoku na sklad v\u00fdbu\u0161nin ve Vrb\u011btic\u00edch v roce 2014. Nav\u00edc je \u00fasm\u011bvn\u00e9 to, \u017ee z t\u011bchto teroristick\u00fdch \u010din\u016f jsou obvin\u011bny dv\u011b konkr\u00e9tn\u00ed osoby a to zrovna ti &#8222;\u010du\u010dka\u0159i&#8220;, kter\u00fdm se nepoda\u0159ilo otr\u00e1vit novi\u010dokom b\u00fdval\u00e9ho agenta Skripala.<\/p>\n<p>I kdy\u017e jsem posledn\u00ed v\u011btu napsal tak trochu v odleh\u010den\u00e9m stylu, jsem toho n\u00e1zoru, \u017ee na p\u0159\u00edli\u0161 velkou legraci ta sou\u010dasn\u00e1 situace nevypad\u00e1. Na za\u010d\u00e1tku je to vyost\u0159en\u00e1 diplomatick\u00e1 situace mezi USA a RF, ur\u00e1\u017eka rusk\u00e9 hlavy st\u00e1tu prezidentem USA, kter\u00fd souhlasil s pojmenov\u00e1n\u00edm Putina jako &#8222;zabij\u00e1ka&#8220;, stahov\u00e1n\u00ed velvyslanc\u016f a masov\u00e9 vyho\u0161\u0165ov\u00e1n\u00ed diplomat\u016f. Pokra\u010duje to masivn\u00edm soust\u0159e\u010fov\u00e1n\u00edm vojsk \u010dlensk\u00fdch st\u00e1t\u016f NATO u rusk\u00fdch hranic a obdobnou odpov\u011bd\u00ed rusk\u00fdch ozbrojen\u00fdch sil. My se na t\u00e9to situaci pod\u00edl\u00edme pouh\u00fdm konstatov\u00e1n\u00edm, \u017ee se ru\u0161t\u00ed agenti pod\u00edleli na teroristick\u00fdch \u010dinech na na\u0161em \u00fazem\u00ed, ani\u017e by ob\u010dan\u016fm byly p\u0159edlo\u017eeny jednozna\u010dn\u00e9 d\u016fkazy, o kter\u00fdch hovo\u0159il A. Babi\u0161.<\/p>\n<p>Je nutn\u00e9, abychom si uv\u011bdomili, \u017ee takto vyost\u0159en\u00e1 situace se m\u016f\u017ee velmi rychle zm\u011bnit ve v\u00e1lku. Nebyla by to v\u00e1lka lok\u00e1ln\u00ed, nebyla by to ani t\u0159et\u00ed sv\u011btov\u00e1 v\u00e1lka.\u00a0<b>Byla by to v\u00e1lka posledn\u00ed.<\/b><\/p>\n<\/div>\n<div><\/div>\n<div><strong>Ladislav Petr\u00e1\u0161<\/strong><\/div>\n<div><\/div>\n<div><\/div>\n","protected":false},"excerpt":{"rendered":"<p>Pr\u00e1v\u011b jsem se dozv\u011bd\u011bl, \u017ee po sedmi letech na\u0161e zpravodajsk\u00e1 slu\u017eba vy\u0159e\u0161ila to, co nevy\u0159e\u0161ila&#8230;<\/p>\n","protected":false},"author":2,"featured_media":511,"comment_status":"closed","ping_status":"closed","sticky":false,"template":"","format":"standard","meta":[],"categories":[6],"tags":[76,29,22,37,40,145],"_links":{"self":[{"href":"https:\/\/www.infokuryr.cz\/n\/wp-json\/wp\/v2\/posts\/919"}],"collection":[{"href":"https:\/\/www.infokuryr.cz\/n\/wp-json\/wp\/v2\/posts"}],"about":[{"href":"https:\/\/www.infokuryr.cz\/n\/wp-json\/wp\/v2\/types\/post"}],"author":[{"embeddable":true,"href":"https:\/\/www.infokuryr.cz\/n\/wp-json\/wp\/v2\/users\/2"}],"replies":[{"embeddable":true,"href":"https:\/\/www.infokuryr.cz\/n\/wp-json\/wp\/v2\/comments?post=919"}],"version-history":[{"count":0,"href":"https:\/\/www.infokuryr.cz\/n\/wp-json\/wp\/v2\/posts\/919\/revisions"}],"wp:featuredmedia":[{"embeddable":true,"href":"https:\/\/www.infokuryr.cz\/n\/wp-json\/wp\/v2\/media\/511"}],"wp:attachment":[{"href":"https:\/\/www.infokuryr.cz\/n\/wp-json\/wp\/v2\/media?parent=919"}],"wp:term":[{"taxonomy":"category","embeddable":true,"href":"https:\/\/www.infokuryr.cz\/n\/wp-json\/wp\/v2\/categories?post=919"},{"taxonomy":"post_tag","embeddable":true,"href":"https:\/\/www.infokuryr.cz\/n\/wp-json\/wp\/v2\/tags?post=919"}],"curies":[{"name":"wp","href":"https:\/\/api.w.org\/{rel}","templated":true}]}}