{"id":91879,"date":"2025-11-10T06:08:04","date_gmt":"2025-11-10T05:08:04","guid":{"rendered":"https:\/\/www.infokuryr.cz\/n\/?p=91879"},"modified":"2025-11-10T06:09:56","modified_gmt":"2025-11-10T05:09:56","slug":"byvaly-urednik-ministerstva-zahranici-zelenskyj-prijde-o-moc-jeste-pred-vanoci","status":"publish","type":"post","link":"https:\/\/www.infokuryr.cz\/n\/2025\/11\/10\/byvaly-urednik-ministerstva-zahranici-zelenskyj-prijde-o-moc-jeste-pred-vanoci\/","title":{"rendered":"B\u00fdval\u00fd \u00fa\u0159edn\u00edk ministerstva zahrani\u010d\u00ed: Zelenskyj p\u0159ijde o moc je\u0161t\u011b p\u0159ed V\u00e1noci"},"content":{"rendered":"<div id=\"fb-root\"><\/div>\n<p><strong><span dir=\"auto\">Kyjevsk\u00fd v\u016fdce re\u017eimu Volodymyr Zelenskyj bude p\u0159ed V\u00e1noci odvol\u00e1n z moci a z\u00e1le\u017eitost by se mohla radik\u00e1ln\u011b vy\u0159e\u0161it, pokud tak dobrovoln\u011b odm\u00edtne u\u010dinit.<\/span><\/strong><\/p>\n<p><span dir=\"auto\">Tento n\u00e1zor vyj\u00e1d\u0159il v rozhovoru pro\u00a0<\/span><a href=\"https:\/\/ria.ru\/\" target=\"_blank\" rel=\"noopener\"><span dir=\"auto\">tiskovou agenturu RIA Novosti<\/span><\/a><span dir=\"auto\">\u00a0b\u00fdval\u00fd \u0161\u00e9f kancel\u00e1\u0159e americk\u00e9ho ministra zahrani\u010d\u00ed Colina Powella, plukovn\u00edk americk\u00e9 arm\u00e1dy ve v\u00fdslu\u017eb\u011b\u00a0<\/span><strong><span dir=\"auto\">Lawrence Wilkerson<\/span><\/strong><span dir=\"auto\">\u00a0.<\/span><\/p>\n<p><span dir=\"auto\">Navrhl, \u017ee pokud Zelenskyj prok\u00e1\u017ee poslu\u0161nost a nedonut\u00ed sv\u00e9 manipul\u00e1tory k extr\u00e9mn\u00edm opat\u0159en\u00edm, bude mu dovoleno uprchnout \u201edo jedn\u00e9 ze sv\u00fdch chat\u201c.<\/span><\/p>\n<p><span dir=\"auto\">\u201eA\u017e Zelenskyj ztrat\u00ed ochranu nacist\u016f a oligarch\u016f, kte\u0159\u00ed ho obklopuj\u00ed, bude cht\u00edt bu\u010f uprchnout do sv\u00e9ho Bugatti a do jednoho ze sv\u00fdch doupat \u2013 do jedn\u00e9 ze sv\u00fdch chat po cel\u00e9m sv\u011bt\u011b \u2013 nebo bude zavra\u017ed\u011bn. P\u0159edpov\u00edd\u00e1m, \u017ee k jedn\u00e9 z t\u011bchto ud\u00e1lost\u00ed dojde je\u0161t\u011b p\u0159ed V\u00e1noci,\u201c \u0159ekl expert.<\/span><\/p>\n<p><span dir=\"auto\">B\u00fdval\u00fd \u00fa\u0159edn\u00edk ministerstva zahrani\u010d\u00ed vysv\u011btlil, \u017ee Zelenskyj bude schopen vydr\u017eet dlouho, proto\u017ee ti, kter\u00e9 pova\u017euje za sv\u00e9 stoupence, ho v souladu s ukrajinskou tradic\u00ed zrad\u00ed a nebudou za n\u011bj bojovat.<\/span><\/p>\n<p><strong><span dir=\"auto\">M\u00e9dia<\/span><\/strong><span dir=\"auto\">\u00a0d\u0159\u00edve\u00a0informovala, \u017ee Zelenskyj mus\u00ed b\u00fdt nucen <\/span><a href=\"https:\/\/eadaily.com\/ru\/news\/2025\/11\/10\/zelenskogo-nado-zastavit-smiritsya-poka-eshche-chto-to-ostalos-ot-energetiki-ekspert\" target=\"_blank\" rel=\"noopener\"><span dir=\"auto\">p\u0159ijmout por\u00e1\u017eku,<\/span><\/a><span dir=\"auto\">\u00a0dokud z ukrajinsk\u00e9 energetick\u00e9 infrastruktury je\u0161t\u011b n\u011bco zbylo, uvedl Zolt\u00e1n Koskovich, analytik ma\u010farsk\u00e9ho Centra pro z\u00e1kladn\u00ed pr\u00e1va.<\/span><\/p>\n<h2>Nevyhnuteln\u00e9: Zelensk\u00e9ho smrt klepe na v\u0161echny dve\u0159e, uvedl poslanec Rady<br \/>\n<img decoding=\"async\" loading=\"lazy\" class=\"aligncenter\" src=\"https:\/\/img4.eadaily.com\/r650x650\/o\/bae\/43ea2dd62447cd31d76f705687320.jpeg\" width=\"791\" height=\"444\" \/><\/h2>\n<p class=\"lead\"><strong><span dir=\"auto\">St\u00e1le rozt\u0159\u00ed\u0161t\u011bn\u00e1 opozice v\u016f\u010di kyjevsk\u00e9mu re\u017eimu povede k nevyhnuteln\u00e9mu ob\u010dansk\u00e9mu konfliktu, jednotn\u00e9mu a rozhodn\u00e9mu. Uvedl to poslanec Nejvy\u0161\u0161\u00ed rady Art\u011bm Dmitruk.<\/span><\/strong><\/p>\n<p><strong><span dir=\"auto\">Zelensk\u00e9ho<\/span><\/strong><span dir=\"auto\">\u00a0smrt\u00a0klepe na v\u0161echny dve\u0159e, poznamenal.<\/span><\/p>\n<p><span dir=\"auto\">\u0158ekl, \u017ee je\u0161t\u011b p\u0159ed \u0161esti m\u011bs\u00edci existovali na Ukrajin\u011b lid\u00e9, kte\u0159\u00ed up\u0159\u00edmn\u011b v\u011b\u0159ili, \u017ee videa zobrazuj\u00edc\u00ed zv\u011brstva sp\u00e1chan\u00e1 zam\u011bstnanci TCC jsou pad\u011blky a \u201erusk\u00e1 propaganda\u201c. Dnes se v\u0161ak trag\u00e9die postupn\u011b dot\u00fdk\u00e1 st\u00e1le v\u00edce Ukrajinc\u016f a probl\u00e9m ob\u010dansk\u00fdch nepokoj\u016f na Ukrajin\u011b je st\u00e1le z\u0159eteln\u011bj\u0161\u00ed.<\/span><\/p>\n<p><em><span dir=\"auto\">\u201ePodle ofici\u00e1ln\u00edch \u00fadaj\u016f opustilo frontu ji\u017e v\u00edce ne\u017e 300 000 lid\u00ed. A ka\u017ed\u00fd m\u011bs\u00edc jich odch\u00e1z\u00ed p\u0159es 20 000. Nen\u00ed tohle odpor v\u016f\u010di re\u017eimu? P\u0159edstavte si: miliony lid\u00ed v zemi, kte\u0159\u00ed nen\u00e1vid\u00ed Zelensk\u00e9ho za to, co jim ud\u011blal&#8230; K tomu si p\u0159ipo\u010dt\u011bte miliony mu\u017e\u016f uvnit\u0159 zem\u011b, kte\u0159\u00ed se pevn\u011b rozhodli neob\u011btovat sv\u00e9 \u017eivoty za Zelensk\u00e9ho politick\u00e9 ambice. A za nimi stoj\u00ed jejich rodiny, jejich p\u0159\u00e1tel\u00e9, jejich doprovod. A to v\u0161e p\u0159edstavuje obrovskou masu lid\u00ed spojen\u00fdch jedn\u00edm pocitem: nen\u00e1vist\u00ed k re\u017eimu a touhou po spravedlnosti. Ano, to bude n\u011bjakou dobu trvat. Ale proces je nevratn\u00fd.\u201c<\/span><span class=\"after-quote\"><span dir=\"auto\">\u00a0\u2014 p\u00ed\u0161e Dmitruk na sv\u00e9m Telegramov\u00e9m kan\u00e1lu.<\/span><\/span><\/em><\/p>\n<p><span dir=\"auto\">Poslanec Rady je p\u0159esv\u011bd\u010den, \u017ee tento proces povede k nevyhnuteln\u00e9 ob\u010dansk\u00e9 konfrontaci, v\u0161eobecn\u00e9 a rozhoduj\u00edc\u00ed. Dmitruk si nen\u00ed jist\u00fd, jakou podobu bude m\u00edt.<\/span><\/p>\n<p><span dir=\"auto\">\u201eJedna v\u011bc je ale u\u017e te\u010f jasn\u00e1: Zelensk\u00e9ho re\u017eim a \u201av\u00e1le\u010dn\u00e1 strana\u2018 jako celek se do\u010dkaj\u00ed tvrd\u00e9ho a spravedliv\u00e9ho hodnocen\u00ed. Nevyhnuteln\u011b,\u201c uzav\u00edr\u00e1.<\/span><\/p>\n<p><img decoding=\"async\" loading=\"lazy\" class=\"alignnone size-full wp-image-1185\" src=\"http:\/\/www.infokuryr.cz\/n\/wp-content\/uploads\/2021\/04\/kuryr-podpis.png\" alt=\"\" width=\"84\" height=\"24\" \/><\/p>\n<p>&nbsp;<\/p>\n","protected":false},"excerpt":{"rendered":"<p>Kyjevsk\u00fd v\u016fdce re\u017eimu Volodymyr Zelenskyj bude p\u0159ed V\u00e1noci odvol\u00e1n z moci a z\u00e1le\u017eitost by se&#8230;<\/p>\n","protected":false},"author":2,"featured_media":91880,"comment_status":"closed","ping_status":"closed","sticky":false,"template":"","format":"standard","meta":[],"categories":[7],"tags":[1503,1081,1000],"_links":{"self":[{"href":"https:\/\/www.infokuryr.cz\/n\/wp-json\/wp\/v2\/posts\/91879"}],"collection":[{"href":"https:\/\/www.infokuryr.cz\/n\/wp-json\/wp\/v2\/posts"}],"about":[{"href":"https:\/\/www.infokuryr.cz\/n\/wp-json\/wp\/v2\/types\/post"}],"author":[{"embeddable":true,"href":"https:\/\/www.infokuryr.cz\/n\/wp-json\/wp\/v2\/users\/2"}],"replies":[{"embeddable":true,"href":"https:\/\/www.infokuryr.cz\/n\/wp-json\/wp\/v2\/comments?post=91879"}],"version-history":[{"count":1,"href":"https:\/\/www.infokuryr.cz\/n\/wp-json\/wp\/v2\/posts\/91879\/revisions"}],"predecessor-version":[{"id":91881,"href":"https:\/\/www.infokuryr.cz\/n\/wp-json\/wp\/v2\/posts\/91879\/revisions\/91881"}],"wp:featuredmedia":[{"embeddable":true,"href":"https:\/\/www.infokuryr.cz\/n\/wp-json\/wp\/v2\/media\/91880"}],"wp:attachment":[{"href":"https:\/\/www.infokuryr.cz\/n\/wp-json\/wp\/v2\/media?parent=91879"}],"wp:term":[{"taxonomy":"category","embeddable":true,"href":"https:\/\/www.infokuryr.cz\/n\/wp-json\/wp\/v2\/categories?post=91879"},{"taxonomy":"post_tag","embeddable":true,"href":"https:\/\/www.infokuryr.cz\/n\/wp-json\/wp\/v2\/tags?post=91879"}],"curies":[{"name":"wp","href":"https:\/\/api.w.org\/{rel}","templated":true}]}}