{"id":91876,"date":"2025-11-10T05:51:28","date_gmt":"2025-11-10T04:51:28","guid":{"rendered":"https:\/\/www.infokuryr.cz\/n\/?p=91876"},"modified":"2025-11-10T05:51:28","modified_gmt":"2025-11-10T04:51:28","slug":"stolety-britsky-veteran-se-temer-rozplakal-a-prohlasil","status":"publish","type":"post","link":"https:\/\/www.infokuryr.cz\/n\/2025\/11\/10\/stolety-britsky-veteran-se-temer-rozplakal-a-prohlasil\/","title":{"rendered":"Stolet\u00fd britsk\u00fd veter\u00e1n se t\u00e9m\u011b\u0159 rozplakal a prohl\u00e1sil &#8230;"},"content":{"rendered":"<div id=\"fb-root\"><\/div>\n<h4>Stolet\u00fd britsk\u00fd veter\u00e1n se t\u00e9m\u011b\u0159 rozplakal a prohl\u00e1sil, \u017ee ty \u017eivoty jeho kamar\u00e1d\u016f za II. sv. v\u00e1lky, kter\u00e9 polo\u017eili za svobodu proti nacismu v Evrop\u011b, za to nest\u00e1ly, kdy\u017e vid\u00ed, co se dnes stalo s Velkou Brit\u00e1ni\u00ed! Nejen americk\u00e1 aktivistka, ale i \u010desk\u00fd influencer si ji\u017e v\u0161iml, \u017ee jsme zaplavov\u00e1ni muslimy! Izaj\u00e1\u0161ovo proroctv\u00ed je vneseno do Projektu Muslimsk\u00e9ho bratrstva z d\u00edlny Mosadu!<\/h4>\n<p>Velk\u00e1 Brit\u00e1nie si v ned\u011bli 9. listopadu p\u0159ipomn\u011bla tzv.\u00a0<em>Rememberance Day<\/em>, kter\u00fdm si zem\u011b p\u0159ipom\u00edn\u00e1 \u00fa\u010dasti sv\u00fdch voj\u00e1k\u016f v r\u016fzn\u00fdch v\u00e1lk\u00e1ch v historii a britsk\u00e1 televize ITV si pozvala do studia 100-let\u00e9ho veter\u00e1na z boj\u016f za II. sv. v\u00e1lky. Alec Penstone v\u0161ak \u0161okoval oba moder\u00e1tory, kdy\u017e prohl\u00e1sil, \u017ee jeho vzkaz Brit\u016fm k tomuto dni spo\u010d\u00edv\u00e1 v tom, \u017ee\u00a0<strong>ob\u011bti jeho kamar\u00e1d\u016f, kte\u0159\u00ed polo\u017eili sv\u00e9 \u017eivoty za svobodu Velk\u00e9 Brit\u00e1nii v boji proti n\u011bmeck\u00e9mu nacismu, za to podle n\u011bho nest\u00e1ly.<\/strong>\u00a0V ten okam\u017eik ve studiu a v re\u017eii ITV spadly hodiny ze zdi.<\/p>\n<p>&nbsp;<\/p>\n<div id=\"rumble_v6za5zg\">\n<div id=\"vid_v6za5zg\" class=\"rumble_v6za5zg-Rumble-cls\" tabindex=\"-1\"><div class='videoWrapper'>\r\n\t            <iframe src='https:\/\/rumble.com\/embed\/pj.v6za5zg\/' frameborder='0' allowfullscreen><\/iframe>\r\n\t        <\/div><\/div>\n<\/div>\n<p>&nbsp;<\/p>\n<p>Kdy\u017e se moder\u00e1tor Aleca ptal, pro\u010d m\u00e1 takov\u00fd n\u00e1zor, \u017ee ty ob\u011bti za to nest\u00e1ly, tak mu stolet\u00fd veter\u00e1n odpov\u011bd\u011bl, \u017ee kdy\u017e se dnes pod\u00edv\u00e1 na to, co se d\u011bje v jejich zemi se svobodou, tedy ve Velk\u00e9 Brit\u00e1nii, tak to podle n\u011bj za ty polo\u017een\u00e9 \u017eivoty za II. sv. v\u00e1lky nest\u00e1lo, proto\u017ee\u00a0<strong>podle jeho slov ani tehdy, kdy\u017e Evropa byla pod okupac\u00ed nacistick\u00e9ho N\u011bmecka, tak\u00a0ani tehdy pr\u00fd nebyla v Evrop\u011b takov\u00e1 nesvoboda, jak\u00e9 je te\u010f ve Velk\u00e9 Brit\u00e1nii.<\/strong><\/p>\n<p>Oba dva moder\u00e1to\u0159i to zahr\u00e1li do pozice, \u017ee je jim to l\u00edto, \u017ee to tak c\u00edt\u00ed, a \u017ee ud\u011blaj\u00ed v\u0161e proto, aby se to zlep\u0161ilo, ale bylo okam\u017eit\u011b jasn\u00e9, \u017ee tohle nebylo ve sc\u00e9n\u00e1\u0159i, to nebylo dohodnuto a rozhovor byl pot\u00e9 za chv\u00edli ukon\u010den\u00a0<strong>[<a href=\"https:\/\/href.li\/?https:\/\/x.com\/GMB\/status\/1986715254869332096\" target=\"_blank\" rel=\"nofollow noopener\">1<\/a>]<\/strong>, kdy\u017e Alec dostal od vojensk\u00fdch ma\u017eoretek a zp\u011bva\u010dek c\u00e9d\u00e9\u010dko s nahr\u00e1vkami vojensk\u00fdch p\u00edsn\u00ed.<\/p>\n<h3>Podle proroctv\u00ed muslimov\u00e9 zaplav\u00ed cel\u00fd k\u0159es\u0165ansk\u00fd sv\u011bt a dovedou ho ke zni\u010den\u00ed<\/h3>\n<p>Velk\u00e1 Brit\u00e1nie se toti\u017e prom\u011bnila na koncentra\u010dn\u00ed t\u00e1bor, kde policie zakazuje svobodu slova. Policie d\u011bl\u00e1 domovn\u00ed razie za p\u0159\u00edsp\u011bvky na soci\u00e1ln\u00edch s\u00edt\u00edch kritizuj\u00edc\u00ed migraci a n\u00e1silnosti muslim\u016f. Starosty britsk\u00fdch m\u011bst se st\u00e1vaj\u00ed muslimov\u00e9.<\/p>\n<p>Vznikaj\u00ed \u0161ar\u00eda soudy po cel\u00e9 Velk\u00e9 Brit\u00e1nii, postupn\u011b ovl\u00e1daj\u00ed okrskov\u00e9 policie, ovl\u00e1daj\u00ed \u0161koln\u00ed rady, ze \u0161koln\u00edch kuchyn\u00ed miz\u00ed vep\u0159ov\u00e9 maso a nejroz\u0161\u00ed\u0159en\u011bj\u0161\u00edm jm\u00e9nem novorozenc\u016f ve Velk\u00e9 Brit\u00e1nii je Mohamed. Tento proces se postupn\u011b kop\u00edruje do Evropsk\u00e9 unie a nyn\u00ed i do USA, kde nov\u011b zvolen\u00fdm starostou New Yorku je ugandsk\u00fd muslim a komunista Zohran Mamdani\u00a0<strong>[<a href=\"https:\/\/aeronet.news\/perestrojka-dorazila-do-new-yorku-a-novy-starosta-s-komunistickymi-nazory-a-s-anti-izraelskou-retorikou-prinasi-americanum-poprve-ochutnavku-sovetskeho-svazu\/\">2<\/a>]<\/strong>.<\/p>\n<p>&nbsp;<\/p>\n<div id=\"rumble_v6gsm1d\">\n<div id=\"vid_v6gsm1d\" class=\"rumble_v6gsm1d-Rumble-cls\" tabindex=\"-1\"><div class='videoWrapper'>\r\n\t            <iframe src='https:\/\/rumble.com\/embed\/pj.v6gsm1d\/' frameborder='0' allowfullscreen><\/iframe>\r\n\t        <\/div><\/div>\n<\/div>\n<p>&nbsp;<\/p>\n<p>U\u017e p\u0159ed \u010dasem jsme na Aeronetu publikovali \u010dl\u00e1nek\u00a0<strong>[<a href=\"https:\/\/aeronet.news\/zapadni-civilizace-edomu-v-cele-s-usa-jako-nastupnicka-civilizace-rimske-rise-bude-po-prichodu-mesiase-znicena-jako-posledni-ze-4-nepratelskych-kralovstvi-ktere-utlacovaly-vyvoleny-narod\/\">3<\/a>]<\/strong>\u00a0o tom, \u017ee cel\u00e1 z\u00e1padn\u00ed civilizace \u010del\u00ed pl\u00e1nu na likvidaci Edomu, kter\u00fd vych\u00e1z\u00ed z tzv.\u00a0<em>Izaj\u00e1\u0161ova proroctv\u00ed<\/em>.\u00a0<strong>Nejl\u00e9pe o tom hovo\u0159il ve videu v\u00fd\u0161e rab\u00edn Alon Alava v \u010dase videa od 05:22 a d\u00e1le informace o kapitole 62 proroctv\u00ed Izaj\u00e1\u0161e.<\/strong>\u00a0Je t\u0159eba \u0159\u00edct, \u017ee toto proroctv\u00ed je nyn\u00ed aktivn\u011b napl\u0148ov\u00e1no v cel\u00e9m sv\u011bt\u011b kolektivn\u00edho Z\u00e1padu, v cel\u00e9m tzv. k\u0159es\u0165ansk\u00e9m sv\u011bt\u011b, kter\u00fd rab\u00edni naz\u00fdvaj\u00ed\u00a0<em>Edom<\/em>.<\/p>\n<p>Ten je n\u00e1stupnickou \u0159\u00ed\u0161\u00ed p\u0159edchoz\u00ed \u0158\u00edmsk\u00e9 \u0159\u00ed\u0161e. Sou\u010d\u00e1st\u00ed toho proroctv\u00ed je zamo\u0159en\u00ed cel\u00e9ho k\u0159es\u0165ansk\u00e9ho sv\u011bta muslimy, a k tomu slou\u017e\u00ed migrace a rovn\u011b\u017e\u00a0<em><strong>Migra\u010dn\u00ed pakt<\/strong><\/em>, jeden z nejzlo\u010dinn\u011bj\u0161\u00edch pakt\u016f podepsan\u00fd V\u00edtem Raku\u0161anem. Tento pakt p\u0159itom za\u010dne platit ji\u017e 1. \u010dervna 2026, tedy prakticky za cca. necel\u00fdch 8 m\u011bs\u00edc\u016f.<\/p>\n<h3>Projekt Velk\u00e9 v\u00fdm\u011bny b\u011b\u017e\u00ed v cel\u00e9m Edomu naplno!<\/h3>\n<p>Nasunov\u00e1n\u00ed muslim\u016f do Evropy je sou\u010d\u00e1st\u00ed tohoto pl\u00e1nu likvidace Edomu a povinn\u011b se na n\u011bm pod\u00edl\u00ed v\u0161echny vl\u00e1dy zem\u00ed Edomu a nen\u00ed dovoleno, aby se n\u011bkdo dlouhodob\u011b ne\u00fa\u010dastnil. Jde o proces tzv. Velk\u00e9 v\u00fdm\u011bny (<em>The Great Replacement<\/em>), kter\u00fd ji\u017e pln\u011b b\u011b\u017e\u00ed pr\u00e1v\u011b ve Velk\u00e9 Brit\u00e1nii.<\/p>\n<p>Muslimov\u00e9 vym\u011bnili k\u0159es\u0165any na postech starost\u016f m\u011bst, na postech n\u00e1\u010deln\u00edk\u016f okrskov\u00fdch polici\u00ed, na postech \u0159editel\u016f \u0161kolsk\u00fdch rad, na postech \u0159editel\u016f r\u00e1di\u00ed, televiz\u00ed atd. A co je nejhor\u0161\u00ed je to, \u017ee kdokoliv se pokus\u00ed tomuto procesu Velk\u00e9 v\u00fdm\u011bny zabr\u00e1nit, nebo ten proces jen kritizovat, je okam\u017eit\u011b zat\u010den, je zah\u00e1jen a je uv\u011bzn\u011bn. A co je vrcholem teroru v Brit\u00e1nii?\u00a0<strong>Z\u00e1kaz vyv\u011b\u0161ov\u00e1n\u00ed britsk\u00fdch vlajek!<\/strong>\u00a0Je to trest\u00e1no jako projev xenofobie v\u016f\u010di muslim\u016fm!<\/p>\n<p>&nbsp;<\/p>\n<div id=\"rumble_v6zaq78\">\n<div id=\"vid_v6zaq78\" class=\"rumble_v6zaq78-Rumble-cls\" tabindex=\"-1\">\n<div><div class='videoWrapper'>\r\n\t            <iframe src='https:\/\/rumble.com\/embed\/pj.v6zaq78\/' frameborder='0' allowfullscreen><\/iframe>\r\n\t        <\/div><\/div>\n<\/div>\n<\/div>\n<p>&nbsp;<\/p>\n<p>Tohoto procesu Velk\u00e9 v\u00fdm\u011bny si v\u0161\u00edmaj\u00ed u\u017e i \u010de\u0161t\u00ed influence\u0159i a t\u0159eba Jan Klein k tomu nato\u010dil kr\u00e1tk\u00e9 video, jak\u00fdm zp\u016fsobem muslimov\u00e9, \u00fapln\u011b stejn\u011b jako ve Velk\u00e9 Brit\u00e1nii, obsazuj\u00ed \u0159\u00edd\u00edc\u00ed pozice v USA a v dal\u0161\u00edch st\u00e1tech. Hovo\u0159il o tom, \u017ee\u00a0<strong>ten proces vych\u00e1z\u00ed z tzv.\u00a0\u201cProjektu\u201d\u00a0Muslimsk\u00e9ho bratrstva, co\u017e je dokument [<a href=\"https:\/\/href.li\/?https:\/\/www.investigativeproject.org\/documents\/misc\/687.pdf\" target=\"_blank\" rel=\"nofollow noopener\">4<\/a>] z roku 1982, jeho\u017e autorstv\u00ed je pova\u017eov\u00e1no za podvrh, kter\u00fd byl vytvo\u0159en Mosadem.<\/strong><\/p>\n<p>Je to extr\u00e9mistick\u00fd dokument, kter\u00fd popisuje n\u00e1vod, jak\u00fdm muslimov\u00e9 maj\u00ed p\u0159evz\u00edt kontrolu na zem\u011bmi z\u00e1padn\u00edho sv\u011bta. Je to neuv\u011b\u0159iteln\u00e9, ale v tom projektu je p\u0159esn\u011b a doslova ops\u00e1no proroctv\u00ed z \u017eidovsk\u00e9ho Tanachu, z Izaj\u00e1\u0161e a je rozeps\u00e1no do dvan\u00e1cti ak\u010dn\u00edch bod\u016f.<\/p>\n<h4>\u201eProjekt\u201c Muslimsk\u00e9ho bratrstva<\/h4>\n<p>N\u00e1sleduj\u00edc\u00ed anglick\u00fd p\u0159eklad Projektu p\u0159ipravil Scott Burgess a poprv\u00e9 byl publikov\u00e1n v s\u00e9riov\u00e9 podob\u011b v den\u00edku The Daily Ablution v prosinci 2005 (\u010d\u00e1sti I, II, III, IV, V, z\u00e1v\u011br). Je zalo\u017een na francouzsk\u00e9m textu projektu publikovan\u00e9m v knize Sylvaina Bessona La conqu\u00eate de l\u2019Occident: Le projet secret des Islamistes (Pa\u0159\u00ed\u017e: Le Seuil, 2005), str. 193\u2013205.<\/p>\n<p><strong>Ve jm\u00e9nu All\u00e1ha, milosrdn\u00e9ho a slitovn\u00e9ho \u2013 Zpr\u00e1va<\/strong><\/p>\n<p><strong>S\/5\/100<\/strong><\/p>\n<p><strong>1\/12\/1982 [1. prosince 1982]<\/strong><\/p>\n<p>Sm\u011brem k celosv\u011btov\u00e9 strategii isl\u00e1msk\u00e9 politiky<\/p>\n<p>(V\u00fdchoz\u00ed body, prvky, postupy a \u00fakoly)<\/p>\n<p>Tato zpr\u00e1va p\u0159edstavuje glob\u00e1ln\u00ed vizi celosv\u011btov\u00e9 strategie isl\u00e1msk\u00e9 politiky [nebo \u201epolitick\u00e9ho isl\u00e1mu\u201c]. M\u00edstn\u00ed isl\u00e1msk\u00e9 politiky budou vypracov\u00e1ny v r\u016fzn\u00fdch regionech v souladu s jej\u00edmi pokyny. Nejprve definuje v\u00fdchoz\u00ed body t\u00e9to politiky, pot\u00e9 stanov\u00ed slo\u017eky a nejd\u016fle\u017eit\u011bj\u0161\u00ed postupy spojen\u00e9 s ka\u017ed\u00fdm v\u00fdchoz\u00edm bodem; nakonec navrhuje n\u011bkolik \u00fakol\u016f, pouze jako p\u0159\u00edklad, nech\u0165 n\u00e1s All\u00e1h ochra\u0148uje.<\/p>\n<p><strong>V\u00fdchoz\u00ed bod 1:<\/strong>\u00a0Poznat ter\u00e9n a p\u0159ijmout v\u011bdeckou metodiku pro jeho pl\u00e1nov\u00e1n\u00ed a realizaci.<\/p>\n<p><strong>V\u00fdchoz\u00ed bod 2:<\/strong>\u00a0Prok\u00e1zat v\u00e1\u017enost dan\u00e9 pr\u00e1ce.<\/p>\n<p><strong>V\u00fdchoz\u00ed bod 3:<\/strong>\u00a0Sladit mezin\u00e1rodn\u00ed anga\u017eovanost s flexibilitou na m\u00edstn\u00ed \u00farovni.<\/p>\n<p><strong>V\u00fdchoz\u00ed bod 4<\/strong>: Sladit politick\u00e9 anga\u017em\u00e1 a nutnost vyhnout se izolaci na jedn\u00e9 stran\u011b s trval\u00fdm vzd\u011bl\u00e1v\u00e1n\u00edm a institucion\u00e1ln\u00edmi opat\u0159en\u00edmi na stran\u011b druh\u00e9.<\/p>\n<p><strong>V\u00fdchoz\u00ed bod 5:<\/strong>\u00a0B\u00fdt pou\u017eit k zalo\u017een\u00ed isl\u00e1msk\u00e9ho st\u00e1tu; paraleln\u00ed, progresivn\u00ed \u00fasil\u00ed zam\u011b\u0159en\u00e9 na kontrolu m\u00edstn\u00edch center moci prost\u0159ednictv\u00edm institucion\u00e1ln\u00edch opat\u0159en\u00ed.<\/p>\n<p><strong>V\u00fdchoz\u00ed bod 6:<\/strong>\u00a0Loaj\u00e1ln\u011b spolupracovat s isl\u00e1msk\u00fdmi skupinami a institucemi v r\u016fzn\u00fdch oblastech s c\u00edlem dos\u00e1hnout shody, aby bylo mo\u017en\u00e9 \u201espolupracovat v bodech, na kter\u00fdch se shodneme, a odlo\u017eit body, ve kter\u00fdch se neshodneme\u201c.<\/p>\n<p><strong>V\u00fdchoz\u00ed bod 7:<\/strong>\u00a0P\u0159ijmout z\u00e1sadu do\u010dasn\u00e9 spolupr\u00e1ce mezi isl\u00e1msk\u00fdmi hnut\u00edmi a nacionalistick\u00fdmi hnut\u00edmi v \u0161irok\u00e9 sf\u00e9\u0159e a na spole\u010dn\u00e9 p\u016fd\u011b, jako je boj proti kolonialismu, k\u00e1z\u00e1n\u00ed a \u017eidovsk\u00e9mu st\u00e1tu, ani\u017e by v\u0161ak bylo nutn\u00e9 vytv\u00e1\u0159et aliance. To bude na druh\u00e9 stran\u011b vy\u017eadovat omezen\u00e9 kontakty mezi ur\u010dit\u00fdmi v\u016fdci, a to p\u0159\u00edpad od p\u0159\u00edpadu, pokud tyto kontakty neporu\u0161uj\u00ed z\u00e1kon [\u0161ar\u00eda]. Nicm\u00e9n\u011b jim nelze prokazovat v\u011brnost ani jim d\u016fv\u011b\u0159ovat, p\u0159i\u010dem\u017e je t\u0159eba m\u00edt na pam\u011bti, \u017ee isl\u00e1msk\u00e9 hnut\u00ed mus\u00ed b\u00fdt p\u016fvodcem p\u0159ij\u00edman\u00fdch iniciativ a sm\u011br\u016f.<\/p>\n<p><strong>V\u00fdchoz\u00ed bod 8:<\/strong>\u00a0Ovl\u00e1dnout um\u011bn\u00ed mo\u017en\u00e9ho na do\u010dasn\u00e9m z\u00e1klad\u011b, ani\u017e by doch\u00e1zelo k poru\u0161ov\u00e1n\u00ed z\u00e1kladn\u00edch princip\u016f, s v\u011bdom\u00edm, \u017ee All\u00e1hova u\u010den\u00ed plat\u00ed v\u017edy. Je t\u0159eba na\u0159izovat to, co je vhodn\u00e9, a zakazovat to, co nen\u00ed, a v\u017edy poskytovat zdokumentovan\u00fd n\u00e1zor. Nem\u011bli bychom v\u0161ak hledat konfrontaci s na\u0161imi protivn\u00edky, a\u0165 u\u017e na m\u00edstn\u00ed nebo glob\u00e1ln\u00ed \u00farovni, kter\u00e1 by byla nep\u0159im\u011b\u0159en\u00e1 a mohla by v\u00e9st k \u00fatok\u016fm proti dawa nebo jej\u00edm stoupenc\u016fm.<\/p>\n<p><strong>V\u00fdchoz\u00ed bod 9:<\/strong>\u00a0Vybudovat trvalou s\u00edlu isl\u00e1msk\u00e9 dawy a podporovat hnut\u00ed zapojen\u00e1 do d\u017eih\u00e1du v muslimsk\u00e9m sv\u011bt\u011b, v r\u016fzn\u00e9 m\u00ed\u0159e a v maxim\u00e1ln\u00ed mo\u017en\u00e9 m\u00ed\u0159e.<\/p>\n<p><strong>V\u00fdchoz\u00ed bod 10:<\/strong>\u00a0Vyu\u017e\u00edvat r\u016fznorod\u00e9 a rozmanit\u00e9 syst\u00e9my sledov\u00e1n\u00ed na n\u011bkolika m\u00edstech k shroma\u017e\u010fov\u00e1n\u00ed informac\u00ed a zav\u00e9st jednotn\u00fd \u00fa\u010dinn\u00fd varovn\u00fd syst\u00e9m slou\u017e\u00edc\u00ed celosv\u011btov\u00e9mu isl\u00e1msk\u00e9mu hnut\u00ed. Sledov\u00e1n\u00ed, politick\u00e1 rozhodnut\u00ed a \u00fa\u010dinn\u00e1 komunikace se ve skute\u010dnosti vz\u00e1jemn\u011b dopl\u0148uj\u00ed.<\/p>\n<p><strong>V\u00fdchoz\u00ed bod 11:<\/strong>\u00a0P\u0159ijmout palestinskou v\u011bc jako sou\u010d\u00e1st celosv\u011btov\u00e9ho isl\u00e1msk\u00e9ho pl\u00e1nu, s politick\u00fdm pl\u00e1nem a prost\u0159ednictv\u00edm d\u017eih\u00e1du, proto\u017ee funguje jako z\u00e1kladn\u00ed k\u00e1men renesance arabsk\u00e9ho sv\u011bta dnes.<\/p>\n<p><strong>V\u00fdchoz\u00ed bod 12:<\/strong>\u00a0Um\u011bt se obr\u00e1tit k sebekritice a trval\u00e9mu hodnocen\u00ed celosv\u011btov\u00e9 isl\u00e1msk\u00e9 politiky a jej\u00edch c\u00edl\u016f, jej\u00edho obsahu a postup\u016f, aby bylo mo\u017en\u00e9 ji zlep\u0161it. To je povinnost a nutnost podle p\u0159edpis\u016f \u0161ar\u00edi.<\/p>\n<p><em>Cel\u00fd dokument projektu v \u010desk\u00e9m p\u0159ekladu ke sta\u017een\u00ed\u00a0<strong><a href=\"https:\/\/aeronet.news\/wp-content\/uploads\/MuslimBrotherhoodTheProjectAnon.pdf\">zde<\/a><\/strong>.<\/em><\/p>\n<h3>Muslimov\u00e9 v Edomu jsou pouze sou\u010d\u00e1st\u00ed pl\u00e1nu sionist\u016f<\/h3>\n<p>Autorstv\u00ed tohoto extr\u00e9mistick\u00e9ho textu je p\u0159isuzov\u00e1no izraelsk\u00e9mu Mosadu, proto\u017ee v roce 1982 a ani pozd\u011bji nejsou nikde zn\u00e1my jak\u00e9koliv organizovan\u00e9 pl\u00e1ny na prosazov\u00e1n\u00ed d\u017eih\u00e1du, s v\u00fdjimkou dvou skupin, a to Al-Kajdy a Ham\u00e1su, p\u0159i\u010dem\u017e ob\u011b dv\u011b byly zalo\u017eeny CIA a Mosadem. Al-Kajda byla zalo\u017eena CIA na organizov\u00e1n\u00ed sabot\u00e1\u017e\u00ed proti sov\u011btsk\u00fdm vojsk\u016fm v Afgh\u00e1nist\u00e1nu v 80. letech.\u00a0<strong>Ham\u00e1s byl zalo\u017een CIA a Mosadem na oslaben\u00ed vlivu politick\u00e9 strany Fatt\u00e1h J\u00e1sira Arafata<\/strong>, kter\u00fd se bl\u00ed\u017eil k m\u00edrov\u00e9 dohod\u011b s \u0160imonem Per\u00e9zem a Yitzhakem Rabinem.<\/p>\n<p>&nbsp;<\/p>\n<div id=\"rumble_v3mvqye\">\n<div id=\"vid_v3mvqye\" class=\"rumble_v3mvqye-Rumble-cls\" tabindex=\"-1\">\n<div><div class='videoWrapper'>\r\n\t            <iframe src='https:\/\/rumble.com\/embed\/pj.v3mvqye\/' frameborder='0' allowfullscreen><\/iframe>\r\n\t        <\/div><\/div>\n<\/div>\n<\/div>\n<p>&nbsp;<\/p>\n<p>To nemohli sionist\u00e9 v Izraeli dopustit, a tak s pomoc\u00ed USA a Mosadu zalo\u017eili Ham\u00e1s, jeho\u017e \u00fakolem bylo a dosud je odm\u00edtnout a sabotovat jak\u00fdkoliv m\u00edr s Izraelem a v\u017edy a za v\u0161ech okolnost\u00ed ho znemo\u017enit. D\u00edky tomu m\u00e1 Izrael z\u00e1minku ke kone\u010dn\u00e9mu \u0159e\u0161en\u00ed a vyhlazen\u00ed Palestiny.<\/p>\n<p>Ten dokument z roku 1982 dokonale kop\u00edruje Izaj\u00e1\u0161ovo proroctv\u00ed. Muslimov\u00e9 podle n\u011bho maj\u00ed zaplavit cel\u00fd k\u0159es\u0165ansk\u00fd sv\u011bt Edomu, budou v n\u011bm vyvol\u00e1vat rozbroje, nepokoje, a nakonec cel\u00fd Edom vstoup\u00ed do obrovsk\u00e9 v\u00e1lky s kr\u00e1lem Severu (<em>s Ruskem<\/em>) a cel\u00fd Edom bude zni\u010den \u2013 k\u0159es\u0165an\u00e9 spolu s muslimy, kte\u0159\u00ed Edom p\u0159edt\u00edm zaplavili.<\/p>\n<h3>V\u0161echno, \u010deho jsme sv\u011bdky, je proces sebenapl\u0148uj\u00edc\u00edho proroctv\u00ed o zni\u010den\u00ed Edomu<\/h3>\n<p>T\u00edm budou podle proroctv\u00ed zni\u010deni v\u0161ichni nep\u0159\u00e1tel\u00e9 \u017did\u016f. Takto to vykl\u00e1daj\u00ed rab\u00edni v\u00a0<em>je\u0161iv\u00e1ch<\/em>. C\u00edlem nasunov\u00e1n\u00ed muslim\u016f do z\u00e1padn\u00edho sv\u011bta je napln\u011bn\u00ed proroctv\u00ed jejich zni\u010den\u00ed spolu s k\u0159es\u0165any ve v\u00e1lce s Ruskem. To je cel\u00e9.\u00a0<strong>A sionisti\u010dt\u00ed to d\u011blaj\u00ed proto, \u017ee takto funguj\u00ed iterace.<\/strong>\u00a0Syst\u00e9m projek\u010dn\u00edch iterac\u00ed funguje tak, \u017ee se mus\u00ed st\u00e1t nejprve p\u0159esn\u011b to, co je prorok\u016fm zobrazeno v projekci, aby se iterace odvinula do o\u010dek\u00e1van\u00e9ho c\u00edle a v\u00fdsledku. Proto ta proroctv\u00ed jsou tzv. sebenapl\u0148uj\u00edc\u00ed.<\/p>\n<div class=\"twitter-tweet twitter-tweet-rendered\"><a href=\"https:\/\/x.com\/Suffragent_\/status\/1925115169211830373?ref_src=twsrc%5Etfw%7Ctwcamp%5Etweetembed%7Ctwterm%5E1925115169211830373%7Ctwgr%5E1812ad7eb9c9c317f152bd4c73c950344305539a%7Ctwcon%5Es1_&amp;ref_url=https%3A%2F%2Faeronet.news%2Fstolety-britsky-veteran-se-temer-rozplakal-a-prohlasil-ze-ty-zivoty-jeho-kamaradu-za-ii-sv-valky-ktere-polozili-za-svobodu-proti-nacismu-v-evrope-za-to-nestaly-kdyz-vidi-co-se-dnes-stalo%2F\"><img decoding=\"async\" loading=\"lazy\" class=\"wp-image-91877 aligncenter\" src=\"http:\/\/www.infokuryr.cz\/n\/wp-content\/uploads\/2025\/11\/muslim-vb-296x300.jpg\" alt=\"\" width=\"503\" height=\"510\" srcset=\"https:\/\/www.infokuryr.cz\/n\/wp-content\/uploads\/2025\/11\/muslim-vb-296x300.jpg 296w, https:\/\/www.infokuryr.cz\/n\/wp-content\/uploads\/2025\/11\/muslim-vb.jpg 680w\" sizes=\"(max-width: 503px) 100vw, 503px\" \/><\/a><\/div>\n<p>Aby se mohl c\u00edl uskute\u010dnit, mus\u00ed se st\u00e1t nejprve to, co tomu m\u00e1 podle projekce p\u0159edch\u00e1zet. Nejde to p\u0159esko\u010dit, proto\u017ee t\u00edm by se iterace pozm\u011bnila. Proto v\u0161echno to, co vid\u00edme v Evrop\u011b, v\u0161echny ty migra\u010dn\u00ed pakty, v\u0161echny ty migranty a muslimy, v\u0161echno to zakazov\u00e1n\u00ed svobody slova, v\u0161echen ten \u00fatisk k\u0159es\u0165an\u016f, to v\u0161echno je sou\u010d\u00e1st\u00ed procesu pro napln\u011bn\u00ed proroctv\u00ed, kter\u00e9 m\u00e1 dov\u00e9st cel\u00fd z\u00e1padn\u00ed sv\u011bt ke zni\u010den\u00ed. A tomu je pod\u0159\u00edzeno \u00fapln\u011b v\u0161echno. Proto stolet\u00fd britsk\u00fd voj\u00e1k lituje, \u017ee jeho kamar\u00e1di pokl\u00e1dali \u017eivoty za takovou zemi, kter\u00e1 je nyn\u00ed vl\u00e1dn\u00edmi a sionisty dosazen\u00fdmi politiky ni\u010dena zevnit\u0159.<\/p>\n<p><a href=\"https:\/\/aeronet.news\/stolety-britsky-veteran-se-temer-rozplakal-a-prohlasil-ze-ty-zivoty-jeho-kamaradu-za-ii-sv-valky-ktere-polozili-za-svobodu-proti-nacismu-v-evrope-za-to-nestaly-kdyz-vidi-co-se-dnes-stalo\/\">-VK-<\/a><\/p>\n<p>&nbsp;<\/p>\n","protected":false},"excerpt":{"rendered":"<p>Stolet\u00fd britsk\u00fd veter\u00e1n se t\u00e9m\u011b\u0159 rozplakal a prohl\u00e1sil, \u017ee ty \u017eivoty jeho kamar\u00e1d\u016f za II&#8230;.<\/p>\n","protected":false},"author":2,"featured_media":91878,"comment_status":"closed","ping_status":"closed","sticky":false,"template":"","format":"standard","meta":[],"categories":[6],"tags":[1042,61,347,107,44,404],"_links":{"self":[{"href":"https:\/\/www.infokuryr.cz\/n\/wp-json\/wp\/v2\/posts\/91876"}],"collection":[{"href":"https:\/\/www.infokuryr.cz\/n\/wp-json\/wp\/v2\/posts"}],"about":[{"href":"https:\/\/www.infokuryr.cz\/n\/wp-json\/wp\/v2\/types\/post"}],"author":[{"embeddable":true,"href":"https:\/\/www.infokuryr.cz\/n\/wp-json\/wp\/v2\/users\/2"}],"replies":[{"embeddable":true,"href":"https:\/\/www.infokuryr.cz\/n\/wp-json\/wp\/v2\/comments?post=91876"}],"version-history":[{"count":0,"href":"https:\/\/www.infokuryr.cz\/n\/wp-json\/wp\/v2\/posts\/91876\/revisions"}],"wp:featuredmedia":[{"embeddable":true,"href":"https:\/\/www.infokuryr.cz\/n\/wp-json\/wp\/v2\/media\/91878"}],"wp:attachment":[{"href":"https:\/\/www.infokuryr.cz\/n\/wp-json\/wp\/v2\/media?parent=91876"}],"wp:term":[{"taxonomy":"category","embeddable":true,"href":"https:\/\/www.infokuryr.cz\/n\/wp-json\/wp\/v2\/categories?post=91876"},{"taxonomy":"post_tag","embeddable":true,"href":"https:\/\/www.infokuryr.cz\/n\/wp-json\/wp\/v2\/tags?post=91876"}],"curies":[{"name":"wp","href":"https:\/\/api.w.org\/{rel}","templated":true}]}}