{"id":91867,"date":"2025-11-10T05:32:21","date_gmt":"2025-11-10T04:32:21","guid":{"rendered":"https:\/\/www.infokuryr.cz\/n\/?p=91867"},"modified":"2025-11-10T05:32:21","modified_gmt":"2025-11-10T04:32:21","slug":"miroslav-petr-ceska-policie-stale-podporuje-terorismus","status":"publish","type":"post","link":"https:\/\/www.infokuryr.cz\/n\/2025\/11\/10\/miroslav-petr-ceska-policie-stale-podporuje-terorismus\/","title":{"rendered":"Miroslav Petr: \u010cesk\u00e1 policie st\u00e1le podporuje terorismus!"},"content":{"rendered":"<div id=\"fb-root\"><\/div>\n<p>Tak dlouho se chod\u00ed se d\u017eb\u00e1nem pro vodu, a\u017e se p\u0159inese pivo, pardon, a\u017e se ucho utrhne. Tentokr\u00e1t to skupina \u010desk\u00fdch terorist\u016f p\u0159ehnala, d\u00edky dvoulet\u00e9 \/!\/ liknavosti policie z rozkazu policejn\u00edho \u0159editele a samotn\u00e9ho Kmotra, a\u017e poh\u00e1r p\u0159etekl. Pamatujete doby, kdy Langer nechal na policejn\u00ed vozy napsat &#8222;pom\u00e1hat a chr\u00e1nit&#8220;? Mafi\u00e1n cht\u011bl ze za\u010d\u00e1tku uplatnit &#8222;ud\u00e1vat a ml\u00e1tit&#8220;, proto napsal z\u00e1kon na ochranu udava\u010d\u016f, pardon, oznamovatel\u016f. Kmotr podporuje \u017ditn\u00e1ka \u010di jak se jmenuje. Oganesjan s t\u00edmto pedofilem se cht\u011bli pokusit zn\u00e1silnit nezletilou dceru jist\u00e9ho &#8222;nekorektn\u00edho&#8220; politika. Mafi\u00e1n zak\u00e1zal tuto teroristickou dvojici policejn\u011b st\u00edhat. Ve zpr\u00e1v\u00e1ch na Prim\u011b k tomu ani slovo! \u010cT k tomu ml\u010d\u00ed.<\/p>\n<p>Je t\u0159eba ihned odvolat mafi\u00e1nova kamar\u00e1da &#8211; policejn\u00edho \u0159editele a podat na n\u011bj \u017ealobu pro nepln\u011bn\u00ed sv\u00fdch z\u00e1kladn\u00edch povinnost\u00ed, aby policie chr\u00e1nila ob\u010dany. T\u00fdk\u00e1 se i samotn\u00e9ho ministra pro podporov\u00e1n\u00ed terorismu na ob\u010danech \u010cR. Ve skute\u010dnosti se policie mus\u00ed v\u011bdom\u011b pod\u00edlet na trestn\u00e9 \u010dinnosti, kdy jsou teroristy ohro\u017eov\u00e1ni b\u011b\u017en\u00ed ob\u010dan\u00e9, bez ohledu na v\u011bk. Tato teroristick\u00e1 organizace veden\u00e1 Oganesjanem a nemyt\u00fdm kulat\u00fdm budul\u00ednkem \u017ditn\u00e1kem dlouhodob\u011b prov\u00e1d\u00ed trestnou \u010dinnost, kterou \u0159editel policie z rozkazu Kmotra z\u00e1m\u011brn\u011b p\u0159ehl\u00ed\u017e\u00ed, \u010d\u00edm\u017e nepochybn\u011b poru\u0161uje nejen sv\u00e9 povinnosti, ale i z\u00e1kony. Tato teroristick\u00e1 skupina z\u00e1m\u011brn\u011b a v\u011bdom\u011b brut\u00e1ln\u011b zastra\u0161uje teleskopick\u00fdmi obu\u0161ky \/od koho je asi maj\u00ed?\/ d\u016fchodce, rodiny politik\u016f, \u010di lid\u00ed s jin\u00fdm n\u00e1zorem, ne\u017e m\u00e1 Kmotr.<\/p>\n<p>A tenhle mafi\u00e1n chce b\u00fdt ve veden\u00ed sn\u011bmovny, a v p\u0159\u00ed\u0161t\u00edm volebn\u00edm obdob\u00ed chce b\u00fdt dokonce premi\u00e9rem!\u00a0Zm\u00edn\u011bn\u00fd tlust\u00fd pedofil jezd\u00ed s k\u00fdblem vlastn\u00edho exkrementu a h\u00e1z\u00ed je na lidi kolem sebe. Policie to p\u0159ehl\u00ed\u017e\u00ed. Pro\u010d ho neodvezou do Bohnic? Nem\u011blo by b\u00fdt povinnost\u00ed spr\u00e1vn\u00e9ho prezidenta upozornit ministra vnitra na liknavost policie? Americk\u00e1 loutka, pardon, oby\u010dejn\u00fd voj\u00edn, kter\u00fd m\u00e1 strach kritizovat vl\u00e1du cel\u00e9 \u010dty\u0159i roky, a kter\u00fd mus\u00ed m\u00edt kolem sebe gorily, sotva vyjde na hradn\u00ed n\u00e1dvo\u0159\u00ed&#8230; Kter\u00fd prezident m\u011bl doslova na ka\u017ed\u00e9m kroku \/!\/ takovou ochranku, jako kdyby \u0161lo o americk\u00e9ho prezidenta?<\/p>\n<p>Dem\u00e9tra\u0161\u00edl\u00ed je skute\u010dn\u00fd bl\u00e1zen. Dle n\u00ed n\u00e1m v\u00e1lka p\u0159inesla benefity. Tohle m\u00e1 b\u00fdt politi\u010dka rozhoduj\u00edc\u00ed o budoucnosti \u010cR?? Bo\u017ee, chra\u0148 n\u00e1s od v\u0161eho zl\u00e9ho&#8230;Bl\u00ed\u017e\u00ed se sout\u011b\u017e Zlat\u00fd slav\u00edk. Pro\u010d se nekon\u00e1 sout\u011b\u017e o nejblb\u011bj\u0161\u00ed \u017eenu v politice, fronta je u\u017e hodn\u011b velk\u00e1&#8230;<\/p>\n<div>\n<p>V\u00e1le\u010dn\u00e1 organizace NATO a gener\u00e1ln\u00ed tajemn\u00edk dostanou Cenu m\u00edru. Alabama dostal nobelovku hned po sv\u00e9m zvolen\u00ed a hned za\u010dal v\u00e1l\u010dit. Nobel by plakal.<\/p>\n<div>\n<p>N\u011bkter\u00e1 n\u011bmeck\u00e1 m\u011bsta ru\u0161\u00ed v\u00e1no\u010dn\u00ed trhy ze strachu z \u00fatok\u016f. U\u017e brzo to m\u016f\u017ee \u010dekat i n\u00e1s.<\/p>\n<p>Hajaja \u0161pin\u00ed p\u0159ed celou ve\u0159ejnost\u00ed sv\u00e9ho bratra, co\u017e ned\u011bl\u00e1 \u017e\u00e1dn\u00fd norm\u00e1ln\u00ed sourozenec. Poru\u0161uje t\u00edm \u00dastavu a Listinu z\u00e1kladn\u00edch pr\u00e1v. M\u011bl by okam\u017eit\u011b odstoupit, kdy\u017e jako &#8222;politik&#8220; nem\u00e1 z\u00e1kladn\u00ed v\u011bdomosti ka\u017ed\u00e9ho poslance.<\/p>\n<p>Po roku 2030 maj\u00ed b\u00fdt na j\u00eddeln\u00ed\u010dku v\u0161ech Evropan\u016f laboratorn\u011b vyp\u011bstovan\u00e9 um\u011bl\u00e9 ryby. U\u017e se t\u011b\u0161\u00edte na v\u00e1no\u010dn\u00edho kapra? Dobrou chut.<\/p>\n<p>Po v\u00edt\u011bzstv\u00ed muslimsk\u00e9ho starosty v New Yorku mnoho domorodc\u016f odch\u00e1z\u00ed. USA se sal\u00e1movkou rozpad\u00e1.<\/p>\n<p>Na prvn\u00ed sch\u016fzi ve sn\u011bmovn\u011b ti, kte\u0159\u00ed si \u00fadajn\u011b \u0159\u00edkaj\u00ed &#8222;v\u011b\u0159\u00edc\u00ed&#8220;-ve skute\u010dnosti Hadi dok\u00e1zali, \u017ee ani jeden z nich ne\u010detli Bibli. Je tam toti\u017e ps\u00e1no: &#8222;Nejprve vyjmi b\u0159evno z oka sv\u00e9ho, pak teprve t\u0159\u00edsku z oka druh\u00e9ho..&#8220;, &#8222;Kdo jsi\u00a0 bez viny, hod po mn\u011b kamenem.&#8220;\u00a0 Jak\u00fdsi &#8222;had&#8220;, pes Filipes v\u011b\u0159\u00ed, \u017ee ho chce Okamura probodnout no\u017eem. Bo\u017ee, odpust chud\u00fdm duchem, nebot oni za to nemohou&#8230;<\/p>\n<p>Okamura nechal sundat ukrajinskou vlajku. ODS, STAN a Loupe\u017en\u00edci se zachovali jako mal\u00ed kluci. Natruc vyv\u011bsili vlajku z oken sn\u011bmovny ze sv\u00fdch kancel\u00e1\u0159\u00ed. I star\u00e1 \u010cerno\u0161ka by m\u011bla vysv\u011btlit, jak KONKR\u00c9TN\u011a pom\u016f\u017ee Ukrajin\u011b pouh\u00e9 vyv\u011b\u0161en\u00ed vlajky. Podle n\u00ed asi v ten moment za\u010dne m\u00edr. Pro\u010d vlajku nevyv\u011bs\u00ed z okna ve sv\u00e9m byt\u011b? Pro\u010d se neodst\u011bhuje na Ukrajinu a nevezme zbran do ruky, aby opravdu chr\u00e1nila \u017eivoty sv\u00fdch mil\u00e1\u010dk\u016f? Takto se chovaj\u00ed norm\u00e1ln\u00ed dosp\u011bl\u00ed lid\u00e9? Ukrajinofilie je stejn\u011b naka\u017eliv\u00e1 jako \u017eloutenka, ale nevyl\u00e9\u010diteln\u00e1. Jen idioti v\u011b\u0159\u00ed, \u017ee vyv\u011b\u0161en\u00ed ciz\u00e1ck\u00e9 vlajky zachr\u00e1n\u00ed tis\u00edce ukrajinsk\u00fdch \u017eivot\u016f ka\u017ed\u00fd den. Tito politici v\u010detn\u011b Dikt\u00e1tora nech\u00e1pou, \u017ee v osma\u0161edes\u00e1t\u00e9m n\u00e1s napadli Ukrajinci? Uv\u011bdomuj\u00ed si v\u016fbec, \u017ee ve skute\u010dnosti pos\u00edl\u00e1n\u00edm zbran\u00ed na Ukrajinu pom\u00e1haj\u00ed zab\u00edjet ka\u017ed\u00fd den \/!\/ kolem 1500 mlad\u00fdch kluk\u016f- Ukrajinc\u016f? Chocholou\u0161ek se st\u00e1le poh\u0159e\u0161uje. Pr\u00e1vn\u00edci, opravdu nejde o z\u00e1va\u017en\u00fd trestn\u00fd \u010din- vlastizradu? Nezav\u00e1d\u00ed se u n\u00e1s ukrajinsk\u00fd protektor\u00e1t? Pamatujete na n\u011bmeckou vlajku na Hrad\u011b? Vid\u011bli jste v\u016fbec film &#8222;Vy\u0161\u0161\u00ed princip&#8220;? &#8222;Vra\u017eda na tyranu z hlediska vy\u0161\u0161\u00edho principu nen\u00ed vra\u017edou.&#8220;<\/p>\n<p>V\u0161ichni poslanci p\u0159\u00edsahali na\u00a0 \u00dastavu \u010cR. Proto se ODS a Loupe\u017en\u00edci znovuvyv\u011b\u0161en\u00edm ciz\u00e1ck\u00e9 vlajky dopou\u0161t\u011bj\u00ed z\u00e1va\u017en\u00e9ho trestn\u00e9 \u010dinu- vlastizrady. Pro\u010d nekon\u00e1 policie a soudy?<\/p>\n<p>E. Musk a dal\u0161\u00ed miliard\u00e1\u0159i cht\u011bj\u00ed ovl\u00e1dat ve\u0161ker\u00fd \u017eivot na planet\u011b. Prosazuj\u00ed s\u00edt satelit\u016f na regulaci slune\u010dn\u00edho svitu kv\u016fli glob\u00e1ln\u00edmu oteplov\u00e1n\u00ed. U\u017e v\u00edm, pro\u010d masov\u011b p\u0159ib\u00fdv\u00e1 po\u010det stejnopohlavn\u00edch p\u00e1r\u016f&#8230;Soudruh Hlad\u00edk m\u00e1 v\u00fdjime\u010dn\u011b pravdu, u n\u00e1s se &#8222;otepluje&#8220; nejv\u00edc na cel\u00e9m sv\u011bt\u011b. Omezen\u00ed slune\u010dn\u00edho z\u00e1\u0159en\u00ed m\u016f\u017ee sn\u00ed\u017eit sr\u00e1\u017eky, naru\u0161it ekosyst\u00e9my, zni\u010dit produkci potravin a t\u00edm vyvolat hladomor. Hra na boha je harakiri. Tito \u0161\u00edlenci nech\u00e1pou, \u017ee slunce je z\u00e1klad \u017eivota na t\u00e9to planet\u011b? Vitamin D je absolutn\u011b nepostradateln\u00fd k \u017eivotu a zdrav\u00ed, tak jako CO2.<\/p>\n<p>V cel\u00e9m sv\u011bt\u011b se zav\u00e1d\u00ed digit\u00e1ln\u00ed ID a ru\u0161\u00ed se hotovost. Kdy bude v \u00fastav\u011b mo\u017enost platit hotov\u011b v \u010desk\u00e9 m\u011bn\u011b? \u00dakolem vlasteneck\u00fdch europoslanc\u016f je zru\u0161it ID. Je za minutu dvan\u00e1ct!<\/p>\n<p>Jak je mo\u017en\u00e9, \u017ee se do sn\u011bmovny dostala mikro, sp\u00ed\u0161e nanostrani\u010dka Top 09? Nen\u00ed to d\u016fkaz fal\u0161ov\u00e1n\u00ed volebn\u00edch v\u00fdsledk\u016f? Kdo je jej\u00edm p\u0159edsedou? Jak\u00e9 m\u00e1 osobnosti tato mikrostrani\u010dka a jak\u00fd m\u00e1 v\u016fbec program? Nen\u00ed v t\u00e9to nanostrani\u010dkce tak\u00e9 Ji\u0159inka, kter\u00e1 mus\u00ed kojit?<\/p>\n<p>N\u00edzk\u00e1 porodnost ukazuje, \u017ee za p\u00e1r let nebude m\u00edt na d\u016fchody kdo vyd\u011bl\u00e1vat. P\u0159itom jde o nejv\u011bt\u0161\u00ed investici pro st\u00e1t na cel\u00fdch 40 let. Jen neschopn\u00fd ministr financ\u00ed a premi\u00e9r t\u00e9to megainvestice nevyu\u017eije.<\/p>\n<p>Mafi\u00e1nem sl\u00edbenou bro\u017euru dostane ka\u017ed\u00fd ob\u010dan ve schr\u00e1nce. V\u00e1\u017en\u011b v\u011b\u0159\u00edte, \u017ee jde jen o krizov\u00e1 opat\u0159en\u00ed p\u0159i z\u00e1plav\u00e1ch a zem\u011bt\u0159esen\u00ed? Pro\u010d stejnou bro\u017eurku budou m\u00edt ve schr\u00e1nk\u00e1ch v\u0161ichni Evropan\u00e9? Cui bono?<\/p>\n<p>Obyvatel\u00e9 \u010cR nev\u011bdomky podporuj\u00ed urychlen\u00ed\u00a0 zaveden\u00ed ID t\u00edm, \u017ee pat\u0159\u00edme mezi zem\u011b, kter\u00e9 pou\u017e\u00edvaj\u00ed hotovost st\u00e1le m\u00e9n\u011b. Bl\u00ed\u017e\u00ed se doba, \u017ee bez ID si nekoup\u00edte ani rohl\u00edk, ani se nesvezete \u0161alinou, pardon, tramvaj\u00ed. ID se zav\u00e1d\u00ed nejen pro sledov\u00e1n\u00ed na ka\u017ed\u00e9m kroku, ale i pro ka\u017edoro\u010dn\u00ed povinn\u00e9 o\u010dkov\u00e1n\u00ed. T\u011b\u0161\u00edte se na povinnou eutan\u00e1zii?<\/p>\n<p>Za koman\u010d\u016f jsme byli technicky zaostal\u00ed oproti Z\u00e1padu. Dnes jsme technicky zaostal\u00ed proti V\u00fdchodu. Tolik jsme tou\u017eili po ban\u00e1nech, a\u017e jsme se stali ban\u00e1novou republikou. Ban\u00e1ny jsou levn\u011bj\u0161\u00ed ne\u017e brambory. To jsou ale paradoxy, pane Van\u011bk!<\/p>\n<p><a href=\"https:\/\/www.czechfreepress.cz\/dalsi-blogy\/ceska-policie-stale-podporuje-terorismus.html\">Miroslav Petr<\/a><\/p>\n<p>&nbsp;<\/p>\n<\/div>\n<\/div>\n","protected":false},"excerpt":{"rendered":"<p>Tak dlouho se chod\u00ed se d\u017eb\u00e1nem pro vodu, a\u017e se p\u0159inese pivo, pardon, a\u017e se&#8230;<\/p>\n","protected":false},"author":2,"featured_media":42113,"comment_status":"closed","ping_status":"closed","sticky":false,"template":"","format":"standard","meta":[],"categories":[6],"tags":[1300,9044,86,8819,2703],"_links":{"self":[{"href":"https:\/\/www.infokuryr.cz\/n\/wp-json\/wp\/v2\/posts\/91867"}],"collection":[{"href":"https:\/\/www.infokuryr.cz\/n\/wp-json\/wp\/v2\/posts"}],"about":[{"href":"https:\/\/www.infokuryr.cz\/n\/wp-json\/wp\/v2\/types\/post"}],"author":[{"embeddable":true,"href":"https:\/\/www.infokuryr.cz\/n\/wp-json\/wp\/v2\/users\/2"}],"replies":[{"embeddable":true,"href":"https:\/\/www.infokuryr.cz\/n\/wp-json\/wp\/v2\/comments?post=91867"}],"version-history":[{"count":0,"href":"https:\/\/www.infokuryr.cz\/n\/wp-json\/wp\/v2\/posts\/91867\/revisions"}],"wp:featuredmedia":[{"embeddable":true,"href":"https:\/\/www.infokuryr.cz\/n\/wp-json\/wp\/v2\/media\/42113"}],"wp:attachment":[{"href":"https:\/\/www.infokuryr.cz\/n\/wp-json\/wp\/v2\/media?parent=91867"}],"wp:term":[{"taxonomy":"category","embeddable":true,"href":"https:\/\/www.infokuryr.cz\/n\/wp-json\/wp\/v2\/categories?post=91867"},{"taxonomy":"post_tag","embeddable":true,"href":"https:\/\/www.infokuryr.cz\/n\/wp-json\/wp\/v2\/tags?post=91867"}],"curies":[{"name":"wp","href":"https:\/\/api.w.org\/{rel}","templated":true}]}}