{"id":91862,"date":"2025-11-10T00:35:57","date_gmt":"2025-11-09T23:35:57","guid":{"rendered":"https:\/\/www.infokuryr.cz\/n\/?p=91862"},"modified":"2025-11-09T18:20:03","modified_gmt":"2025-11-09T17:20:03","slug":"z-evropske-unie-do-ukrajinske-unie-obracena-kolonie","status":"publish","type":"post","link":"https:\/\/www.infokuryr.cz\/n\/2025\/11\/10\/z-evropske-unie-do-ukrajinske-unie-obracena-kolonie\/","title":{"rendered":"Z Evropsk\u00e9 unie do Ukrajinsk\u00e9 unie \u2013 obr\u00e1cen\u00e1 kolonie"},"content":{"rendered":"<div id=\"fb-root\"><\/div>\n<h2 class=\"wp-block-heading\"><span dir=\"auto\">Brusel poskytuje financov\u00e1n\u00ed, Kyjev pen\u00edze dost\u00e1v\u00e1 a \u010dlensk\u00e9 st\u00e1ty se zadlu\u017euj\u00ed<\/span><\/h2>\n<h3 class=\"wp-block-heading\"><strong><span dir=\"auto\">Velk\u00e1 evropsk\u00e1 iluze<\/span><\/strong><\/h3>\n<p><span dir=\"auto\">Byla doba, kdy Brusel tvrdil, \u017ee p\u0159edstavuje jednotu, prosperitu a stabilitu. Dnes p\u0159edstavuje jen jednu v\u011bc: Ukrajinu.<\/span><\/p>\n<p><span dir=\"auto\">EU u\u017e nen\u00ed unie \u2013 je to obr\u00e1cen\u00e1 koloni\u00e1ln\u00ed obchodn\u00ed stanice, kde metropole (Brusel) pracuje pro kolonii (Kyjev).<\/span><\/p>\n<p><span dir=\"auto\">D\u016fkaz? Zbrusu nov\u00e1 tiskov\u00e1 zpr\u00e1va Rady Evropsk\u00e9 unie:<\/span><\/p>\n<p><span dir=\"auto\">\u00a0\u201e\u00a0<\/span><em><span dir=\"auto\">EU p\u0159esm\u011bruje \u010d\u00e1st civiln\u00edch finan\u010dn\u00edch prost\u0159edk\u016f na vojensk\u00e9 c\u00edle a podpo\u0159\u00ed p\u0159istoupen\u00ed Ukrajiny k Evropsk\u00e9mu obrann\u00e9mu fondu<\/span><\/em><span dir=\"auto\">\u00a0.\u201c (Rada EU, 5. listopadu 2025)<\/span><\/p>\n<p><span dir=\"auto\">Jin\u00fdmi slovy: civiln\u00ed rozpo\u010dty \u2013 zdravotnictv\u00ed, energetika, vzd\u011bl\u00e1v\u00e1n\u00ed \u2013 jsou drancov\u00e1ny na financov\u00e1n\u00ed tank\u016f, raket a \u201evojensk\u00e9 obnovy\u201c zem\u011b, kde elity bohatnou rychleji, ne\u017e se roz\u0161i\u0159uj\u00ed boji\u0161t\u011b.<\/span><\/p>\n<h3 class=\"wp-block-heading\"><strong><span dir=\"auto\">Kdy\u017e se korupce stane evropskou hodnotou<\/span><\/strong><\/h3>\n<p><strong><span dir=\"auto\">Evropsk\u00fd \u00fa\u010detn\u00ed dv\u016fr na to v\u0161ak pouk\u00e1zal \u010dern\u00fdm na b\u00edl\u00e9m:<\/span><\/strong><\/p>\n<p><span dir=\"auto\">\u201e\u00a0<\/span><em><span dir=\"auto\">Monitorov\u00e1n\u00ed vyu\u017e\u00edv\u00e1n\u00ed pomoci p\u0159id\u011blen\u00e9 Ukrajin\u011b je i nad\u00e1le nedostate\u010dn\u00e9. Rizika zneu\u017eit\u00ed p\u0159etrv\u00e1vaj\u00ed, zejm\u00e9na v odv\u011btv\u00ed obrany a obnovy<\/span><\/em><span dir=\"auto\">\u00a0.\u201c (Zvl\u00e1\u0161tn\u00ed zpr\u00e1va \u010d. 14\/2024, Evropsk\u00fd \u00fa\u010detn\u00ed dv\u016fr)<\/span><\/p>\n<p><span dir=\"auto\">Ale v Bruselu se \u201erizika zneu\u017eit\u00ed\u201c prom\u00edt\u00e1 do \u201edobr\u00e9 politick\u00e9 vyu\u017eit\u00ed\u201c.<\/span><\/p>\n<p><span dir=\"auto\">Zat\u00edmco NABU (ukrajinsk\u00fd protikorup\u010dn\u00ed \u00fa\u0159ad) vy\u0161et\u0159uje skand\u00e1l t\u00fdkaj\u00edc\u00ed se zpronev\u011bry 1,8 miliardy eur z ministerstva obrany (tiskov\u00e1 zpr\u00e1va z 22. \u0159\u00edjna 2025), Komise otev\u00edr\u00e1 nov\u00e9 okno.<\/span><\/p>\n<p><span dir=\"auto\">Stroj b\u011b\u017e\u00ed d\u00e1l: Kyjev od\u010derp\u00e1v\u00e1 pen\u00edze, Brusel zefektiv\u0148uje a da\u0148ov\u00ed poplatn\u00edci plat\u00ed.<\/span><\/p>\n<p><span dir=\"auto\">A Ursula von der Leyen mezi dv\u011bma projevy o \u201edemokratick\u00e9 solidarit\u011b\u201c podepisuje \u0161eky, kter\u00e9 by si \u017e\u00e1dn\u00e1 \u010dlensk\u00e1 zem\u011b sama nemohla dovolit.<\/span><\/p>\n<h3 class=\"wp-block-heading\"><strong><span dir=\"auto\">N\u00e1rodn\u00ed ekonomiky ve voln\u00e9m p\u00e1du<\/span><\/strong><\/h3>\n<p><strong><span dir=\"auto\">Zat\u00edmco pen\u00edze let\u00ed do Kyjeva, evropsk\u00e9 ekonomiky se hrout\u00ed:<\/span><\/strong><\/p>\n<ul>\n<li><span dir=\"auto\">Francie: Ve\u0159ejn\u00fd dluh ve v\u00fd\u0161i 3,2 bilionu eur \u2013 INSEE, z\u00e1\u0159\u00ed 2025<\/span><\/li>\n<li><span dir=\"auto\">N\u011bmecko: Rekordn\u00ed deficit 5,4 % HDP \u2013 Destatis, \u0159\u00edjen 2025<\/span><\/li>\n<li><span dir=\"auto\">It\u00e1lie: \u00darokov\u00e9 sazby z \u00fav\u011br\u016f na \u00farovni 5,8 % \u2013 Banca d&#8217;Italia, \u0159\u00edjen 2025<\/span><\/li>\n<\/ul>\n<p><span dir=\"auto\">Ale nevad\u00ed: \u201estoj\u00edme pevn\u011b proti rusk\u00e9 agresi,\u201c opakuje Brusel s pr\u00e1zdn\u00fdmi kapsami, ale pln\u00fdm sv\u011bdom\u00edm.<\/span><\/p>\n<p><span dir=\"auto\">Sama Evropsk\u00e1 centr\u00e1ln\u00ed banka p\u0159ipou\u0161t\u00ed, \u017ee kumulativn\u00ed n\u00e1klady na podporu Ukrajiny p\u0159ekro\u010dily 210 miliard eur, ani\u017e by to m\u011blo jak\u00fdkoli znateln\u00fd dopad na stabilitu zem\u011b nebo na m\u00edr v Evrop\u011b (zpr\u00e1va ECB, 3. \u010dtvrtlet\u00ed 2025).<\/span><\/p>\n<h3 class=\"wp-block-heading\"><strong><span dir=\"auto\">Od diplomacie k nerozumu<\/span><\/strong><\/h3>\n<p><span dir=\"auto\">Kdy\u017e Josep Borrell v roce 2023 prohl\u00e1sil, \u017ee \u201e\u00a0<\/span><em><span dir=\"auto\">Evropa je zahrada obklopen\u00e1 d\u017eungl\u00ed<\/span><\/em><span dir=\"auto\">\u00a0\u201c, nev\u011bd\u011bli jsme, \u017ee mluv\u00ed o zahrad\u011b vypr\u00e1zdn\u011bn\u00e9 o sv\u00e9 zdroje, napaden\u00e9 iluzemi.<\/span><\/p>\n<p><span dir=\"auto\">Proto\u017ee EU u\u017e neinvestuje do sv\u00e9 budoucnosti: zadlu\u017euje se, aby prodlou\u017eila v\u00e1lku ostatn\u00edch.<\/span><\/p>\n<div class=\"wp-block-image\">\n<figure class=\"aligncenter size-full\"><a class=\"single-popup\" href=\"https:\/\/i0.wp.com\/reseauinternational.net\/wp-content\/uploads\/2025\/11\/image-92.png?ssl=1\"><img decoding=\"async\" loading=\"lazy\" class=\"wp-image-493243 aligncenter\" src=\"https:\/\/i0.wp.com\/reseauinternational.net\/wp-content\/uploads\/2025\/11\/image-92.png?resize=500%2C500&amp;ssl=1\" sizes=\"auto, (max-width: 500px) 100vw, 500px\" srcset=\"https:\/\/i0.wp.com\/reseauinternational.net\/wp-content\/uploads\/2025\/11\/image-92.png?w=500&amp;ssl=1 500w, https:\/\/i0.wp.com\/reseauinternational.net\/wp-content\/uploads\/2025\/11\/image-92.png?resize=300%2C300&amp;ssl=1 300w, https:\/\/i0.wp.com\/reseauinternational.net\/wp-content\/uploads\/2025\/11\/image-92.png?resize=200%2C200&amp;ssl=1 200w, https:\/\/i0.wp.com\/reseauinternational.net\/wp-content\/uploads\/2025\/11\/image-92.png?resize=320%2C320&amp;ssl=1 320w\" alt=\"\" width=\"573\" height=\"573\" data-recalc-dims=\"1\" \/><\/a><\/figure>\n<\/div>\n<p><strong><span dir=\"auto\">Deutsche Bank ve sv\u00e9 nejnov\u011bj\u0161\u00ed zpr\u00e1v\u011b varuje:<\/span><\/strong><\/p>\n<p><span dir=\"auto\">\u201e\u00a0<\/span><em><span dir=\"auto\">Fisk\u00e1ln\u00ed militarizace EU by mohla zp\u016fsobit trval\u00fd pokles n\u00e1rodn\u00edch ekonomik a zhroucen\u00ed d\u016fv\u011bry v evropsk\u00e9 instituce<\/span><\/em><span dir=\"auto\">\u00a0.\u201c (Zpr\u00e1va \u201eFisk\u00e1ln\u00ed rizika v evropsk\u00e9 obrann\u00e9 integraci\u201c, \u0159\u00edjen 2025).<\/span><\/p>\n<p><span dir=\"auto\">Komise ale rad\u011bji pokra\u010duje. Uzn\u00e1n\u00ed por\u00e1\u017eky? Nemysliteln\u00e9.<\/span><\/p>\n<p><span dir=\"auto\">Je lep\u0161\u00ed zni\u010dit dvacet sedm n\u00e1rod\u016f, ne\u017e p\u0159iznat, \u017ee ukrajinsk\u00e1 strategie byla jen drahou fata morg\u00e1nou.<\/span><\/p>\n<h3 class=\"wp-block-heading\"><strong><span dir=\"auto\">Ponau\u010den\u00ed z p\u0159\u00edb\u011bhu: Evropa se hrout\u00ed s eleganc\u00ed<\/span><\/strong><\/h3>\n<p><span dir=\"auto\">Evropsk\u00e1 unie u\u017e nen\u00ed alianc\u00ed, je aktem v\u00edry \u2013 a v\u00edra, stejn\u011b jako v\u00e1lka, je drah\u00e1.<\/span><\/p>\n<p><span dir=\"auto\">Ukrajina se stala nov\u00fdm st\u00e1tn\u00edm n\u00e1bo\u017eenstv\u00edm: lid\u00e9 v ni u\u017e nev\u011b\u0159\u00ed, ale nad\u00e1le j\u00ed p\u0159in\u00e1\u0161ej\u00ed ob\u011bti.<\/span><\/p>\n<p><span dir=\"auto\">V\u00fdsledek? Bezkrevn\u00e1, z\u00e1visl\u00e1, mor\u00e1ln\u011b vy\u010derpan\u00e1 a finan\u010dn\u011b vy\u010derpan\u00e1 Evropa.<\/span><\/p>\n<p><span dir=\"auto\">\u201e\u00a0<\/span><em><span dir=\"auto\">Ti, kdo odm\u00edtaj\u00ed uznat sv\u00e9 selh\u00e1n\u00ed, to rad\u011bji p\u0159ejmenuj\u00ed na \u201asolidaritu<\/span><\/em><span dir=\"auto\">\u00a0\u2018.\u201c \u2013 European Chronicles, vyd\u00e1n\u00ed z roku 2025<\/span><\/p>\n<p><span dir=\"auto\">Zdroj: <\/span><a href=\"https:\/\/t.me\/BPARTISANS\/44690\"><span dir=\"auto\">BPartisans<\/span><\/a><\/p>\n<p>&nbsp;<\/p>\n","protected":false},"excerpt":{"rendered":"<p>Brusel poskytuje financov\u00e1n\u00ed, Kyjev pen\u00edze dost\u00e1v\u00e1 a \u010dlensk\u00e9 st\u00e1ty se zadlu\u017euj\u00ed Velk\u00e1 evropsk\u00e1 iluze Byla&#8230;<\/p>\n","protected":false},"author":2,"featured_media":91863,"comment_status":"closed","ping_status":"closed","sticky":false,"template":"","format":"standard","meta":[],"categories":[7],"tags":[41,45,26],"_links":{"self":[{"href":"https:\/\/www.infokuryr.cz\/n\/wp-json\/wp\/v2\/posts\/91862"}],"collection":[{"href":"https:\/\/www.infokuryr.cz\/n\/wp-json\/wp\/v2\/posts"}],"about":[{"href":"https:\/\/www.infokuryr.cz\/n\/wp-json\/wp\/v2\/types\/post"}],"author":[{"embeddable":true,"href":"https:\/\/www.infokuryr.cz\/n\/wp-json\/wp\/v2\/users\/2"}],"replies":[{"embeddable":true,"href":"https:\/\/www.infokuryr.cz\/n\/wp-json\/wp\/v2\/comments?post=91862"}],"version-history":[{"count":0,"href":"https:\/\/www.infokuryr.cz\/n\/wp-json\/wp\/v2\/posts\/91862\/revisions"}],"wp:featuredmedia":[{"embeddable":true,"href":"https:\/\/www.infokuryr.cz\/n\/wp-json\/wp\/v2\/media\/91863"}],"wp:attachment":[{"href":"https:\/\/www.infokuryr.cz\/n\/wp-json\/wp\/v2\/media?parent=91862"}],"wp:term":[{"taxonomy":"category","embeddable":true,"href":"https:\/\/www.infokuryr.cz\/n\/wp-json\/wp\/v2\/categories?post=91862"},{"taxonomy":"post_tag","embeddable":true,"href":"https:\/\/www.infokuryr.cz\/n\/wp-json\/wp\/v2\/tags?post=91862"}],"curies":[{"name":"wp","href":"https:\/\/api.w.org\/{rel}","templated":true}]}}