{"id":91840,"date":"2025-11-10T00:28:38","date_gmt":"2025-11-09T23:28:38","guid":{"rendered":"https:\/\/www.infokuryr.cz\/n\/?p=91840"},"modified":"2025-11-09T15:04:15","modified_gmt":"2025-11-09T14:04:15","slug":"americka-armada-sdili-fotografie-bombarderu-a-stihacek-pobliz-venezuely-v-ramci-nove-eskalace","status":"publish","type":"post","link":"https:\/\/www.infokuryr.cz\/n\/2025\/11\/10\/americka-armada-sdili-fotografie-bombarderu-a-stihacek-pobliz-venezuely-v-ramci-nove-eskalace\/","title":{"rendered":"Americk\u00e1 arm\u00e1da sd\u00edl\u00ed fotografie bombard\u00e9r\u016f a st\u00edha\u010dek pobl\u00ed\u017e Venezuely v r\u00e1mci nov\u00e9 eskalace"},"content":{"rendered":"<div id=\"fb-root\"><\/div>\n<p><strong><span dir=\"auto\">Americk\u00e1 arm\u00e1da zve\u0159ejnila fotografie strategick\u00fdch bombard\u00e9r\u016f a st\u00edha\u010dek p\u0159el\u00e9taj\u00edc\u00edch nad Karibsk\u00fdm mo\u0159em, co\u017e je dal\u0161\u00ed zn\u00e1mkou eskalace konfliktu proti Venezuele.<\/span><\/strong><\/p>\n<p><span dir=\"auto\">Fotografie zachycuj\u00edc\u00ed dvojici bombard\u00e9r\u016f B-52 Stratofortress v oblasti odpov\u011bdnosti Ji\u017en\u00edho velitelstv\u00ed (SOUTHCOM) a prov\u00e1d\u011bj\u00edc\u00ed dopl\u0148ov\u00e1n\u00ed paliva za letu s letounem KC-135 Stratotanker byly 7. listopadu sd\u00edleny velitelstv\u00edm letectva pro glob\u00e1ln\u00ed \u00fadery serveru X. V p\u0159\u00edsp\u011bvku velitelstv\u00ed uvedlo, \u017ee jeho letadla \u201eb\u011b\u017en\u011b prov\u00e1d\u011bj\u00ed glob\u00e1ln\u00ed operace v koordinaci s dal\u0161\u00edmi bojov\u00fdmi velitelstv\u00edmi, slu\u017ebami a z\u00fa\u010dastn\u011bn\u00fdmi agenturami americk\u00e9 vl\u00e1dy na obranu USA a jejich spojenc\u016f\u201c.<\/span><\/p>\n<p><span dir=\"auto\">Let se uskute\u010dnil o den d\u0159\u00edve. Data z webov\u00fdch str\u00e1nek pro sledov\u00e1n\u00ed letectv\u00ed, v\u010detn\u011b Flightradar24, nazna\u010duj\u00ed, \u017ee B-52 let\u011bl pod\u00e9l pob\u0159e\u017e\u00ed Venezuely, samoz\u0159ejm\u011b bez naru\u0161en\u00ed vzdu\u0161n\u00e9ho prostoru zem\u011b. Jednalo se o \u010dtvrt\u00fd p\u0159\u00edpad, kdy se americk\u00e9 bombard\u00e9ry p\u0159ibl\u00ed\u017eily k zemi v posledn\u00edch t\u00fddnech.<\/span><\/p>\n<p><span dir=\"auto\">Je pozoruhodn\u00e9, \u017ee alespo\u0148 jeden z bombard\u00e9r\u016f byl vybaven podk\u0159\u00eddlov\u00fdmi zbra\u0148ov\u00fdmi z\u00e1v\u011bsn\u00edky a tak\u00e9 elektrooptick\u00fdm zam\u011b\u0159ovac\u00edm modulem pro odst\u0159elova\u010de.<\/span><\/p>\n<div id=\"attachment_233598\" class=\"wp-caption aligncenter\" style=\"width: 606px;\"><a href=\"https:\/\/s5.cdnstatic.space\/wp-content\/uploads\/2025\/11\/G5LO5fyXsAE2WZ1.jpg\" target=\"_blank\" rel=\"noopener\"><img decoding=\"async\" loading=\"lazy\" class=\"wp-image-233598\" title=\"Americk\u00e1 arm\u00e1da sd\u00edl\u00ed fotografie bombard\u00e9r\u016f a st\u00edha\u010dek pobl\u00ed\u017e Venezuely v r\u00e1mci nov\u00e9 eskalace\" src=\"https:\/\/s5.cdnstatic.space\/wp-content\/uploads\/2025\/11\/G5LO5fyXsAE2WZ1-1024x640.jpg\" sizes=\"(max-width: 600px) 100vw, 600px\" srcset=\"https:\/\/s5.cdnstatic.space\/wp-content\/uploads\/2025\/11\/G5LO5fyXsAE2WZ1-1024x640.jpg 1024w, https:\/\/s5.cdnstatic.space\/wp-content\/uploads\/2025\/11\/G5LO5fyXsAE2WZ1-480x300.jpg 480w, https:\/\/s5.cdnstatic.space\/wp-content\/uploads\/2025\/11\/G5LO5fyXsAE2WZ1-768x480.jpg 768w, https:\/\/s5.cdnstatic.space\/wp-content\/uploads\/2025\/11\/G5LO5fyXsAE2WZ1-1536x960.jpg 1536w, https:\/\/s5.cdnstatic.space\/wp-content\/uploads\/2025\/11\/G5LO5fyXsAE2WZ1.jpg 2048w\" alt=\"Americk\u00e1 arm\u00e1da sd\u00edl\u00ed fotografie bombard\u00e9r\u016f a st\u00edha\u010dek pobl\u00ed\u017e Venezuely v r\u00e1mci nov\u00e9 eskalace\" width=\"606\" height=\"379\" aria-describedby=\"caption-attachment-233598\" \/><\/a><\/p>\n<p id=\"caption-attachment-233598\" class=\"wp-caption-text\"><span dir=\"auto\">Kliknut\u00edm zobraz\u00edte obr\u00e1zek v pln\u00e9 velikosti. (Arm\u00e1da USA)<\/span><\/p>\n<\/div>\n<div id=\"attachment_233599\" class=\"wp-caption aligncenter\" style=\"width: 601px;\"><a href=\"https:\/\/s5.cdnstatic.space\/wp-content\/uploads\/2025\/11\/G5LO5fyXsAIoG4S.jpg\" target=\"_blank\" rel=\"noopener\"><img decoding=\"async\" loading=\"lazy\" class=\"wp-image-233599\" title=\"Americk\u00e1 arm\u00e1da sd\u00edl\u00ed fotografie bombard\u00e9r\u016f a st\u00edha\u010dek pobl\u00ed\u017e Venezuely v r\u00e1mci nov\u00e9 eskalace\" src=\"https:\/\/s5.cdnstatic.space\/wp-content\/uploads\/2025\/11\/G5LO5fyXsAIoG4S-1024x732.jpg\" sizes=\"(max-width: 600px) 100vw, 600px\" srcset=\"https:\/\/s5.cdnstatic.space\/wp-content\/uploads\/2025\/11\/G5LO5fyXsAIoG4S-1024x732.jpg 1024w, https:\/\/s5.cdnstatic.space\/wp-content\/uploads\/2025\/11\/G5LO5fyXsAIoG4S-420x300.jpg 420w, https:\/\/s5.cdnstatic.space\/wp-content\/uploads\/2025\/11\/G5LO5fyXsAIoG4S-768x549.jpg 768w, https:\/\/s5.cdnstatic.space\/wp-content\/uploads\/2025\/11\/G5LO5fyXsAIoG4S-1536x1097.jpg 1536w, https:\/\/s5.cdnstatic.space\/wp-content\/uploads\/2025\/11\/G5LO5fyXsAIoG4S.jpg 2048w\" alt=\"Americk\u00e1 arm\u00e1da sd\u00edl\u00ed fotografie bombard\u00e9r\u016f a st\u00edha\u010dek pobl\u00ed\u017e Venezuely v r\u00e1mci nov\u00e9 eskalace\" width=\"601\" height=\"430\" aria-describedby=\"caption-attachment-233599\" \/><\/a><\/p>\n<p id=\"caption-attachment-233599\" class=\"wp-caption-text\"><span dir=\"auto\">Kliknut\u00edm zobraz\u00edte obr\u00e1zek v pln\u00e9 velikosti. (Arm\u00e1da USA)<\/span><\/p>\n<\/div>\n<p><span dir=\"auto\">Hned n\u00e1sleduj\u00edc\u00ed den zve\u0159ejnilo Southcoming fotografii, na kter\u00e9 jsou vid\u011bt dva st\u00edha\u010dky F-35B Lightning II \u201eprov\u00e1d\u011bj\u00edc\u00ed rutinn\u00ed letov\u00e9 operace\u201c v jeho oblasti odpov\u011bdnosti.<\/span><\/p>\n<p><span dir=\"auto\">Velitelstv\u00ed v p\u0159\u00edsp\u011bvku uvedlo, \u017ee americk\u00e9 vojensk\u00e9 s\u00edly byly nasazeny do jeho oblasti odpov\u011bdnosti, \u201eaby naru\u0161ily neleg\u00e1ln\u00ed obchodov\u00e1n\u00ed s drogami a chr\u00e1nily vlast\u201c.<\/span><\/p>\n<p><span dir=\"auto\">Ob\u011b st\u00edha\u010dky byly vyzbrojeny raketami vzduch-vzduch kr\u00e1tk\u00e9ho doletu s tepeln\u00fdm nav\u00e1d\u011bn\u00edm \u0159ady AIM-9 na vn\u011bj\u0161\u00edch podv\u011bsech zbran\u00ed, co\u017e je neobvykl\u00e9.<\/span><\/p>\n<div id=\"attachment_233600\" class=\"wp-caption aligncenter\" style=\"width: 606px;\"><a href=\"https:\/\/s5.cdnstatic.space\/wp-content\/uploads\/2025\/11\/G5PjAa_XUAAUUAY.jpg\" target=\"_blank\" rel=\"noopener\"><img decoding=\"async\" loading=\"lazy\" class=\"wp-image-233600\" title=\"Americk\u00e1 arm\u00e1da sd\u00edl\u00ed fotografie bombard\u00e9r\u016f a st\u00edha\u010dek pobl\u00ed\u017e Venezuely v r\u00e1mci nov\u00e9 eskalace\" src=\"https:\/\/s5.cdnstatic.space\/wp-content\/uploads\/2025\/11\/G5PjAa_XUAAUUAY-1024x683.jpg\" sizes=\"auto, (max-width: 600px) 100vw, 600px\" srcset=\"https:\/\/s5.cdnstatic.space\/wp-content\/uploads\/2025\/11\/G5PjAa_XUAAUUAY-1024x683.jpg 1024w, https:\/\/s5.cdnstatic.space\/wp-content\/uploads\/2025\/11\/G5PjAa_XUAAUUAY-450x300.jpg 450w, https:\/\/s5.cdnstatic.space\/wp-content\/uploads\/2025\/11\/G5PjAa_XUAAUUAY-768x512.jpg 768w, https:\/\/s5.cdnstatic.space\/wp-content\/uploads\/2025\/11\/G5PjAa_XUAAUUAY-1536x1024.jpg 1536w, https:\/\/s5.cdnstatic.space\/wp-content\/uploads\/2025\/11\/G5PjAa_XUAAUUAY-2048x1366.jpg 2048w\" alt=\"Americk\u00e1 arm\u00e1da sd\u00edl\u00ed fotografie bombard\u00e9r\u016f a st\u00edha\u010dek pobl\u00ed\u017e Venezuely v r\u00e1mci nov\u00e9 eskalace\" width=\"606\" height=\"404\" aria-describedby=\"caption-attachment-233600\" \/><\/a><\/p>\n<p id=\"caption-attachment-233600\" class=\"wp-caption-text\"><span dir=\"auto\">Kliknut\u00edm zobraz\u00edte obr\u00e1zek v pln\u00e9 velikosti. (Arm\u00e1da USA)<\/span><\/p>\n<\/div>\n<p><span dir=\"auto\">Nap\u011bt\u00ed mezi USA a Venezuelou nar\u016fst\u00e1 od srpna, kdy Trumpova administrativa zdvojn\u00e1sobila odm\u011bnu za zat\u010den\u00ed prezidenta Nicol\u00e1se Madura na 50 milion\u016f dolar\u016f za obvin\u011bn\u00ed z obchodov\u00e1n\u00ed s drogami a pot\u00e9 nasadila do Karibiku oboj\u017eivelnou skupinu s tis\u00edci mari\u0148\u00e1ky v r\u00e1mci takzvan\u00e9 \u201eprotidrogov\u00e9 operace\u201c.<\/span><\/p>\n<p><span dir=\"auto\">V \u0159\u00edjnu administrativa situaci d\u00e1le vyhrotila t\u00edm, \u017ee na\u0159\u00eddila nasazen\u00ed cel\u00e9 \u00fadern\u00e9 skupiny letadlov\u00fdch lod\u00ed pobl\u00ed\u017e pob\u0159e\u017e\u00ed Venezuely.<\/span><\/p>\n<p><span dir=\"auto\">Americk\u00e1 arm\u00e1da ji\u017e provedla 17 \u00fader\u016f proti lod\u00edm \u00fadajn\u011b p\u0159ev\u00e1\u017eej\u00edc\u00edm drogy v Karibiku a v\u00fdchodn\u00edm Tich\u00e9m oce\u00e1nu, p\u0159i nich\u017e zahynulo 69 lid\u00ed. T\u0159i lid\u00e9 byli zabiti p\u0159i posledn\u00edm \u00faderu, kter\u00fd 7. listopadu ozn\u00e1mil ministr obrany Pete Hegseth.<\/span><\/p>\n<p><span dir=\"auto\">V p\u0159\u00edsp\u011bvku pro X Hegseth uvedl, \u017ee c\u00edlem \u00fatoku byla lo\u010f, kter\u00e1 \u201epa\u0161ovala drogy\u201c v mezin\u00e1rodn\u00edch vod\u00e1ch Karibiku.<\/span><\/p>\n<p><iframe loading=\"lazy\" src=\"https:\/\/s5.cdnstatic.space\/wp-content\/uploads\/2025\/11\/strikes-2.mp4\" width=\"600\" height=\"338\" data-mce-fragment=\"1\"><\/iframe><\/p>\n<p><span dir=\"auto\">Ned\u00e1vn\u00e9 zpr\u00e1vy americk\u00fdch m\u00e9di\u00ed nazna\u010duj\u00ed, \u017ee se administrativa prezidenta Donalda Trumpa bl\u00ed\u017e\u00ed rozhodnut\u00ed o \u00fatoku na Venezuelu.<\/span><\/p>\n<p><a href=\"https:\/\/www.twz.com\/news-features\/u-s-examining-sites-to-send-additional-military-assets-to-caribbean\"><span dir=\"auto\">V\u00e1le\u010dn\u00e1 z\u00f3na<\/span><\/a><span dir=\"auto\">\u00a0ve zpr\u00e1v\u011b zve\u0159ejn\u011bn\u00e9 7. listopadu odhalila, \u017ee americk\u00e1 arm\u00e1da se p\u0159ipravuje na dal\u0161\u00ed roz\u0161\u00ed\u0159en\u00ed sv\u00e9ho nasazen\u00ed v Karibiku.<\/span><\/p>\n<p><em><span dir=\"auto\">\u201eProb\u00edhaj\u00ed pr\u016fzkumy m\u00edst, aby se zjistilo, zda by do regionu m\u011blo b\u00fdt vysl\u00e1no v\u00edce vojensk\u00fdch prost\u0159edk\u016f,\u201c \u0159ekl zpravodajsk\u00e9mu webu americk\u00fd \u00fa\u0159edn\u00edk.<\/span><\/em><\/p>\n<p><a href=\"https:\/\/www.nytimes.com\/2025\/11\/06\/world\/americas\/us-military-planes-el-salvador.html\"><span dir=\"auto\">Podle den\u00edku The New York Times<\/span><\/a><span dir=\"auto\">\u00a0a fotografi\u00ed Latinskoamerick\u00e9 leteck\u00e9 historick\u00e9 spole\u010dnosti\u00a0byly v Salvadoru ned\u00e1vno spat\u0159eny t\u0159i americk\u00e9 vojensk\u00e9 letouny, pr\u016fzkumn\u00fd letoun P-8A, transportn\u00ed letoun C-40 Clipper a bitevn\u00ed letoun AC-130 Ghostrider .<\/span><\/p>\n<p dir=\"ltr\" lang=\"en\"><em><span dir=\"auto\">Fantastick\u00e9 z\u00e1b\u011bry od\u00a0<\/span><a href=\"https:\/\/twitter.com\/The_LAAHS?ref_src=twsrc%5Etfw\"><span dir=\"auto\">@The_LAAHS<\/span><\/a><span dir=\"auto\">\u00a0ukazuj\u00edc\u00ed AC-130J 15-5825, C-40 N235JF a P-8A 168999\/169012 na ramp\u011b v CSL Comalapa v Salvadoru.\u00a0<\/span><a href=\"https:\/\/t.co\/xTMGgxFZEU\"><span dir=\"auto\">https:\/\/t.co\/xTMGgxFZEU\u00a0<\/span><\/a><a href=\"https:\/\/t.co\/G0XfzNypgi\"><span dir=\"auto\">pic.twitter.com\/G0XfzNypgi<\/span><\/a><\/em><\/p>\n<p><em><span dir=\"auto\">\u2014 LatAmMilMovements (@LatAmMilMVMTs)\u00a0<\/span><a href=\"https:\/\/twitter.com\/LatAmMilMVMTs\/status\/1986769179949560141?ref_src=twsrc%5Etfw\"><span dir=\"auto\">7. listopadu 2025<\/span><\/a><\/em><\/p>\n<p><span dir=\"auto\">Venezuela se p\u0159ipravuje na \u00fatok USA, Maduro dokonce schv\u00e1lil pl\u00e1ny na \u201eozbrojen\u00fd odpor\u201c a po\u017e\u00e1dal o zbran\u011b Rusko, \u010c\u00ednu a \u00cdr\u00e1n.<\/span><\/p>\n<p><span dir=\"auto\">Zat\u00edmco USA tvrd\u00ed, \u017ee operace v Karibiku maj\u00ed za c\u00edl potla\u010dit obchodov\u00e1n\u00ed s drogami, zpr\u00e1vy z Washingtonu nazna\u010duj\u00ed, \u017ee kone\u010dn\u00fdm c\u00edlem je zm\u011bna re\u017eimu v Caracasu. S\u00e1m Trump v minulosti takovou mo\u017enost odm\u00edtl vylou\u010dit. Zem\u011b m\u00e1 nejv\u011bt\u0161\u00ed z\u00e1soby ropy na sv\u011bt\u011b, co\u017e vysv\u011btluje, pro\u010d jsou USA ochotny riskovat dal\u0161\u00ed nekone\u010dnou v\u00e1lku.<\/span><\/p>\n<p><img decoding=\"async\" loading=\"lazy\" class=\"alignnone size-full wp-image-1185\" src=\"http:\/\/www.infokuryr.cz\/n\/wp-content\/uploads\/2021\/04\/kuryr-podpis.png\" alt=\"\" width=\"84\" height=\"24\" \/><\/p>\n<p>&nbsp;<\/p>\n","protected":false},"excerpt":{"rendered":"<p>Americk\u00e1 arm\u00e1da zve\u0159ejnila fotografie strategick\u00fdch bombard\u00e9r\u016f a st\u00edha\u010dek p\u0159el\u00e9taj\u00edc\u00edch nad Karibsk\u00fdm mo\u0159em, co\u017e je dal\u0161\u00ed&#8230;<\/p>\n","protected":false},"author":2,"featured_media":91841,"comment_status":"closed","ping_status":"closed","sticky":false,"template":"","format":"standard","meta":[],"categories":[7],"tags":[80,1003,37,181],"_links":{"self":[{"href":"https:\/\/www.infokuryr.cz\/n\/wp-json\/wp\/v2\/posts\/91840"}],"collection":[{"href":"https:\/\/www.infokuryr.cz\/n\/wp-json\/wp\/v2\/posts"}],"about":[{"href":"https:\/\/www.infokuryr.cz\/n\/wp-json\/wp\/v2\/types\/post"}],"author":[{"embeddable":true,"href":"https:\/\/www.infokuryr.cz\/n\/wp-json\/wp\/v2\/users\/2"}],"replies":[{"embeddable":true,"href":"https:\/\/www.infokuryr.cz\/n\/wp-json\/wp\/v2\/comments?post=91840"}],"version-history":[{"count":0,"href":"https:\/\/www.infokuryr.cz\/n\/wp-json\/wp\/v2\/posts\/91840\/revisions"}],"wp:featuredmedia":[{"embeddable":true,"href":"https:\/\/www.infokuryr.cz\/n\/wp-json\/wp\/v2\/media\/91841"}],"wp:attachment":[{"href":"https:\/\/www.infokuryr.cz\/n\/wp-json\/wp\/v2\/media?parent=91840"}],"wp:term":[{"taxonomy":"category","embeddable":true,"href":"https:\/\/www.infokuryr.cz\/n\/wp-json\/wp\/v2\/categories?post=91840"},{"taxonomy":"post_tag","embeddable":true,"href":"https:\/\/www.infokuryr.cz\/n\/wp-json\/wp\/v2\/tags?post=91840"}],"curies":[{"name":"wp","href":"https:\/\/api.w.org\/{rel}","templated":true}]}}