{"id":91830,"date":"2025-11-10T00:19:57","date_gmt":"2025-11-09T23:19:57","guid":{"rendered":"https:\/\/www.infokuryr.cz\/n\/?p=91830"},"modified":"2025-11-09T14:43:08","modified_gmt":"2025-11-09T13:43:08","slug":"petr-vlk-vysetrovani-sice-neskoncilo-ale-stejne-zapomente","status":"publish","type":"post","link":"https:\/\/www.infokuryr.cz\/n\/2025\/11\/10\/petr-vlk-vysetrovani-sice-neskoncilo-ale-stejne-zapomente\/","title":{"rendered":"Petr Vlk: Vy\u0161et\u0159ov\u00e1n\u00ed sice neskon\u010dilo, ale stejn\u011b zapome\u0148te!"},"content":{"rendered":"<div id=\"fb-root\"><\/div>\n<p>Pamatujete\u00a0 je\u0161t\u011b\u00a0 na\u00a0 letn\u00ed\u00a0 blackout , kter\u00fd\u00a0 doslova\u00a0 ochromil p\u016fl republiky?\u00a0 \u017de\u00a0 jste\u00a0 r\u00e1di\u00a0 zapomn\u011bli?\u00a0 Celkem ochotn\u011b\u00a0 v\u011b\u0159\u00edm.\u00a0 Nicm\u00e9n\u011b\u00a0 je\u0161t\u011b\u00a0 po\u0159\u00e1d\u00a0 n\u00e1m\u00a0 nikdo ofici\u00e1ln\u011b\u00a0 neoz\u0159ejmil, co a pro\u010d\u00a0 s e stalo!\u00a0 Co je prap\u0159\u00ed\u010dinou\u00a0 toho blackoutu.\u00a0 \u00a0A to jsme\u00a0 se v\u00a0 \u010dase posunuli o\u00a0 5 m\u011bs\u00edc\u016f\u00a0 d\u00e1le\u00a0 a\u00a0 Fiala a\u00a0 jeho\u00a0 Oblud\u00e1rium se\u00a0 tehdy p\u0159edh\u00e1n\u011bli\u00a0 v\u00a0 uji\u0161t\u011bn\u00edch,\u00a0 \u017ee\u00a0 v\u0161echno\u00a0 rychle\u00a0 a\u00a0 d\u016fsledn\u011b\u00a0 vy\u0161et\u0159\u00ed\u00a0 a\u00a0 p\u0159irozen\u011b\u00a0 s\u00a0 v\u00fdsledky\u00a0 neprodlen\u011b\u00a0 sezn\u00e1m\u00ed\u00a0 ve\u0159ejnost.\u00a0 \u00a0A po skoro p\u016fl\u00a0 roce\u00a0 \u2013 skutek,\u00a0 jak u\u00a0 nich \u017eelezn\u00fdm zvykem\u00a0 \u2013 utek! Prost\u011b\u00a0 dal\u0161\u00ed le\u017e.<\/p>\n<p>Kos\u00ed\u0159\u00a0 ms z\u0159ejm\u011b\u00a0 tuto\u00a0 materii\u00a0 sleduje\u00a0 a upozornil mne\u00a0 na\u00a0 posledn\u00ed\u00a0 text\u00a0 zab\u00fdvaj\u00edc\u00ed\u00a0 s e touto\u00a0 t\u00e9matikou\u00a0 na\u00a0 odborn\u00e9m\u00a0 webu\u00a0 O\u00a0 energetice\u2026. P\u0159izn\u00e1v\u00e1m,\u00a0 \u017ee\u00a0 po sezn\u00e1men\u00ed\u00a0 s e\u00a0 sn\u00edm\u00a0 se\u00a0 mi\u00a0 cht\u011blo\u00a0 n\u011bco\u00a0 rozb\u00edt\u00a0 nebo\u00a0 aspo\u0148 hlasit\u011b\u00a0 k\u0159i\u010det!<\/p>\n<h3 class=\"western\"><a href=\"https:\/\/oenergetice.cz\/prenos-elektriny\/priciny-cervencoveho-vypadku-elektriny-jsou-dal-nejasne-vysetrovani-pokracuje\"><strong>P\u0159\u00ed\u010diny \u010dervencov\u00e9ho v\u00fdpadku elekt\u0159iny jsou d\u00e1l nejasn\u00e9, vy\u0161et\u0159ov\u00e1n\u00ed pokra\u010duje<\/strong><\/a><\/h3>\n<p><strong>P\u0159\u00ed\u010diny \u010dervencov\u00e9ho rozs\u00e1hl\u00e9ho v\u00fdpadku elekt\u0159iny v\u00a0\u010cesku jsou zat\u00edm st\u00e1le nejasn\u00e9. Vy\u0161et\u0159ov\u00e1n\u00ed ud\u00e1losti pokra\u010duje p\u00e1t\u00fdm m\u011bs\u00edcem, provozovatel soustavy \u010cEPS v\u00a0sou\u010dasn\u00e9 dob\u011b analyzuje shrom\u00e1\u017ed\u011bn\u00e1 data. Krom\u011b toho pokra\u010duje tak\u00e9 vy\u0161et\u0159ov\u00e1n\u00ed Expertn\u00edho panelu, kter\u00fd by m\u011bl vydat p\u0159edb\u011b\u017enou zpr\u00e1vu v\u00a0lednu. Na dotaz \u010cTK to \u0159ekl mluv\u010d\u00ed \u010cEPS Luk\u00e1\u0161 Hrabal.<\/strong><\/p>\n<p>Masivn\u00ed v\u00fdpadek elektrick\u00e9ho proudu ze 4. \u010dervence, kter\u00fd trval n\u011bkolik hodin, postihl asi milion odb\u011bratel\u016f. V\u00a0\u010cesku je 6,3 milionu odb\u011brn\u00fdch m\u00edst.<\/p>\n<p>\u010cEPS zah\u00e1jil spolu s\u00a0odborn\u00edky anal\u00fdzu v\u00fdpadku t\u00e9m\u011b\u0159 okam\u017eit\u011b, dosud vy\u0161et\u0159ov\u00e1n\u00ed ale uzav\u0159eno nebylo. \u201eVe spolupr\u00e1ci s\u00a0\u00fa\u010dastn\u00edky trhu bylo pro \u00fa\u010dely \u0161et\u0159en\u00ed nezbytn\u00e9 shrom\u00e1\u017edit \u0161irokou \u0161k\u00e1lu dat, p\u0159i\u010dem\u017e \u010d\u00e1st z\u00a0nich obdr\u017eela \u010cEPS od n\u011bkter\u00fdch \u00fa\u010dastn\u00edk\u016f trhu a\u017e na za\u010d\u00e1tku \u0159\u00edjna. V\u00a0tuto chv\u00edli prob\u00edh\u00e1 detailn\u00ed expertn\u00ed posouzen\u00ed dopln\u011bn\u00fdch \u00fadaj\u016f, aby bylo mo\u017en\u00e9 zpr\u00e1vu o\u00a0v\u00fdpadku dokon\u010dit,\u201c uvedl Hrabal.<\/p>\n<p>Dal\u0161\u00ed vy\u0161et\u0159ov\u00e1n\u00ed podle n\u011bj pokra\u010duje na \u00farovni Evropsk\u00e9 asociace provozovatel\u016f elektroenergetick\u00fdch p\u0159enosov\u00fdch soustav (ENTSO-E) v Expertn\u00edm panelu, kter\u00e9ho se \u00fa\u010dastn\u00ed odborn\u00edci r\u016fzn\u00fdch provozovatel\u016f p\u0159enosov\u00fdch soustav v\u010detn\u011b \u010cEPS, z\u00e1stupci Agentury pro spolupr\u00e1ci energetick\u00fdch regula\u010dn\u00edch org\u00e1n\u016f (ACER) a n\u00e1rodn\u00edch regula\u010dn\u00edch org\u00e1n\u016f. \u201eP\u0159edb\u011b\u017en\u00e1 zpr\u00e1va se o\u010dek\u00e1v\u00e1 do \u0161esti m\u011bs\u00edc\u016f od ud\u00e1losti, tedy nejpozd\u011bji v lednu 2026. Z\u00e1v\u011bre\u010dn\u00e1 zpr\u00e1va pak do 12 m\u011bs\u00edc\u016f, tedy do \u010dervence 2026,\u201c popsal Hrabal.<\/p>\n<p>Rozs\u00e1hl\u00fd v\u00fdpadek elekt\u0159iny v \u010cR byl podle d\u0159\u00edv\u011bj\u0161\u00edch zpr\u00e1v \u010cEPS d\u016fsledkem soub\u011bhu n\u011bkolika v\u00fdpadk\u016f. Na za\u010d\u00e1tku bylo roztr\u017een\u00ed f\u00e1zov\u00e9ho vodi\u010de, tedy kabelu, kter\u00fd p\u0159en\u00e1\u0161\u00ed elekt\u0159inu mezi elektr\u00e1rnami a rozvodnami. To vy\u0159adilo z provozu p\u00e1te\u0159n\u00ed linku V411, kter\u00e1 je vyu\u017e\u00edv\u00e1na pro v\u00fdvod vysok\u00fdch v\u00fdkon\u016f z elektr\u00e1ren a pro p\u0159enos elekt\u0159iny na dlouh\u00e9 \u00faseky. Vz\u00e1p\u011bt\u00ed vypadl blok elektr\u00e1rny Ledvice na Teplicku a velk\u00e1 rozvodna Kras\u00edkov na Orlicko\u00fastecku. Dispe\u010der kv\u016fli velk\u00e9mu zat\u00ed\u017een\u00ed vypnul tak\u00e9 veden\u00ed V208, kter\u00e9 propojuje rozvodny. D\u016fvod soub\u011bhu je ale dosud nejasn\u00fd.<\/p>\n<p><strong>Provozovatel soustavy naopak vylou\u010dil to, \u017ee za v\u00fdpadkem bylo p\u0159et\u00ed\u017een\u00ed soustavy kv\u016fli p\u0159etok\u016fm elekt\u0159iny ze zahrani\u010d\u00ed<\/strong>\u00a0nebo po\u0161kozen\u00ed t\u0159et\u00ed osobou. Linka, jej\u00ed\u017e v\u00fdpadek vedl k v\u00fdpadku, byla po\u0161kozena u\u017e loni, tehdy ale bez dal\u0161\u00edch probl\u00e9m\u016f.<\/p>\n<p>oooooooooooooooooooooooooooooooooooooooooooooooooooooooooooooooooooooo<\/p>\n<p>P\u0159elo\u017e\u00edm\u00a0 to\u00a0 \u00fa\u0159ednick\u00e9\u00a0 ptydepe\u00a0 do\u00a0 jednoduch\u00e1\u00a0 \u010de\u0161tiny \u2013 my\u00a0 ani po p\u016fl\u00a0 roce\u00a0 nev\u00edme, co \u017ee\u00a0 se\u00a0 vlastn\u011b\u00a0 stalo,\u00a0 m\u00e1me\u00a0 ve\u0161ker\u00e1\u00a0 data, ale\u00a0 jsme\u00a0 bezradn\u00ed\u00a0 jak\u00a0 Jen\u00ed\u010dek\u00a0 a Ma\u0159enka\u00a0 v\u00a0 \u010cern\u00e9m lese.\u00a0 Netu\u0161\u00edme,\u00a0 nech\u00e1peme,\u00a0 nezn\u00e1me. Ale\u00a0 i\u00a0 kdy\u017e\u00a0 v\u00edme, \u017ee\u00a0 v\u016fbec\u00a0 nic\u00a0 nev\u00edme,\u00a0 tak s\u00a0 naprostou\u00a0 jistotou\u00a0 v\u00edme,\u00a0 \u017ee\u00a0 p\u0159etoky\u00a0 z\u00a0 n\u011bmeck\u00fdch\u00a0 polsk\u00fdch\u00a0 sol\u00e1r\u016f a\u00a0 v\u011btrn\u00edk\u016f\u00a0 za\u00a0 to\u00a0 ur\u010dit\u011b\u00a0 nemohou!!!!<\/p>\n<p>V\u011b\u0159ili\u00a0 byste\u00a0 n\u011b\u010demu\u00a0 takov\u00e9mu?\u00a0 Oni\u00a0 netu\u0161\u00ed\u00a0 doslov a v\u016fbec\u00a0 nic,\u00a0 a\u017e na jednu v\u011bc\u00a0 \u2013\u00a0 \u017ee\u00a0 obnoviteln\u00e9\u00a0 zdroje,\u00a0 kter\u00e9 prokazateln\u011b\u00a0 vytvo\u0159ily\u00a0 daleko v\u011bt\u0161\u00ed\u00a0 ne\u017e pl\u00e1novan\u00e9 p\u0159etoky\u00a0 ZA\u00a0 TO NEMOHOU!!!!<\/p>\n<p>Dovoluji si\u00a0 se obr\u00e1tit\u00a0 se\u00a0 zdvo\u0159ilou\u00a0 \u017e\u00e1dost\u00ed\u00a0 na\u00a0 budouc\u00edho\u00a0 ministra\u00a0 pr\u016fmyslu\u00a0 Karla Havl\u00ed\u010dka \u2013\u00a0 pane\u00a0 budouc\u00ed minist\u0159e,\u00a0 bu\u010fte\u00a0 tak\u00a0 laskav a\u00a0 a\u017e\u00a0 se ujmete\u00a0 \u0159\u00edzen\u00ed\u00a0 sv\u00e9ho superrezortu,\u00a0 vyme\u0165te pros\u00edm\u00a0 tu\u00a0 vy\u0161et\u0159ovac\u00ed komis,\u00a0 co nic\u00a0 nev\u00ed a\u00a0 netu\u0161\u00ed, s\u00a0 v\u00fdjimkou\u00a0 jedn\u00e9\u00a0 jedin\u00e9\u00a0 v\u011bci a\u00a0 nechte\u00a0 sestavit a\u00a0 \u0161et\u0159it\u00a0 n\u011bjakou\u00a0 jinou\u00a0 \u2013 schopn\u011bj\u0161\u00ed.\u00a0 Proto\u017ee\u00a0 ta\u00a0 sou\u010dasn\u00e1\u00a0 evidentn\u011b\u00a0 v\u00ed,\u00a0 co\u00a0 za\u00a0 \u017e\u00e1dnou\u00a0 cenu\u00a0 nesm\u00ed\u00a0 objevit.\u00a0 Proto od\u00a0 n\u00ed\u00a0 nelze opravdu\u00a0 nic\u00a0 \u010dekat.\u00a0 Va\u0161e\u00a0 vznikaj\u00edc\u00ed\u00a0 vl\u00e1da\u00a0 nepochybn\u011b\u00a0 postr\u00e1d\u00e1\u00a0 d\u016fvod\u00a0 si v\u00a0 z\u00e1jmu\u00a0 Brusele\u00a0 a\u00a0 Leyenov\u00fdch\u00a0 lh\u00e1t\u00a0 do\u00a0 kapsy\u00a0 a\u00a0 m\u00e1m\u00a0 nasazovat\u00a0 \u0161a\u0161kovskou\u00a0 \u010depici.<\/p>\n<p>Pokud\u00a0 tak\u00a0 p\u0159\u00edpadn\u011b nehodl\u00e1te\u00a0 u\u010dinit,\u00a0 co\u00a0 by\u00a0 znamenalo\u00a0 velk\u00e9\u00a0 zklam\u00e1n\u00ed,\u00a0 pak\u00a0 pou\u017eijte\u00a0 alespo\u0148\u00a0 v praxi\u00a0 titul\u00a0 jednoho star\u00e9ho\u00a0 italsk\u00e9ho\u00a0 krimi\u00a0 filmu<\/p>\n<p>Vy\u0161et\u0159ov\u00e1n\u00ed\u00a0 skon\u010dilo, zapome\u0148te!<\/p>\n<p>Tomu\u00a0 budeme\u00a0 v\u0161ichni\u00a0 rozum\u011bt.<\/p>\n<p>Nicm\u00e9n\u011b\u00a0 varianta praktikovan\u00e1\u00a0 v\u00a0 sou\u010dasnosti\u00a0 \u2013\u00a0 Vy\u0161et\u0159ov\u00e1n\u00ed\u00a0 neskon\u010dilo, ale\u00a0 i tak zapome\u0148te,\u00a0 jak jist\u011b\u00a0 uzn\u00e1te,\u00a0 ned\u00e1v\u00e1\u00a0 smysl.\u00a0 Jako nic\u00a0 od\u00a0 Fialovy\u00a0 vl\u00e1dy.<\/p>\n<p>P\u0159edem d\u011bkuji za pochopen\u00ed.<\/p>\n<p><a href=\"https:\/\/vlkovobloguje.wordpress.com\/2025\/11\/08\/vysetrovani-sice-neskoncilo-ale-stejne-zapomente\/#more-1030337\">Petr Vlk<\/a><\/p>\n<p><img decoding=\"async\" loading=\"lazy\" class=\"alignnone size-full wp-image-63439\" src=\"http:\/\/www.infokuryr.cz\/n\/wp-content\/uploads\/2024\/10\/petr-vlk.jpg\" alt=\"\" width=\"182\" height=\"176\" \/><\/p>\n<p>&nbsp;<\/p>\n","protected":false},"excerpt":{"rendered":"<p>Pamatujete\u00a0 je\u0161t\u011b\u00a0 na\u00a0 letn\u00ed\u00a0 blackout , kter\u00fd\u00a0 doslova\u00a0 ochromil p\u016fl republiky?\u00a0 \u017de\u00a0 jste\u00a0 r\u00e1di\u00a0 zapomn\u011bli?\u00a0&#8230;<\/p>\n","protected":false},"author":2,"featured_media":77810,"comment_status":"closed","ping_status":"closed","sticky":false,"template":"","format":"standard","meta":[],"categories":[6],"tags":[9011,1503,1398],"_links":{"self":[{"href":"https:\/\/www.infokuryr.cz\/n\/wp-json\/wp\/v2\/posts\/91830"}],"collection":[{"href":"https:\/\/www.infokuryr.cz\/n\/wp-json\/wp\/v2\/posts"}],"about":[{"href":"https:\/\/www.infokuryr.cz\/n\/wp-json\/wp\/v2\/types\/post"}],"author":[{"embeddable":true,"href":"https:\/\/www.infokuryr.cz\/n\/wp-json\/wp\/v2\/users\/2"}],"replies":[{"embeddable":true,"href":"https:\/\/www.infokuryr.cz\/n\/wp-json\/wp\/v2\/comments?post=91830"}],"version-history":[{"count":0,"href":"https:\/\/www.infokuryr.cz\/n\/wp-json\/wp\/v2\/posts\/91830\/revisions"}],"wp:featuredmedia":[{"embeddable":true,"href":"https:\/\/www.infokuryr.cz\/n\/wp-json\/wp\/v2\/media\/77810"}],"wp:attachment":[{"href":"https:\/\/www.infokuryr.cz\/n\/wp-json\/wp\/v2\/media?parent=91830"}],"wp:term":[{"taxonomy":"category","embeddable":true,"href":"https:\/\/www.infokuryr.cz\/n\/wp-json\/wp\/v2\/categories?post=91830"},{"taxonomy":"post_tag","embeddable":true,"href":"https:\/\/www.infokuryr.cz\/n\/wp-json\/wp\/v2\/tags?post=91830"}],"curies":[{"name":"wp","href":"https:\/\/api.w.org\/{rel}","templated":true}]}}