{"id":91824,"date":"2025-11-10T00:24:24","date_gmt":"2025-11-09T23:24:24","guid":{"rendered":"https:\/\/www.infokuryr.cz\/n\/?p=91824"},"modified":"2025-11-09T14:23:28","modified_gmt":"2025-11-09T13:23:28","slug":"sest-lidi-zemrelo-pote-co-se-vuz-paseraka-migrantu-zritil-do-jezera-behem-policejni-honicky-v-bulharsku","status":"publish","type":"post","link":"https:\/\/www.infokuryr.cz\/n\/2025\/11\/10\/sest-lidi-zemrelo-pote-co-se-vuz-paseraka-migrantu-zritil-do-jezera-behem-policejni-honicky-v-bulharsku\/","title":{"rendered":"\u0160est lid\u00ed zem\u0159elo pot\u00e9, co se v\u016fz pa\u0161er\u00e1ka migrant\u016f z\u0159\u00edtil do jezera b\u011bhem policejn\u00ed honi\u010dky v Bulharsku"},"content":{"rendered":"<div id=\"fb-root\"><\/div>\n<h3 class=\"s-tagline fw-tagline\"><span dir=\"auto\">Rumunsk\u00fd \u0159idi\u010d pa\u0161er\u00e1ck\u00e9ho vozidla ztratil kontrolu nad vozidlem, kdy\u017e se sna\u017eil vyhnout policejn\u00edmu z\u00e1tarasu s kol\u00edky.<\/span><\/h3>\n<p><span dir=\"auto\">\u0160est lid\u00ed zem\u0159elo ve \u010dtvrtek pozd\u011b ve\u010der, kdy\u017e se b\u011bhem policejn\u00ed honi\u010dky do jezera Vaya pobl\u00ed\u017e bulharsk\u00e9ho Burgasu z\u0159\u00edtil v\u016fz s neleg\u00e1ln\u00edmi migranty.<\/span><\/p>\n<p><span dir=\"auto\">Vozidlo registrovan\u00e9 v Rumunsku, kter\u00e9 \u0159\u00eddil rumunsk\u00fd st\u00e1tn\u00ed p\u0159\u00edslu\u0161n\u00edk, v dob\u011b nehody p\u0159epravovalo 10 osob v\u010detn\u011b \u0159idi\u010de.<\/span><\/p>\n<p><span dir=\"auto\">Hlavn\u00ed komisa\u0159 Anton Zlatanov, \u0159editel bulharsk\u00e9 pohrani\u010dn\u00ed policie, potvrdil \u00famrt\u00ed v rozhovoru pro televizn\u00ed stanici\u00a0<\/span><a href=\"https:\/\/btvnovinite.bg\/bulgaria\/direktorat-na-granichna-policija-s-shipove-se-opitahme-da-sprem-kolata-s-migranti-i-tja-padna-v-ezeroto.html\"><span dir=\"auto\">bTV<\/span><\/a><span dir=\"auto\">\u00a0. \u201eKolem 21:20 si hl\u00eddka v\u0161imla extr\u00e9mn\u011b agresivn\u00ed a rychl\u00e9 j\u00edzdy vozidla a pokusila se ho zastavit. Vozidlo neposlechlo,\u201c uvedl Zlatanov. Dodal, \u017ee cel\u00fd incident se odehr\u00e1l p\u0159ibli\u017en\u011b za 34 minut.<\/span><\/p>\n<div class=\"twitter-tweet twitter-tweet-rendered\"><iframe id=\"twitter-widget-0\" class=\"\" title=\"X Post\" src=\"https:\/\/platform.twitter.com\/embed\/Tweet.html?creatorScreenName=RMXnews&amp;dnt=false&amp;embedId=twitter-widget-0&amp;features=eyJ0ZndfdGltZWxpbmVfbGlzdCI6eyJidWNrZXQiOltdLCJ2ZXJzaW9uIjpudWxsfSwidGZ3X2ZvbGxvd2VyX2NvdW50X3N1bnNldCI6eyJidWNrZXQiOnRydWUsInZlcnNpb24iOm51bGx9LCJ0ZndfdHdlZXRfZWRpdF9iYWNrZW5kIjp7ImJ1Y2tldCI6Im9uIiwidmVyc2lvbiI6bnVsbH0sInRmd19yZWZzcmNfc2Vzc2lvbiI6eyJidWNrZXQiOiJvbiIsInZlcnNpb24iOm51bGx9LCJ0ZndfZm9zbnJfc29mdF9pbnRlcnZlbnRpb25zX2VuYWJsZWQiOnsiYnVja2V0Ijoib24iLCJ2ZXJzaW9uIjpudWxsfSwidGZ3X21peGVkX21lZGlhXzE1ODk3Ijp7ImJ1Y2tldCI6InRyZWF0bWVudCIsInZlcnNpb24iOm51bGx9LCJ0ZndfZXhwZXJpbWVudHNfY29va2llX2V4cGlyYXRpb24iOnsiYnVja2V0IjoxMjA5NjAwLCJ2ZXJzaW9uIjpudWxsfSwidGZ3X3Nob3dfYmlyZHdhdGNoX3Bpdm90c19lbmFibGVkIjp7ImJ1Y2tldCI6Im9uIiwidmVyc2lvbiI6bnVsbH0sInRmd19kdXBsaWNhdGVfc2NyaWJlc190b19zZXR0aW5ncyI6eyJidWNrZXQiOiJvbiIsInZlcnNpb24iOm51bGx9LCJ0ZndfdXNlX3Byb2ZpbGVfaW1hZ2Vfc2hhcGVfZW5hYmxlZCI6eyJidWNrZXQiOiJvbiIsInZlcnNpb24iOm51bGx9LCJ0ZndfdmlkZW9faGxzX2R5bmFtaWNfbWFuaWZlc3RzXzE1MDgyIjp7ImJ1Y2tldCI6InRydWVfYml0cmF0ZSIsInZlcnNpb24iOm51bGx9LCJ0ZndfbGVnYWN5X3RpbWVsaW5lX3N1bnNldCI6eyJidWNrZXQiOnRydWUsInZlcnNpb24iOm51bGx9LCJ0ZndfdHdlZXRfZWRpdF9mcm9udGVuZCI6eyJidWNrZXQiOiJvbiIsInZlcnNpb24iOm51bGx9fQ%3D%3D&amp;frame=false&amp;hideCard=false&amp;hideThread=false&amp;id=1986742659495452696&amp;lang=cs&amp;origin=https%3A%2F%2Frmx.news%2Farticle%2Fsix-killed-after-migrant-smuggling-car-plunges-into-lake-during-police-chase-in-bulgaria%2F&amp;sessionId=d2930f9adbcb17d56caab7bd24e223a7ca2ceb03&amp;theme=light&amp;widgetsVersion=2615f7e52b7e0%3A1702314776716&amp;width=550px\" frameborder=\"0\" scrolling=\"no\" allowfullscreen=\"allowfullscreen\" data-tweet-id=\"1986742659495452696\" data-mce-fragment=\"1\"><\/iframe><\/div>\n<p><span dir=\"auto\">Podle Zlatanova policie aktivovala koordinovan\u00fd reak\u010dn\u00ed protokol, jeho\u017e c\u00edlem je minimalizovat rizika po p\u0159edchoz\u00edch smrteln\u00fdch incidentech s \u00fa\u010dast\u00ed policist\u016f v regionu Burgas. \u201eM\u00e1me zaveden\u00fd postup, zejm\u00e9na po \u00famrt\u00ed na\u0161ich koleg\u016f v Burgasu p\u0159ed t\u0159emi lety. Cvi\u010dili jsme se jak v simulaci, tak v praxi,\u201c \u0159ekl. \u201eV p\u0159\u00edpad\u011b neposlu\u0161nosti v\u0161echny hl\u00eddky \u2013 pohrani\u010dn\u00ed policie, \u010detnictvo a region\u00e1ln\u00ed \u0159editelstv\u00ed ministerstva vnitra \u2013 p\u0159epnou na jednu frekvenci, aby si v\u0161ichni byli v\u011bdomi situace a mohli p\u0159ijmout vhodn\u00e1 opat\u0159en\u00ed k jej\u00edmu zvl\u00e1d\u00e1n\u00ed.\u201c<\/span><\/p>\n<p><span dir=\"auto\">Zd\u016fraznil, \u017ee nejvy\u0161\u0161\u00ed prioritou b\u011bhem takov\u00fdch operac\u00ed je ve\u0159ejn\u00e1 bezpe\u010dnost. \u201eHlavn\u00edm c\u00edlem, kter\u00e9ho mus\u00ed dos\u00e1hnout, je ochrana \u017eivot\u016f a zdrav\u00ed v\u0161ech ob\u010dan\u016f, v\u0161ech lid\u00ed a vozidel, kter\u00e1 jsou v okol\u00ed a na silnic\u00edch,\u201c \u0159ekl Zlatanov.<\/span><\/p>\n<p><span dir=\"auto\">Honi\u010dka pokra\u010dovala, \u0159idi\u010d ignoroval opakovan\u00e9 policejn\u00ed sign\u00e1ly k zastaven\u00ed, dvakr\u00e1t zm\u011bnil sm\u011br, ne\u017e se vydal zp\u011bt sm\u011brem k Burgasu, kde policie z\u0159\u00eddila dvojit\u00e9 kontroln\u00ed stanovi\u0161t\u011b. Policist\u00e9 nasadili z\u00e1voru s hroty, ale podez\u0159el\u00fd se j\u00ed pokusil vyhnout t\u00edm, \u017ee jel t\u011bsn\u011b za jin\u00fdm autem, a dokonce do n\u011bj narazil. \u201eJel t\u011bsn\u011b za n\u00edm, dokonce do n\u011bj jednou \u010di dvakr\u00e1t zezadu narazil. Cht\u011bl jet t\u011bsn\u011b vedle n\u011bj, abychom nepou\u017eili hroty,\u201c vysv\u011btlil Zlatanov.<\/span><\/p>\n<p><span dir=\"auto\">Vozidlo n\u00e1sledn\u011b ztratilo kontrolu a z\u0159\u00edtilo se do jezera Vaya. P\u0159i nehod\u011b zahynulo \u0161est migrant\u016f, zat\u00edmco zb\u00fdvaj\u00edc\u00ed t\u0159i cestuj\u00edc\u00ed a \u0159idi\u010d p\u0159e\u017eili a dostali l\u00e9ka\u0159skou pomoc. P\u0159e\u017eiv\u0161\u00ed migranti policii uvedli, \u017ee poch\u00e1zej\u00ed z Afgh\u00e1nist\u00e1nu.<\/span><\/p>\n<p><span dir=\"auto\">\u00da\u0159ady zah\u00e1jily vy\u0161et\u0159ov\u00e1n\u00ed incidentu, v\u010detn\u011b toho, jak se rumunsk\u00fd \u0159idi\u010d dostal k p\u0159eprav\u011b skupiny a zda byla do n\u011bj zapojena \u0161ir\u0161\u00ed pa\u0161er\u00e1ck\u00e1 s\u00ed\u0165.<\/span><\/p>\n<p><img decoding=\"async\" loading=\"lazy\" class=\"alignnone size-full wp-image-1185\" src=\"http:\/\/www.infokuryr.cz\/n\/wp-content\/uploads\/2021\/04\/kuryr-podpis.png\" alt=\"\" width=\"84\" height=\"24\" \/><\/p>\n<p>&nbsp;<\/p>\n","protected":false},"excerpt":{"rendered":"<p>Rumunsk\u00fd \u0159idi\u010d pa\u0161er\u00e1ck\u00e9ho vozidla ztratil kontrolu nad vozidlem, kdy\u017e se sna\u017eil vyhnout policejn\u00edmu z\u00e1tarasu s&#8230;<\/p>\n","protected":false},"author":2,"featured_media":91825,"comment_status":"closed","ping_status":"closed","sticky":false,"template":"","format":"standard","meta":[],"categories":[7],"tags":[190,1421,871,1469],"_links":{"self":[{"href":"https:\/\/www.infokuryr.cz\/n\/wp-json\/wp\/v2\/posts\/91824"}],"collection":[{"href":"https:\/\/www.infokuryr.cz\/n\/wp-json\/wp\/v2\/posts"}],"about":[{"href":"https:\/\/www.infokuryr.cz\/n\/wp-json\/wp\/v2\/types\/post"}],"author":[{"embeddable":true,"href":"https:\/\/www.infokuryr.cz\/n\/wp-json\/wp\/v2\/users\/2"}],"replies":[{"embeddable":true,"href":"https:\/\/www.infokuryr.cz\/n\/wp-json\/wp\/v2\/comments?post=91824"}],"version-history":[{"count":0,"href":"https:\/\/www.infokuryr.cz\/n\/wp-json\/wp\/v2\/posts\/91824\/revisions"}],"wp:featuredmedia":[{"embeddable":true,"href":"https:\/\/www.infokuryr.cz\/n\/wp-json\/wp\/v2\/media\/91825"}],"wp:attachment":[{"href":"https:\/\/www.infokuryr.cz\/n\/wp-json\/wp\/v2\/media?parent=91824"}],"wp:term":[{"taxonomy":"category","embeddable":true,"href":"https:\/\/www.infokuryr.cz\/n\/wp-json\/wp\/v2\/categories?post=91824"},{"taxonomy":"post_tag","embeddable":true,"href":"https:\/\/www.infokuryr.cz\/n\/wp-json\/wp\/v2\/tags?post=91824"}],"curies":[{"name":"wp","href":"https:\/\/api.w.org\/{rel}","templated":true}]}}