{"id":91818,"date":"2025-11-10T00:21:55","date_gmt":"2025-11-09T23:21:55","guid":{"rendered":"https:\/\/www.infokuryr.cz\/n\/?p=91818"},"modified":"2025-11-09T14:46:36","modified_gmt":"2025-11-09T13:46:36","slug":"trump-zadna-delegace-usa-na-summitu-g20-v-jihoafricke-republice-nepojede-solidarita-s-afrikanci","status":"publish","type":"post","link":"https:\/\/www.infokuryr.cz\/n\/2025\/11\/10\/trump-zadna-delegace-usa-na-summitu-g20-v-jihoafricke-republice-nepojede-solidarita-s-afrikanci\/","title":{"rendered":"Trump: \u017d\u00e1dn\u00e1 delegace USA na summitu G20 v Jihoafrick\u00e9 republice nepojede \u2013 solidarita s Afrik\u00e1nci"},"content":{"rendered":"<div id=\"fb-root\"><\/div>\n<p><strong><span dir=\"auto\">Od doby, kdy se v Ji\u017en\u00ed Africe dostala k moci levicov\u00e1 strana ANC, jsou b\u00edl\u00ed Afrik\u00e1ne\u0159i systematicky zbavov\u00e1ni volebn\u00edch pr\u00e1v, vys\u00eddlov\u00e1ni a opakovan\u011b brut\u00e1ln\u011b vra\u017ed\u011bni. Americk\u00fd prezident Donald Trump proto odm\u00edt\u00e1 vyslat delegaci na summit G20.<\/span><\/strong><\/p>\n<p><span dir=\"auto\">Apartheid sice vytvo\u0159il spole\u010dnost s v\u00edce t\u0159\u00eddami, ale star\u00e9 k\u0159ivdy nelze napravit nov\u00fdmi. B\u00far\u0161t\u00ed farm\u00e1\u0159i, zejm\u00e9na Afrik\u00e1nci, trp\u00ed obecnou politickou toleranc\u00ed v\u016f\u010di rasistick\u00e9mu n\u00e1sil\u00ed p\u00e1chan\u00e9mu \u010dernochy. Jejich farmy jsou opakovan\u011b p\u0159epad\u00e1v\u00e1ny, rabov\u00e1ny a jejich obyvatel\u00e9 brut\u00e1ln\u011b vra\u017ed\u011bni.<\/span><\/p>\n<figure class=\"wp-block-embed is-type-rich is-provider-twitter wp-block-embed-twitter\">\n<div class=\"wp-block-embed__wrapper\">\n<div class=\"twitter-tweet twitter-tweet-rendered\"><iframe id=\"twitter-widget-0\" class=\"\" title=\"X P\u0159\u00edsp\u011bvek\" src=\"https:\/\/platform.twitter.com\/embed\/Tweet.html?dnt=true&amp;embedId=twitter-widget-0&amp;features=eyJ0ZndfdGltZWxpbmVfbGlzdCI6eyJidWNrZXQiOltdLCJ2ZXJzaW9uIjpudWxsfSwidGZ3X2ZvbGxvd2VyX2NvdW50X3N1bnNldCI6eyJidWNrZXQiOnRydWUsInZlcnNpb24iOm51bGx9LCJ0ZndfdHdlZXRfZWRpdF9iYWNrZW5kIjp7ImJ1Y2tldCI6Im9uIiwidmVyc2lvbiI6bnVsbH0sInRmd19yZWZzcmNfc2Vzc2lvbiI6eyJidWNrZXQiOiJvbiIsInZlcnNpb24iOm51bGx9LCJ0ZndfZm9zbnJfc29mdF9pbnRlcnZlbnRpb25zX2VuYWJsZWQiOnsiYnVja2V0Ijoib24iLCJ2ZXJzaW9uIjpudWxsfSwidGZ3X21peGVkX21lZGlhXzE1ODk3Ijp7ImJ1Y2tldCI6InRyZWF0bWVudCIsInZlcnNpb24iOm51bGx9LCJ0ZndfZXhwZXJpbWVudHNfY29va2llX2V4cGlyYXRpb24iOnsiYnVja2V0IjoxMjA5NjAwLCJ2ZXJzaW9uIjpudWxsfSwidGZ3X3Nob3dfYmlyZHdhdGNoX3Bpdm90c19lbmFibGVkIjp7ImJ1Y2tldCI6Im9uIiwidmVyc2lvbiI6bnVsbH0sInRmd19kdXBsaWNhdGVfc2NyaWJlc190b19zZXR0aW5ncyI6eyJidWNrZXQiOiJvbiIsInZlcnNpb24iOm51bGx9LCJ0ZndfdXNlX3Byb2ZpbGVfaW1hZ2Vfc2hhcGVfZW5hYmxlZCI6eyJidWNrZXQiOiJvbiIsInZlcnNpb24iOm51bGx9LCJ0ZndfdmlkZW9faGxzX2R5bmFtaWNfbWFuaWZlc3RzXzE1MDgyIjp7ImJ1Y2tldCI6InRydWVfYml0cmF0ZSIsInZlcnNpb24iOm51bGx9LCJ0ZndfbGVnYWN5X3RpbWVsaW5lX3N1bnNldCI6eyJidWNrZXQiOnRydWUsInZlcnNpb24iOm51bGx9LCJ0ZndfdHdlZXRfZWRpdF9mcm9udGVuZCI6eyJidWNrZXQiOiJvbiIsInZlcnNpb24iOm51bGx9fQ%3D%3D&amp;frame=false&amp;hideCard=false&amp;hideThread=false&amp;id=1965335807201542501&amp;lang=de&amp;origin=https%3A%2F%2Freport24.news%2Ftrump-keine-us-delegation-zum-g20-gipfel-in-suedafrika-solidaritaet-mit-den-afrikaanern%2F&amp;sessionId=b008bc5cfd9904bef7244a5ff7977e13df3841b6&amp;theme=light&amp;widgetsVersion=2615f7e52b7e0%3A1702314776716&amp;width=550px\" frameborder=\"0\" scrolling=\"no\" allowfullscreen=\"allowfullscreen\" data-tweet-id=\"1965335807201542501\" data-mce-fragment=\"1\"><\/iframe><\/div>\n<\/div>\n<\/figure>\n<p><span dir=\"auto\">Vzhledem k tomu, \u017ee vl\u00e1dnouc\u00ed ANC ned\u011bl\u00e1 nic pro zastaven\u00ed t\u011bchto \u00fatok\u016f a vra\u017ed, ale sp\u00ed\u0161e je ml\u010dky podporuje, jsou vztahy mezi Washingtonem a Pretori\u00ed napjat\u00e9. Toto se nyn\u00ed vyhrotilo natolik, \u017ee americk\u00fd prezident Donald Trump v souvislosti s leto\u0161n\u00edm summitem G20\u00a0<\/span><a href=\"https:\/\/truthsocial.com\/@realDonaldTrump\/115510666739916664\"><span dir=\"auto\">na Truth Social prohl\u00e1sil<\/span><\/a><span dir=\"auto\">\u00a0, \u017ee \u017e\u00e1dn\u00fd z\u00e1stupce americk\u00e9 vl\u00e1dy nevkro\u010d\u00ed na jihoafrickou p\u016fdu, dokud budou pokra\u010dovat tyto zlo\u010diny z nen\u00e1visti proti b\u00edl\u00fdm Afrik\u00e1nc\u016fm a vyvlast\u0148ov\u00e1n\u00ed p\u016fdy.<\/span><\/p>\n<figure class=\"wp-block-embed is-type-rich is-provider-twitter wp-block-embed-twitter\">\n<div class=\"wp-block-embed__wrapper\">\n<div class=\"twitter-tweet twitter-tweet-rendered\"><iframe id=\"twitter-widget-1\" class=\"\" title=\"X P\u0159\u00edsp\u011bvek\" src=\"https:\/\/platform.twitter.com\/embed\/Tweet.html?dnt=true&amp;embedId=twitter-widget-1&amp;features=eyJ0ZndfdGltZWxpbmVfbGlzdCI6eyJidWNrZXQiOltdLCJ2ZXJzaW9uIjpudWxsfSwidGZ3X2ZvbGxvd2VyX2NvdW50X3N1bnNldCI6eyJidWNrZXQiOnRydWUsInZlcnNpb24iOm51bGx9LCJ0ZndfdHdlZXRfZWRpdF9iYWNrZW5kIjp7ImJ1Y2tldCI6Im9uIiwidmVyc2lvbiI6bnVsbH0sInRmd19yZWZzcmNfc2Vzc2lvbiI6eyJidWNrZXQiOiJvbiIsInZlcnNpb24iOm51bGx9LCJ0ZndfZm9zbnJfc29mdF9pbnRlcnZlbnRpb25zX2VuYWJsZWQiOnsiYnVja2V0Ijoib24iLCJ2ZXJzaW9uIjpudWxsfSwidGZ3X21peGVkX21lZGlhXzE1ODk3Ijp7ImJ1Y2tldCI6InRyZWF0bWVudCIsInZlcnNpb24iOm51bGx9LCJ0ZndfZXhwZXJpbWVudHNfY29va2llX2V4cGlyYXRpb24iOnsiYnVja2V0IjoxMjA5NjAwLCJ2ZXJzaW9uIjpudWxsfSwidGZ3X3Nob3dfYmlyZHdhdGNoX3Bpdm90c19lbmFibGVkIjp7ImJ1Y2tldCI6Im9uIiwidmVyc2lvbiI6bnVsbH0sInRmd19kdXBsaWNhdGVfc2NyaWJlc190b19zZXR0aW5ncyI6eyJidWNrZXQiOiJvbiIsInZlcnNpb24iOm51bGx9LCJ0ZndfdXNlX3Byb2ZpbGVfaW1hZ2Vfc2hhcGVfZW5hYmxlZCI6eyJidWNrZXQiOiJvbiIsInZlcnNpb24iOm51bGx9LCJ0ZndfdmlkZW9faGxzX2R5bmFtaWNfbWFuaWZlc3RzXzE1MDgyIjp7ImJ1Y2tldCI6InRydWVfYml0cmF0ZSIsInZlcnNpb24iOm51bGx9LCJ0ZndfbGVnYWN5X3RpbWVsaW5lX3N1bnNldCI6eyJidWNrZXQiOnRydWUsInZlcnNpb24iOm51bGx9LCJ0ZndfdHdlZXRfZWRpdF9mcm9udGVuZCI6eyJidWNrZXQiOiJvbiIsInZlcnNpb24iOm51bGx9fQ%3D%3D&amp;frame=false&amp;hideCard=false&amp;hideThread=false&amp;id=1841172652045844861&amp;lang=de&amp;origin=https%3A%2F%2Freport24.news%2Ftrump-keine-us-delegation-zum-g20-gipfel-in-suedafrika-solidaritaet-mit-den-afrikaanern%2F&amp;sessionId=b008bc5cfd9904bef7244a5ff7977e13df3841b6&amp;theme=light&amp;widgetsVersion=2615f7e52b7e0%3A1702314776716&amp;width=550px\" frameborder=\"0\" scrolling=\"no\" allowfullscreen=\"allowfullscreen\" data-tweet-id=\"1841172652045844861\" data-mce-fragment=\"1\"><\/iframe><\/div>\n<\/div>\n<\/figure>\n<p><span dir=\"auto\">Zpr\u00e1vy o brut\u00e1ln\u00edch \u00fatoc\u00edch, zn\u00e1siln\u011bn\u00edch a vra\u017ed\u00e1ch b\u00edl\u00fdch farm\u00e1\u0159\u016f se mno\u017e\u00ed u\u017e l\u00e9ta. Organizace pro lidsk\u00e1 pr\u00e1va a mainstreamov\u00fd z\u00e1padn\u00ed tisk situaci v Ji\u017en\u00ed Africe do zna\u010dn\u00e9 m\u00edry ignoruj\u00ed nebo dokonce bagatelizuj\u00ed. Zjevn\u011b pova\u017euj\u00ed za p\u0159ijateln\u00e9, kdy\u017e \u010derno\u0161i vra\u017ed\u00ed b\u00edl\u00e9 lidi.<\/span><\/p>\n<figure class=\"wp-block-embed is-type-rich is-provider-twitter wp-block-embed-twitter\">\n<div class=\"wp-block-embed__wrapper\">\n<div class=\"twitter-tweet twitter-tweet-rendered\"><iframe id=\"twitter-widget-2\" class=\"\" title=\"X P\u0159\u00edsp\u011bvek\" src=\"https:\/\/platform.twitter.com\/embed\/Tweet.html?dnt=true&amp;embedId=twitter-widget-2&amp;features=eyJ0ZndfdGltZWxpbmVfbGlzdCI6eyJidWNrZXQiOltdLCJ2ZXJzaW9uIjpudWxsfSwidGZ3X2ZvbGxvd2VyX2NvdW50X3N1bnNldCI6eyJidWNrZXQiOnRydWUsInZlcnNpb24iOm51bGx9LCJ0ZndfdHdlZXRfZWRpdF9iYWNrZW5kIjp7ImJ1Y2tldCI6Im9uIiwidmVyc2lvbiI6bnVsbH0sInRmd19yZWZzcmNfc2Vzc2lvbiI6eyJidWNrZXQiOiJvbiIsInZlcnNpb24iOm51bGx9LCJ0ZndfZm9zbnJfc29mdF9pbnRlcnZlbnRpb25zX2VuYWJsZWQiOnsiYnVja2V0Ijoib24iLCJ2ZXJzaW9uIjpudWxsfSwidGZ3X21peGVkX21lZGlhXzE1ODk3Ijp7ImJ1Y2tldCI6InRyZWF0bWVudCIsInZlcnNpb24iOm51bGx9LCJ0ZndfZXhwZXJpbWVudHNfY29va2llX2V4cGlyYXRpb24iOnsiYnVja2V0IjoxMjA5NjAwLCJ2ZXJzaW9uIjpudWxsfSwidGZ3X3Nob3dfYmlyZHdhdGNoX3Bpdm90c19lbmFibGVkIjp7ImJ1Y2tldCI6Im9uIiwidmVyc2lvbiI6bnVsbH0sInRmd19kdXBsaWNhdGVfc2NyaWJlc190b19zZXR0aW5ncyI6eyJidWNrZXQiOiJvbiIsInZlcnNpb24iOm51bGx9LCJ0ZndfdXNlX3Byb2ZpbGVfaW1hZ2Vfc2hhcGVfZW5hYmxlZCI6eyJidWNrZXQiOiJvbiIsInZlcnNpb24iOm51bGx9LCJ0ZndfdmlkZW9faGxzX2R5bmFtaWNfbWFuaWZlc3RzXzE1MDgyIjp7ImJ1Y2tldCI6InRydWVfYml0cmF0ZSIsInZlcnNpb24iOm51bGx9LCJ0ZndfbGVnYWN5X3RpbWVsaW5lX3N1bnNldCI6eyJidWNrZXQiOnRydWUsInZlcnNpb24iOm51bGx9LCJ0ZndfdHdlZXRfZWRpdF9mcm9udGVuZCI6eyJidWNrZXQiOiJvbiIsInZlcnNpb24iOm51bGx9fQ%3D%3D&amp;frame=false&amp;hideCard=false&amp;hideThread=false&amp;id=1707999271679930864&amp;lang=de&amp;origin=https%3A%2F%2Freport24.news%2Ftrump-keine-us-delegation-zum-g20-gipfel-in-suedafrika-solidaritaet-mit-den-afrikaanern%2F&amp;sessionId=b008bc5cfd9904bef7244a5ff7977e13df3841b6&amp;theme=light&amp;widgetsVersion=2615f7e52b7e0%3A1702314776716&amp;width=550px\" frameborder=\"0\" scrolling=\"no\" allowfullscreen=\"allowfullscreen\" data-tweet-id=\"1707999271679930864\" data-mce-fragment=\"1\"><\/iframe><\/div>\n<\/div>\n<\/figure>\n<p><span dir=\"auto\">Mezit\u00edm zem\u011bd\u011blsk\u00e1 produkce zem\u011b trp\u00ed v d\u016fsledku t\u011bchto n\u00e1jezd\u016f a vyvlast\u0148ov\u00e1n\u00ed. Je to proto, \u017ee pr\u00e1v\u011b b\u00edl\u00ed farm\u00e1\u0159i, B\u00farov\u00e9, zaji\u0161\u0165uj\u00ed potravinovou bezpe\u010dnost Ji\u017en\u00ed Afriky a dokonce produkuj\u00ed dostatek zem\u011bd\u011blsk\u00fdch produkt\u016f k exportu.<\/span><\/p>\n<figure class=\"wp-block-embed is-type-rich is-provider-twitter wp-block-embed-twitter\">\n<div class=\"wp-block-embed__wrapper\">\n<div class=\"twitter-tweet twitter-tweet-rendered\"><iframe id=\"twitter-widget-3\" class=\"\" title=\"X P\u0159\u00edsp\u011bvek\" src=\"https:\/\/platform.twitter.com\/embed\/Tweet.html?dnt=true&amp;embedId=twitter-widget-3&amp;features=eyJ0ZndfdGltZWxpbmVfbGlzdCI6eyJidWNrZXQiOltdLCJ2ZXJzaW9uIjpudWxsfSwidGZ3X2ZvbGxvd2VyX2NvdW50X3N1bnNldCI6eyJidWNrZXQiOnRydWUsInZlcnNpb24iOm51bGx9LCJ0ZndfdHdlZXRfZWRpdF9iYWNrZW5kIjp7ImJ1Y2tldCI6Im9uIiwidmVyc2lvbiI6bnVsbH0sInRmd19yZWZzcmNfc2Vzc2lvbiI6eyJidWNrZXQiOiJvbiIsInZlcnNpb24iOm51bGx9LCJ0ZndfZm9zbnJfc29mdF9pbnRlcnZlbnRpb25zX2VuYWJsZWQiOnsiYnVja2V0Ijoib24iLCJ2ZXJzaW9uIjpudWxsfSwidGZ3X21peGVkX21lZGlhXzE1ODk3Ijp7ImJ1Y2tldCI6InRyZWF0bWVudCIsInZlcnNpb24iOm51bGx9LCJ0ZndfZXhwZXJpbWVudHNfY29va2llX2V4cGlyYXRpb24iOnsiYnVja2V0IjoxMjA5NjAwLCJ2ZXJzaW9uIjpudWxsfSwidGZ3X3Nob3dfYmlyZHdhdGNoX3Bpdm90c19lbmFibGVkIjp7ImJ1Y2tldCI6Im9uIiwidmVyc2lvbiI6bnVsbH0sInRmd19kdXBsaWNhdGVfc2NyaWJlc190b19zZXR0aW5ncyI6eyJidWNrZXQiOiJvbiIsInZlcnNpb24iOm51bGx9LCJ0ZndfdXNlX3Byb2ZpbGVfaW1hZ2Vfc2hhcGVfZW5hYmxlZCI6eyJidWNrZXQiOiJvbiIsInZlcnNpb24iOm51bGx9LCJ0ZndfdmlkZW9faGxzX2R5bmFtaWNfbWFuaWZlc3RzXzE1MDgyIjp7ImJ1Y2tldCI6InRydWVfYml0cmF0ZSIsInZlcnNpb24iOm51bGx9LCJ0ZndfbGVnYWN5X3RpbWVsaW5lX3N1bnNldCI6eyJidWNrZXQiOnRydWUsInZlcnNpb24iOm51bGx9LCJ0ZndfdHdlZXRfZWRpdF9mcm9udGVuZCI6eyJidWNrZXQiOiJvbiIsInZlcnNpb24iOm51bGx9fQ%3D%3D&amp;frame=false&amp;hideCard=false&amp;hideThread=false&amp;id=1850964152635781568&amp;lang=de&amp;origin=https%3A%2F%2Freport24.news%2Ftrump-keine-us-delegation-zum-g20-gipfel-in-suedafrika-solidaritaet-mit-den-afrikaanern%2F&amp;sessionId=b008bc5cfd9904bef7244a5ff7977e13df3841b6&amp;theme=light&amp;widgetsVersion=2615f7e52b7e0%3A1702314776716&amp;width=550px\" frameborder=\"0\" scrolling=\"no\" allowfullscreen=\"allowfullscreen\" data-tweet-id=\"1850964152635781568\" data-mce-fragment=\"1\"><\/iframe><\/div>\n<\/div>\n<\/figure>\n<p><span dir=\"auto\">St\u00e1le v\u00edce \u00farodn\u00e9 p\u016fdy je v\u0161ak vyvlast\u0148ov\u00e1no a p\u0159id\u011blov\u00e1no \u010dernoch\u016fm, kte\u0159\u00ed si ji n\u00e1rokuj\u00ed. V d\u016fsledku toho tyto oblasti v\u011bt\u0161inou zar\u016fstaj\u00ed.<\/span><\/p>\n<figure class=\"wp-block-embed is-type-rich is-provider-twitter wp-block-embed-twitter\">\n<div class=\"wp-block-embed__wrapper\">\n<div class=\"twitter-tweet twitter-tweet-rendered\"><iframe id=\"twitter-widget-4\" class=\"\" title=\"X P\u0159\u00edsp\u011bvek\" src=\"https:\/\/platform.twitter.com\/embed\/Tweet.html?dnt=true&amp;embedId=twitter-widget-4&amp;features=eyJ0ZndfdGltZWxpbmVfbGlzdCI6eyJidWNrZXQiOltdLCJ2ZXJzaW9uIjpudWxsfSwidGZ3X2ZvbGxvd2VyX2NvdW50X3N1bnNldCI6eyJidWNrZXQiOnRydWUsInZlcnNpb24iOm51bGx9LCJ0ZndfdHdlZXRfZWRpdF9iYWNrZW5kIjp7ImJ1Y2tldCI6Im9uIiwidmVyc2lvbiI6bnVsbH0sInRmd19yZWZzcmNfc2Vzc2lvbiI6eyJidWNrZXQiOiJvbiIsInZlcnNpb24iOm51bGx9LCJ0ZndfZm9zbnJfc29mdF9pbnRlcnZlbnRpb25zX2VuYWJsZWQiOnsiYnVja2V0Ijoib24iLCJ2ZXJzaW9uIjpudWxsfSwidGZ3X21peGVkX21lZGlhXzE1ODk3Ijp7ImJ1Y2tldCI6InRyZWF0bWVudCIsInZlcnNpb24iOm51bGx9LCJ0ZndfZXhwZXJpbWVudHNfY29va2llX2V4cGlyYXRpb24iOnsiYnVja2V0IjoxMjA5NjAwLCJ2ZXJzaW9uIjpudWxsfSwidGZ3X3Nob3dfYmlyZHdhdGNoX3Bpdm90c19lbmFibGVkIjp7ImJ1Y2tldCI6Im9uIiwidmVyc2lvbiI6bnVsbH0sInRmd19kdXBsaWNhdGVfc2NyaWJlc190b19zZXR0aW5ncyI6eyJidWNrZXQiOiJvbiIsInZlcnNpb24iOm51bGx9LCJ0ZndfdXNlX3Byb2ZpbGVfaW1hZ2Vfc2hhcGVfZW5hYmxlZCI6eyJidWNrZXQiOiJvbiIsInZlcnNpb24iOm51bGx9LCJ0ZndfdmlkZW9faGxzX2R5bmFtaWNfbWFuaWZlc3RzXzE1MDgyIjp7ImJ1Y2tldCI6InRydWVfYml0cmF0ZSIsInZlcnNpb24iOm51bGx9LCJ0ZndfbGVnYWN5X3RpbWVsaW5lX3N1bnNldCI6eyJidWNrZXQiOnRydWUsInZlcnNpb24iOm51bGx9LCJ0ZndfdHdlZXRfZWRpdF9mcm9udGVuZCI6eyJidWNrZXQiOiJvbiIsInZlcnNpb24iOm51bGx9fQ%3D%3D&amp;frame=false&amp;hideCard=false&amp;hideThread=false&amp;id=1870130806401716364&amp;lang=de&amp;origin=https%3A%2F%2Freport24.news%2Ftrump-keine-us-delegation-zum-g20-gipfel-in-suedafrika-solidaritaet-mit-den-afrikaanern%2F&amp;sessionId=b008bc5cfd9904bef7244a5ff7977e13df3841b6&amp;theme=light&amp;widgetsVersion=2615f7e52b7e0%3A1702314776716&amp;width=550px\" frameborder=\"0\" scrolling=\"no\" allowfullscreen=\"allowfullscreen\" data-tweet-id=\"1870130806401716364\" data-mce-fragment=\"1\"><\/iframe><\/div>\n<\/div>\n<\/figure>\n<p><span dir=\"auto\">Dokonce i \u010derno\u0161\u0161t\u00ed intelektu\u00e1lov\u00e9 (viz tweet n\u00ed\u017ee) si nyn\u00ed uv\u011bdomuj\u00ed, \u017ee probl\u00e9mem nejsou b\u00edl\u00ed lid\u00e9, ale samotn\u00ed \u010derno\u0161i. Proto\u017ee v\u0161ude v ji\u017en\u00ed Africe, kde se o zem\u011bd\u011blskou produkci starali b\u00edl\u00ed farm\u00e1\u0159i, bylo dostatek j\u00eddla. Dnes, po masov\u00e9m vyvlast\u0148ov\u00e1n\u00ed, vys\u00eddlov\u00e1n\u00ed a vra\u017ed\u00e1ch, ji\u017e neexistuje \u017e\u00e1dn\u00e1 potravinov\u00e1 bezpe\u010dnost.<\/span><\/p>\n<figure class=\"wp-block-embed is-type-rich is-provider-twitter wp-block-embed-twitter\">\n<div class=\"wp-block-embed__wrapper\">\n<div class=\"twitter-tweet twitter-tweet-rendered\"><iframe id=\"twitter-widget-5\" class=\"\" title=\"X P\u0159\u00edsp\u011bvek\" src=\"https:\/\/platform.twitter.com\/embed\/Tweet.html?dnt=true&amp;embedId=twitter-widget-5&amp;features=eyJ0ZndfdGltZWxpbmVfbGlzdCI6eyJidWNrZXQiOltdLCJ2ZXJzaW9uIjpudWxsfSwidGZ3X2ZvbGxvd2VyX2NvdW50X3N1bnNldCI6eyJidWNrZXQiOnRydWUsInZlcnNpb24iOm51bGx9LCJ0ZndfdHdlZXRfZWRpdF9iYWNrZW5kIjp7ImJ1Y2tldCI6Im9uIiwidmVyc2lvbiI6bnVsbH0sInRmd19yZWZzcmNfc2Vzc2lvbiI6eyJidWNrZXQiOiJvbiIsInZlcnNpb24iOm51bGx9LCJ0ZndfZm9zbnJfc29mdF9pbnRlcnZlbnRpb25zX2VuYWJsZWQiOnsiYnVja2V0Ijoib24iLCJ2ZXJzaW9uIjpudWxsfSwidGZ3X21peGVkX21lZGlhXzE1ODk3Ijp7ImJ1Y2tldCI6InRyZWF0bWVudCIsInZlcnNpb24iOm51bGx9LCJ0ZndfZXhwZXJpbWVudHNfY29va2llX2V4cGlyYXRpb24iOnsiYnVja2V0IjoxMjA5NjAwLCJ2ZXJzaW9uIjpudWxsfSwidGZ3X3Nob3dfYmlyZHdhdGNoX3Bpdm90c19lbmFibGVkIjp7ImJ1Y2tldCI6Im9uIiwidmVyc2lvbiI6bnVsbH0sInRmd19kdXBsaWNhdGVfc2NyaWJlc190b19zZXR0aW5ncyI6eyJidWNrZXQiOiJvbiIsInZlcnNpb24iOm51bGx9LCJ0ZndfdXNlX3Byb2ZpbGVfaW1hZ2Vfc2hhcGVfZW5hYmxlZCI6eyJidWNrZXQiOiJvbiIsInZlcnNpb24iOm51bGx9LCJ0ZndfdmlkZW9faGxzX2R5bmFtaWNfbWFuaWZlc3RzXzE1MDgyIjp7ImJ1Y2tldCI6InRydWVfYml0cmF0ZSIsInZlcnNpb24iOm51bGx9LCJ0ZndfbGVnYWN5X3RpbWVsaW5lX3N1bnNldCI6eyJidWNrZXQiOnRydWUsInZlcnNpb24iOm51bGx9LCJ0ZndfdHdlZXRfZWRpdF9mcm9udGVuZCI6eyJidWNrZXQiOiJvbiIsInZlcnNpb24iOm51bGx9fQ%3D%3D&amp;frame=false&amp;hideCard=false&amp;hideThread=false&amp;id=1938296213339836907&amp;lang=de&amp;origin=https%3A%2F%2Freport24.news%2Ftrump-keine-us-delegation-zum-g20-gipfel-in-suedafrika-solidaritaet-mit-den-afrikaanern%2F&amp;sessionId=b008bc5cfd9904bef7244a5ff7977e13df3841b6&amp;theme=light&amp;widgetsVersion=2615f7e52b7e0%3A1702314776716&amp;width=550px\" frameborder=\"0\" scrolling=\"no\" allowfullscreen=\"allowfullscreen\" data-tweet-id=\"1938296213339836907\" data-mce-fragment=\"1\"><\/iframe><\/div>\n<\/div>\n<\/figure>\n<p><span dir=\"auto\">Jihoafrick\u00e1 vl\u00e1da\u00a0<\/span><a href=\"https:\/\/dirco.gov.za\/south-africa-notes-president-trumps-regrettable-truth-social-post\/\"><span dir=\"auto\">reagovala<\/span><\/a><span dir=\"auto\"> p\u0159edv\u00eddateln\u011b s rozho\u0159\u010den\u00edm a ozna\u010dila Trumpova prohl\u00e1\u0161en\u00ed za \u201epolitov\u00e1n\u00edhodn\u00e1\u201c a \u201enehistorick\u00e1\u201c. Tat\u00e1\u017e vl\u00e1da, kter\u00e1 legalizovala vyvlast\u0148ov\u00e1n\u00ed p\u016fdy bez n\u00e1hrady, se najednou chce postavit roli historick\u00e9ho experta. Ofici\u00e1ln\u00ed narativ je, \u017ee b\u00edl\u00ed farm\u00e1\u0159i nejsou ob\u011b\u0165mi, ale poz\u016fstatky koloni\u00e1ln\u00ed minulosti. Nebezpe\u010dn\u00e1 hra, kter\u00e1 nejen ni\u010d\u00ed zem\u011bd\u011blskou produkci, ale tak\u00e9 ni\u010d\u00ed z\u00e1klady spole\u010dnosti.<\/span><\/p>\n<p><span dir=\"auto\">Tato etnick\u00e1 \u010distka, naz\u00fdvan\u00e1 \u201edekolonizace\u201c, byla na Z\u00e1pad\u011b po cel\u00e1 desetilet\u00ed v\u00edcem\u00e9n\u011b ignorov\u00e1na. Bez Donalda Trumpa (a Elona Muska) by Afrik\u00e1ne\u0159i st\u00e1le nem\u011bli na sv\u011btov\u00e9 sc\u00e9n\u011b \u017e\u00e1dn\u00fd hlas. Trumpovo zru\u0161en\u00ed summitu znamen\u00e1 konec diplomatick\u00e9ho pokrytectv\u00ed. Vys\u00edl\u00e1 sign\u00e1l t\u011bm zem\u00edm, kter\u00e9 v\u011b\u0159\u00ed, \u017ee mohou z\u00edsk\u00e1vat z\u00e1padn\u00ed pomoc a z\u00e1rove\u0148 prosazovat protiz\u00e1padn\u00ed politiku.<\/span><\/p>\n<p><img decoding=\"async\" loading=\"lazy\" class=\"alignnone size-full wp-image-1185\" src=\"http:\/\/www.infokuryr.cz\/n\/wp-content\/uploads\/2021\/04\/kuryr-podpis.png\" alt=\"\" width=\"84\" height=\"24\" \/><\/p>\n<p>&nbsp;<\/p>\n","protected":false},"excerpt":{"rendered":"<p>Od doby, kdy se v Ji\u017en\u00ed Africe dostala k moci levicov\u00e1 strana ANC, jsou b\u00edl\u00ed&#8230;<\/p>\n","protected":false},"author":2,"featured_media":91819,"comment_status":"closed","ping_status":"closed","sticky":false,"template":"","format":"standard","meta":[],"categories":[7],"tags":[50,900,452],"_links":{"self":[{"href":"https:\/\/www.infokuryr.cz\/n\/wp-json\/wp\/v2\/posts\/91818"}],"collection":[{"href":"https:\/\/www.infokuryr.cz\/n\/wp-json\/wp\/v2\/posts"}],"about":[{"href":"https:\/\/www.infokuryr.cz\/n\/wp-json\/wp\/v2\/types\/post"}],"author":[{"embeddable":true,"href":"https:\/\/www.infokuryr.cz\/n\/wp-json\/wp\/v2\/users\/2"}],"replies":[{"embeddable":true,"href":"https:\/\/www.infokuryr.cz\/n\/wp-json\/wp\/v2\/comments?post=91818"}],"version-history":[{"count":0,"href":"https:\/\/www.infokuryr.cz\/n\/wp-json\/wp\/v2\/posts\/91818\/revisions"}],"wp:featuredmedia":[{"embeddable":true,"href":"https:\/\/www.infokuryr.cz\/n\/wp-json\/wp\/v2\/media\/91819"}],"wp:attachment":[{"href":"https:\/\/www.infokuryr.cz\/n\/wp-json\/wp\/v2\/media?parent=91818"}],"wp:term":[{"taxonomy":"category","embeddable":true,"href":"https:\/\/www.infokuryr.cz\/n\/wp-json\/wp\/v2\/categories?post=91818"},{"taxonomy":"post_tag","embeddable":true,"href":"https:\/\/www.infokuryr.cz\/n\/wp-json\/wp\/v2\/tags?post=91818"}],"curies":[{"name":"wp","href":"https:\/\/api.w.org\/{rel}","templated":true}]}}