{"id":91807,"date":"2025-11-10T00:15:03","date_gmt":"2025-11-09T23:15:03","guid":{"rendered":"https:\/\/www.infokuryr.cz\/n\/?p=91807"},"modified":"2025-11-09T13:59:55","modified_gmt":"2025-11-09T12:59:55","slug":"brusel-si-z-nas-dela-hlupaky-klimaticke-silenstvi-se-ted-prodava-jako-kompromis","status":"publish","type":"post","link":"https:\/\/www.infokuryr.cz\/n\/2025\/11\/10\/brusel-si-z-nas-dela-hlupaky-klimaticke-silenstvi-se-ted-prodava-jako-kompromis\/","title":{"rendered":"Brusel si z n\u00e1s d\u011bl\u00e1 hlup\u00e1ky: Klimatick\u00e9 \u0161\u00edlenstv\u00ed se te\u010f prod\u00e1v\u00e1 jako \u201ekompromis\u201c"},"content":{"rendered":"<div id=\"fb-root\"><\/div>\n<p><strong><span dir=\"auto\">Brusel oslavuje \u00fadajn\u00e9 \u201eoslaben\u00ed klimatick\u00fdch c\u00edl\u016f\u201c p\u0159ed summitem COP30 jako pragmatick\u00fd kompromis, ale ve skute\u010dnosti jde o posledn\u00ed zoufal\u00fd pokus zamaskovat zelenou hysterii jako realpolitiku. Nakonec se pro lidi ani pro ekonomiku ve skute\u010dnosti nic nezm\u011bn\u00ed. Sna\u017e\u00ed se snad ve\u0159ejnost oklamat?<\/span><\/strong><\/p>\n<p><span dir=\"auto\">Brusel\u0161t\u00ed eurokrat\u00e9 se st\u00e1le dr\u017e\u00ed c\u00edle \u201enulov\u00fdch \u010dist\u00fdch emis\u00ed\u201c. Propagandov\u011b propagovan\u00e9 \u201e\u00a0<\/span><a href=\"https:\/\/www.msn.com\/en-us\/news\/world\/eu-agrees-weakened-climate-target-in-final-hour-deal-for-cop30\/ar-AA1PQzZi\"><span dir=\"auto\">oslaben\u00ed klimatick\u00fdch c\u00edl\u016f<\/span><\/a><span dir=\"auto\"> \u201c v\u0161ak nen\u00ed nic jin\u00e9ho ne\u017e odv\u00e1d\u011bc\u00ed taktika. I kdy\u017e tvrd\u00ed, \u017ee cht\u011bj\u00ed do roku 2040 sn\u00ed\u017eit emise CO2 o 85 procent m\u00edsto 90 procent (a zbytek pokr\u00fdt certifik\u00e1ty ze zahrani\u010d\u00ed), nakonec se nic nem\u011bn\u00ed. Jde p\u0159edev\u0161\u00edm o kosmetick\u00e9 zm\u011bny, dohodnut\u00e9 v \u201ekompromisu\u201c p\u0159ed summitem COP30 v Braz\u00edlii tv\u00e1\u0159\u00ed v tv\u00e1\u0159 rostouc\u00edmu tlaku ve\u0159ejnosti a pr\u016fmyslu.<\/span><\/p>\n<p><span dir=\"auto\">Ale ka\u017ed\u00fd, kdo si mysl\u00ed, \u017ee Brusel projevil alespo\u0148 trochu rozumu, se hluboce m\u00fdl\u00ed. To, co se lidem zde prod\u00e1v\u00e1 jako \u201epragmatick\u00e1 \u00faprava\u201c, je ve skute\u010dnosti pokus zamaskovat zelenou hysterii rou\u0161kou realismu, ani\u017e by ji skute\u010dn\u011b ukon\u010dil. Ideologie z\u016fst\u00e1v\u00e1 stejn\u00e1, m\u011bn\u00ed se pouze obal. Cht\u011bj\u00ed i nad\u00e1le uklid\u0148ovat klimatick\u00e9 bohy, a\u0165 to stoj\u00ed cokoli \u2013 i kdyby bylo nutn\u00e9 ob\u011btovat cel\u00e1 pr\u016fmyslov\u00e1 odv\u011btv\u00ed. T\u011bch p\u00e1r \u00fastupk\u016f ekonomick\u00e9 realit\u011b nen\u00ed vyj\u00e1d\u0159en\u00edm vhledu, ale strachu.<\/span><\/p>\n<p><span dir=\"auto\">Proto\u017ee si st\u00e1le v\u00edce ob\u010dan\u016f uv\u011bdomuje, \u017ee trp\u00ed v\u0161eobecnou klimatickou hysteri\u00ed, a st\u00e1le v\u00edce se obrac\u00ed k t\u011bm stran\u00e1m, kter\u00e9 tuto politiku kritizuj\u00ed. Samotn\u00fd podnikatelsk\u00fd sektor u\u017e hlasuje nohama. M\u00edsto investic v N\u011bmecku a Evrop\u011b pen\u00edze te\u010dou do zahrani\u010d\u00ed. Do m\u00edst, kde je energie levn\u00e1 a dod\u00e1vky stabiln\u00ed. Do zem\u00ed, kter\u00e9 st\u00e1le nab\u00edzej\u00ed rozumn\u00e9 podm\u00ednky pro v\u00fdrobu zbo\u017e\u00ed.<\/span><\/p>\n<p><span dir=\"auto\">To, \u017ee se tato pod\u00edvan\u00e1 odehr\u00e1la kr\u00e1tce p\u0159ed COP30 v Braz\u00edlii, nen\u00ed n\u00e1hoda. C\u00edlem je sv\u011btu uk\u00e1zat, \u017ee Evropa i nad\u00e1le prokazuje sv\u00e9 \u201ev\u016fd\u010d\u00ed postaven\u00ed\u201c \u2013 stejnou p\u0159ehnanou sebed\u016fv\u011bru, kter\u00e1 vedla k ekonomick\u00e9mu sebepo\u0161kozov\u00e1n\u00ed v r\u00e1mci Zelen\u00e9 dohody. U\u017e nejde o klima, ale o mor\u00e1ln\u00ed p\u00f3zov\u00e1n\u00ed. Zem\u011b jako Polsko, Ma\u010farsko a Slovensko, kter\u00e9 se bou\u0159\u00ed proti c\u00edli pro rok 2040, st\u00e1le projevuj\u00ed smysl pro realismus a odm\u00edtaj\u00ed se pod\u0159\u00eddit bruselsk\u00e9 klimatick\u00e9 tyranii.<\/span><\/p>\n<p><span dir=\"auto\">Obzvl\u00e1\u0161t\u011b odhaluj\u00edc\u00ed je, \u017ee zaveden\u00ed nov\u00e9ho trhu s emisemi bylo sou\u010dasn\u011b odlo\u017eeno na rok 2028. \u00dadajn\u011b se t\u00edm m\u00e1 vytvo\u0159it \u201ejistota v pl\u00e1nov\u00e1n\u00ed\u201c \u2013 ve skute\u010dnosti je to v\u0161ak pouze p\u0159izn\u00e1n\u00ed, \u017ee i ti nejzaryt\u011bj\u0161\u00ed klimati\u010dt\u00ed fanatici v\u011bd\u00ed, \u017ee jejich vlastn\u00ed c\u00edle \u201eudr\u017eitelnosti\u201c jsou nedosa\u017eiteln\u00e9. Proto\u017ee jedin\u00fdm udr\u017eiteln\u00fdm d\u016fsledkem t\u00e9to politiky je trval\u00fd ekonomick\u00fd pokles.<\/span><\/p>\n<p><span dir=\"auto\">Tak\u017ee jde jen o n\u011bjak\u00e9 kosmetick\u00e9 \u00fapravy, p\u00e1r odklad\u016f, ale nakonec v\u0161echno z\u016fstane p\u0159i star\u00e9m. Metaforick\u00e1 \u017e\u00e1ba se te\u010f bude jen va\u0159it o n\u011bco pomaleji, ne\u017e bylo p\u016fvodn\u011b zam\u00fd\u0161leno. Ale bude se va\u0159it, proto\u017ee to tak cht\u011bj\u00ed klimaticky \u0161\u00edlen\u00ed brusel\u0161t\u00ed eurokrat\u00e9.<\/span><\/p>\n<p><img decoding=\"async\" loading=\"lazy\" class=\"alignnone size-full wp-image-1185\" src=\"http:\/\/www.infokuryr.cz\/n\/wp-content\/uploads\/2021\/04\/kuryr-podpis.png\" alt=\"\" width=\"84\" height=\"24\" \/><\/p>\n<p>&nbsp;<\/p>\n","protected":false},"excerpt":{"rendered":"<p>Brusel oslavuje \u00fadajn\u00e9 \u201eoslaben\u00ed klimatick\u00fdch c\u00edl\u016f\u201c p\u0159ed summitem COP30 jako pragmatick\u00fd kompromis, ale ve skute\u010dnosti&#8230;<\/p>\n","protected":false},"author":2,"featured_media":91808,"comment_status":"closed","ping_status":"closed","sticky":false,"template":"","format":"standard","meta":[],"categories":[7],"tags":[640,41,873],"_links":{"self":[{"href":"https:\/\/www.infokuryr.cz\/n\/wp-json\/wp\/v2\/posts\/91807"}],"collection":[{"href":"https:\/\/www.infokuryr.cz\/n\/wp-json\/wp\/v2\/posts"}],"about":[{"href":"https:\/\/www.infokuryr.cz\/n\/wp-json\/wp\/v2\/types\/post"}],"author":[{"embeddable":true,"href":"https:\/\/www.infokuryr.cz\/n\/wp-json\/wp\/v2\/users\/2"}],"replies":[{"embeddable":true,"href":"https:\/\/www.infokuryr.cz\/n\/wp-json\/wp\/v2\/comments?post=91807"}],"version-history":[{"count":0,"href":"https:\/\/www.infokuryr.cz\/n\/wp-json\/wp\/v2\/posts\/91807\/revisions"}],"wp:featuredmedia":[{"embeddable":true,"href":"https:\/\/www.infokuryr.cz\/n\/wp-json\/wp\/v2\/media\/91808"}],"wp:attachment":[{"href":"https:\/\/www.infokuryr.cz\/n\/wp-json\/wp\/v2\/media?parent=91807"}],"wp:term":[{"taxonomy":"category","embeddable":true,"href":"https:\/\/www.infokuryr.cz\/n\/wp-json\/wp\/v2\/categories?post=91807"},{"taxonomy":"post_tag","embeddable":true,"href":"https:\/\/www.infokuryr.cz\/n\/wp-json\/wp\/v2\/tags?post=91807"}],"curies":[{"name":"wp","href":"https:\/\/api.w.org\/{rel}","templated":true}]}}