{"id":91805,"date":"2025-11-10T00:14:26","date_gmt":"2025-11-09T23:14:26","guid":{"rendered":"https:\/\/www.infokuryr.cz\/n\/?p=91805"},"modified":"2025-11-09T13:57:34","modified_gmt":"2025-11-09T12:57:34","slug":"nova-pokuta-pro-ridice-elektromobilu-britska-vlada-zavadi-poplatek-platba-za-mili","status":"publish","type":"post","link":"https:\/\/www.infokuryr.cz\/n\/2025\/11\/10\/nova-pokuta-pro-ridice-elektromobilu-britska-vlada-zavadi-poplatek-platba-za-mili\/","title":{"rendered":"Nov\u00e1 pokuta pro \u0159idi\u010de elektromobil\u016f: Britsk\u00e1 vl\u00e1da zav\u00e1d\u00ed poplatek \u201eplatba za m\u00edli\u201c"},"content":{"rendered":"<div id=\"fb-root\"><\/div>\n<p><strong><span dir=\"auto\">D\u00edru v britsk\u00e9 pokladn\u011b je t\u0159eba n\u011bjak zacelit, tak\u017ee socialist\u00e9 nyn\u00ed cht\u011bj\u00ed donutit majitele elektromobil\u016f platit. St\u00e1t koneckonc\u016f p\u0159ich\u00e1z\u00ed o obrovsk\u00e9 \u010d\u00e1stky na dani z pohonn\u00fdch hmot. Model \u201eelekt\u0159ina m\u00edsto benzinu\u201c pro st\u00e1tn\u00ed pokladnu prost\u011b nefunguje.<\/span><\/strong><\/p>\n<p><span dir=\"auto\">To nen\u00ed \u017e\u00e1dn\u00e9 p\u0159ekvapen\u00ed. Ve Velk\u00e9 Brit\u00e1nii pl\u00e1nuje socialistick\u00e1 vl\u00e1da zav\u00e9st od roku 2028 pro \u0159idi\u010de elektromobil\u016f novou\u00a0<\/span><a href=\"https:\/\/archive.fo\/SUJoR\"><span dir=\"auto\">da\u0148 \u201eplatba za m\u00edli\u201c<\/span><\/a><span dir=\"auto\"> : 3 pence za m\u00edli, co\u017e je asi 3,5 centu. V pr\u016fm\u011bru to bude ka\u017ed\u00e9ho majitele elektromobilu st\u00e1t dal\u0161\u00edch 250 liber (p\u0159ibli\u017en\u011b 290 eur) ro\u010dn\u011b. Zd\u016fvodn\u011bn\u00ed je ban\u00e1ln\u00ed a z\u00e1rove\u0148 odhaluj\u00edc\u00ed: st\u00e1t p\u0159ich\u00e1z\u00ed o p\u0159\u00edjmy z dan\u011b z pohonn\u00fdch hmot, tak\u017ee \u0159idi\u010di elektromobil\u016f si nyn\u00ed budou muset \u00fa\u010det platit sami.<\/span><\/p>\n<p><span dir=\"auto\">Odhaduje se, \u017ee s nucen\u00fdm p\u0159echodem na elektromobilitu da\u0148ov\u00e9 \u00fa\u0159ady ro\u010dn\u011b p\u0159ijdou o zdroj p\u0159\u00edjm\u016f v hodnot\u011b p\u0159ibli\u017en\u011b 30 miliard liber (p\u0159ibli\u017en\u011b 34,8 miliardy eur). Nikdo to samoz\u0159ejm\u011b otev\u0159en\u011b nep\u0159izn\u00e1, tak\u017ee nov\u00e1 da\u0148 je zabalena pod p\u0159\u00e1telsky zn\u011bj\u00edc\u00ed ozna\u010den\u00ed \u201eVED+\u201c. Ta jednodu\u0161e roz\u0161i\u0159uje st\u00e1vaj\u00edc\u00ed spot\u0159ebn\u00ed da\u0148 z vozidel p\u0159id\u00e1n\u00edm jak\u00e9hosi digit\u00e1ln\u00edho m\u00fdtn\u00e9ho syst\u00e9mu. Od \u0159idi\u010d\u016f se bude o\u010dek\u00e1vat, \u017ee odhadnou sv\u016fj ro\u010dn\u00ed ujet\u00fd po\u010det kilometr\u016f a zaplat\u00ed p\u0159edem. Pokud jezd\u00ed m\u00e9n\u011b, mohou si rozd\u00edl p\u0159en\u00e9st do dal\u0161\u00edho roku. Pokud jezd\u00ed v\u00edce, bude jim rozd\u00edl \u00fa\u010dtov\u00e1n.<\/span><\/p>\n<p><span dir=\"auto\">Ministerstvo financ\u00ed samoz\u0159ejm\u011b trv\u00e1 na tom, \u017ee se nejedn\u00e1 o sledovac\u00ed n\u00e1stroj \u2013 \u017e\u00e1dn\u00e9 GPS sledov\u00e1n\u00ed, \u017e\u00e1dn\u00e9 sledovac\u00ed aplikace. Ale museli byste b\u00fdt neuv\u011b\u0159iteln\u011b naivn\u00ed, abyste nevid\u011bli, kam tohle vede. Jakmile vl\u00e1da zjist\u00ed, kolik kdo jezd\u00ed, dal\u0161\u00ed krok \u2013 v\u011bd\u011bt, kde kdo jezd\u00ed \u2013 je jen technick\u00e1 formalita. Kamerov\u00e1 infrastruktura je ji\u017e na m\u00edst\u011b, stejn\u011b jako \u201echytr\u00e9 d\u00e1lnice\u201c. Tak\u017ee nejde jen o pen\u00edze \u2013 jde o kontrolu. A mohli by jednodu\u0161e kontrolovat po\u010det najet\u00fdch kilometr\u016f jednou ro\u010dn\u011b.<\/span><\/p>\n<p><span dir=\"auto\">Lobby elektromobil\u016f reaguje s pobou\u0159en\u00edm, jako by jim n\u011bkdo vzal Svat\u00fd gr\u00e1l. Koneckonc\u016f, cel\u00fd obchodn\u00ed model sekty zelen\u00fdch elektromobil\u016f byl postaven na k\u0159\u00ed\u017eov\u00e9m dotov\u00e1n\u00ed zbytkem spole\u010dnosti. Po l\u00e9ta vyb\u00edrali dotace na baterie, bezplatn\u00e9 nab\u00edjen\u00ed na ve\u0159ejn\u00fdch stanic\u00edch a osvobozen\u00ed od dan\u011b z vozidel \u2013 a nyn\u00ed p\u0159ich\u00e1z\u00ed okam\u017eik, kdy vl\u00e1da alespo\u0148 \u010d\u00e1ste\u010dn\u011b z\u00edsk\u00e1v\u00e1 sv\u00e9 dotace zp\u011bt. To, \u017ee je toto pobou\u0159en\u00ed obrovsk\u00e9, nikoho nep\u0159ekvapuje. \u0160\u00e9f Automobilov\u00e9 asociace (AA) to naz\u00fdv\u00e1 \u201edan\u00ed z hlavy na kolech\u201c.<\/span><\/p>\n<p><span dir=\"auto\">Argument vl\u00e1dy je v jist\u00e9m smyslu cynicky up\u0159\u00edmn\u00fd: jde prost\u011b o \u201espravedlnost\u201c. Koneckonc\u016f, \u0159idi\u010di benz\u00ednov\u00fdch aut plat\u00ed ro\u010dn\u011b v pr\u016fm\u011bru kolem 600 liber (asi 700 eur) na dan\u00edch z pohonn\u00fdch hmot, zat\u00edmco nad\u0161enci do elektromobil\u016f jezd\u00ed t\u00e9m\u011b\u0159 zadarmo. Tato r\u00e9torika o \u201espravedlnosti\u201c v\u0161ak zakr\u00fdv\u00e1 skute\u010dnost, \u017ee cel\u00fd syst\u00e9m byl od sam\u00e9ho za\u010d\u00e1tku zalo\u017een na ideologick\u00e9m klamu: emise byly pouze p\u0159esunuty ze silnice do elektr\u00e1rny. A zat\u00edmco ceny elekt\u0159iny kv\u016fli politice zelen\u00e9 energie prudce rostou, elektromobil se st\u00e1v\u00e1 pen\u011b\u017en\u00ed j\u00e1mou, kterou si brzy budou moci dovolit jen bohat\u00ed. Ale podle zakladatele WEF Klause Schwaba v budoucnu stejn\u011b nebudeme nic vlastnit \u201ea p\u0159esto budeme \u0161\u0165astn\u00ed\u201c.<\/span><\/p>\n<p><span dir=\"auto\">Ka\u017ed\u00fd, kdo sleduje d\u011bn\u00ed v zemi, v\u00ed, \u017ee tato da\u0148 je jen za\u010d\u00e1tek. V z\u00e1kulis\u00ed se ji\u017e hovo\u0159\u00ed o postupn\u00e9m zvy\u0161ov\u00e1n\u00ed sazby ze 3 penc\u00ed na 10 penc\u00ed (p\u0159ibli\u017en\u011b 12 cent\u016f), aby se skute\u010dn\u011b zacelila finan\u010dn\u00ed d\u00edra. Proto\u017ee odv\u011btv\u00ed elektromobil\u016f posedl\u00e9 klimatem je drah\u00e9 \u2013 baterie, infrastruktura, roz\u0161i\u0159ov\u00e1n\u00ed s\u00edt\u011b a dotace, to v\u0161e stoj\u00ed pen\u00edze. A nakonec to mus\u00ed zaplatit da\u0148ov\u00ed poplatn\u00edci a spot\u0159ebitel\u00e9 energie.<\/span><\/p>\n<p><span dir=\"auto\">A samoz\u0159ejm\u011b, dal\u0161\u00ed krok je ji\u017e p\u0159edv\u00eddateln\u00fd. Pokud se da\u0148ov\u00fd schodek i p\u0159es toto opat\u0159en\u00ed nezmen\u0161\u00ed, budou n\u00e1sledovat vol\u00e1n\u00ed po \u201einteligentn\u00edch cenov\u00fdch syst\u00e9mech\u201c, \u201etarifech za trasy zalo\u017een\u00fdch na emis\u00edch\u201c a \u201echytr\u00e9m zpoplatn\u011bn\u00ed silnic\u201c. Nebo snad n\u011bkdo skute\u010dn\u011b v\u011b\u0159il, \u017ee elektromobily nakonec nebudou zdan\u011bny stejn\u00fdm zp\u016fsobem jako vozidla se spalovac\u00edm motorem? Koneckonc\u016f mluv\u00edme o ohromuj\u00edc\u00edch miliardov\u00fdch \u010d\u00e1stk\u00e1ch na socialistick\u00e9 p\u0159erozd\u011blov\u00e1n\u00ed, na zabezpe\u010den\u00ed \u017eadatel\u016f o azyl, na zelen\u00e9 bl\u00e1znovstv\u00ed a dal\u0161\u00ed \u201evl\u00e1dn\u00ed d\u00e1vky\u201c. Britov\u00e9 jdou p\u0159\u00edkladem \u2013 a kdy se k nim p\u0159idaj\u00ed N\u011bmecko, Rakousko a dal\u0161\u00ed zem\u011b ovl\u00e1dan\u00e9 klimatick\u00fdmi fanatiky?<\/span><\/p>\n<p><img decoding=\"async\" loading=\"lazy\" class=\"alignnone size-full wp-image-1185\" src=\"http:\/\/www.infokuryr.cz\/n\/wp-content\/uploads\/2021\/04\/kuryr-podpis.png\" alt=\"\" width=\"84\" height=\"24\" \/><\/p>\n<p>&nbsp;<\/p>\n","protected":false},"excerpt":{"rendered":"<p>D\u00edru v britsk\u00e9 pokladn\u011b je t\u0159eba n\u011bjak zacelit, tak\u017ee socialist\u00e9 nyn\u00ed cht\u011bj\u00ed donutit majitele elektromobil\u016f&#8230;<\/p>\n","protected":false},"author":2,"featured_media":91806,"comment_status":"closed","ping_status":"closed","sticky":false,"template":"","format":"standard","meta":[],"categories":[7],"tags":[10051,61,1738],"_links":{"self":[{"href":"https:\/\/www.infokuryr.cz\/n\/wp-json\/wp\/v2\/posts\/91805"}],"collection":[{"href":"https:\/\/www.infokuryr.cz\/n\/wp-json\/wp\/v2\/posts"}],"about":[{"href":"https:\/\/www.infokuryr.cz\/n\/wp-json\/wp\/v2\/types\/post"}],"author":[{"embeddable":true,"href":"https:\/\/www.infokuryr.cz\/n\/wp-json\/wp\/v2\/users\/2"}],"replies":[{"embeddable":true,"href":"https:\/\/www.infokuryr.cz\/n\/wp-json\/wp\/v2\/comments?post=91805"}],"version-history":[{"count":0,"href":"https:\/\/www.infokuryr.cz\/n\/wp-json\/wp\/v2\/posts\/91805\/revisions"}],"wp:featuredmedia":[{"embeddable":true,"href":"https:\/\/www.infokuryr.cz\/n\/wp-json\/wp\/v2\/media\/91806"}],"wp:attachment":[{"href":"https:\/\/www.infokuryr.cz\/n\/wp-json\/wp\/v2\/media?parent=91805"}],"wp:term":[{"taxonomy":"category","embeddable":true,"href":"https:\/\/www.infokuryr.cz\/n\/wp-json\/wp\/v2\/categories?post=91805"},{"taxonomy":"post_tag","embeddable":true,"href":"https:\/\/www.infokuryr.cz\/n\/wp-json\/wp\/v2\/tags?post=91805"}],"curies":[{"name":"wp","href":"https:\/\/api.w.org\/{rel}","templated":true}]}}