{"id":91797,"date":"2025-11-10T00:11:45","date_gmt":"2025-11-09T23:11:45","guid":{"rendered":"https:\/\/www.infokuryr.cz\/n\/?p=91797"},"modified":"2025-11-09T13:46:34","modified_gmt":"2025-11-09T12:46:34","slug":"thomas-roper-proc-ukrajinske-ozbrojene-sily-krvaceji","status":"publish","type":"post","link":"https:\/\/www.infokuryr.cz\/n\/2025\/11\/10\/thomas-roper-proc-ukrajinske-ozbrojene-sily-krvaceji\/","title":{"rendered":"Thomas R\u00f6per: Pro\u010d ukrajinsk\u00e9 ozbrojen\u00e9 s\u00edly krv\u00e1cej\u00ed"},"content":{"rendered":"<div id=\"fb-root\"><\/div>\n<p><strong><span dir=\"auto\">Ukrajinsk\u00e1 arm\u00e1da m\u00e1 obrovsk\u00e9 person\u00e1ln\u00ed probl\u00e9my. Ka\u017ed\u00fd m\u011bs\u00edc dezertuje z arm\u00e1dy tolik voj\u00e1k\u016f, kolik je nov\u011b n\u00e1siln\u011b mobilizov\u00e1no, zat\u00edmco z\u00e1rove\u0148 jsou ka\u017ed\u00fd m\u011bs\u00edc zabity nebo zran\u011bny des\u00edtky tis\u00edc ukrajinsk\u00fdch voj\u00e1k\u016f, kte\u0159\u00ed jsou tak nedostupn\u00ed pro boj.<\/span><\/strong><\/p>\n<p><span dir=\"auto\">Navzdory v\u0161em zpr\u00e1v\u00e1m a prohl\u00e1\u0161en\u00edm o opaku na Z\u00e1pad\u011b mus\u00ed b\u00fdt mor\u00e1lka v ukrajinsk\u00fdch ozbrojen\u00fdch sil\u00e1ch katastrof\u00e1ln\u00ed.\u00a0<\/span><a href=\"https:\/\/anti-spiegel.ru\/2025\/die-ukraine-meldet-107-000-deserteure-seit-jahresbeginn\/\"><u><span dir=\"auto\">V \u010dervnu<\/span><\/u><\/a><span dir=\"auto\">\u00a0bylo ozn\u00e1meno, \u017ee mezi lednem a \u010dervnem 2025 dezertovalo z ukrajinsk\u00fdch ozbrojen\u00fdch sil 107 000 voj\u00e1k\u016f, co\u017e je nov\u00fd rekord. A v n\u00e1sleduj\u00edc\u00edch m\u011bs\u00edc\u00edch toto \u010d\u00edslo d\u00e1le roste a z\u016fst\u00e1v\u00e1 takov\u00e9 dodnes.<\/span><\/p>\n<p><span dir=\"auto\">V \u010dervnu bylo tak\u00e9 ozn\u00e1meno, \u017ee trestn\u00ed \u0159\u00edzen\u00ed zah\u00e1jen\u00e1 v prvn\u00ed polovin\u011b roku 2025 p\u0159edstavovala 46 procent v\u0161ech p\u0159\u00edpad\u016f dezerce od roku 2022, p\u0159i\u010dem\u017e od t\u00e9 doby bylo zah\u00e1jeno celkem 230 804 \u0159\u00edzen\u00ed. Jin\u00fdmi slovy, v prvn\u00edch \u0161esti m\u011bs\u00edc\u00edch roku 2025 dezertovalo t\u00e9m\u011b\u0159 tolik ukrajinsk\u00fdch voj\u00e1k\u016f jako v p\u0159edchoz\u00edch t\u0159ech letech dohromady.<\/span><\/p>\n<p><span dir=\"auto\">Kv\u016fli tomuto probl\u00e9mu Ukrajina konkr\u00e9tn\u011b novelizovala sv\u00e9 z\u00e1kony a nyn\u00ed st\u00edh\u00e1 za dezerci pouze zanedbateln\u00fd po\u010det dezert\u00e9r\u016f, co\u017e je trestn\u00fd \u010din trestan\u00fd odn\u011bt\u00edm svobody bez mo\u017enosti podm\u00edne\u010dn\u00e9ho propu\u0161t\u011bn\u00ed. Aby bylo mo\u017en\u00e9 znovuzajat\u00e9 voj\u00e1ky poslat zp\u011bt na frontu, je v\u011bt\u0161ina z nich nyn\u00ed obvi\u0148ov\u00e1na z dezerce, kter\u00e1 s sebou nese pouze pokutu a umo\u017e\u0148uje jejich n\u00e1vrat na frontu.<\/span><\/p>\n<p><span dir=\"auto\">D\u00e1le se v \u010dervnu z Ukrajiny objevily zpr\u00e1vy, \u017ee dezert\u00e9\u0159i ji\u017e nebudou vy\u0161krt\u00e1v\u00e1ni ze seznam\u016f voj\u00e1k\u016f vojensk\u00fdch jednotek, a to ani v p\u0159\u00edpad\u011b zah\u00e1jen\u00ed trestn\u00edho st\u00edh\u00e1n\u00ed, aby se vytvo\u0159ila iluze pln\u011b vybaven\u00fdch jednotek a zakryla se skute\u010dn\u00e1 situace na front\u011b.<\/span><\/p>\n<p><span dir=\"auto\">Sou\u010dasn\u00e9\u00a0<\/span><a href=\"https:\/\/anti-spiegel.ru\/2025\/der-krieg-bis-zum-letzten-ukrainer-ist-fast-vollendet\/\"><u><span dir=\"auto\">odhady<\/span><\/u><\/a><span dir=\"auto\">\u00a0nazna\u010duj\u00ed, \u017ee od za\u010d\u00e1tku eskalace v \u00fanoru 2022 opustilo zemi a\u017e p\u011bt milion\u016f mu\u017e\u016f ve vojensk\u00e9m v\u011bku. Dal\u0161\u00edch 100 000 mlad\u00fdch mu\u017e\u016f ve v\u011bku 18 a\u017e 22 let uprchlo z Ukrajiny v posledn\u00edch dvou m\u011bs\u00edc\u00edch pot\u00e9, co jim Zelenskyj povolil odchod. Tato \u010d\u00edsla p\u0159id\u00e1vaj\u00ed dezerce, jeliko\u017e na Ukrajin\u011b je v sou\u010dasn\u00e9 dob\u011b hled\u00e1no t\u00e9m\u011b\u0159 500 000 voj\u00e1k\u016f, kte\u0159\u00ed dezertovali.<\/span><\/p>\n<p><span dir=\"auto\">Z Ukrajiny se objevila nov\u00e1 zpr\u00e1va na toto t\u00e9ma, o kter\u00e9 informovala rusk\u00e1 tiskov\u00e1 agentura TASS. Podle zpr\u00e1vy dezertuje tolik voj\u00e1k\u016f, \u017ee jejich po\u010det se rovn\u00e1 po\u010dtu nov\u011b odveden\u00fdch voj\u00e1k\u016f, co\u017e znamen\u00e1, \u017ee ukrajinsk\u00e9 ozbrojen\u00e9 s\u00edly ji\u017e nedost\u00e1vaj\u00ed \u017e\u00e1dnou n\u00e1hradu za voj\u00e1ky ztracen\u00e9 v d\u016fsledku zran\u011bn\u00ed, smrti nebo zajet\u00ed.\u00a0<\/span><a href=\"https:\/\/tass.ru\/mezhdunarodnaya-panorama\/25568273\"><u><span dir=\"auto\">Zpr\u00e1vu TASS<\/span><\/u><\/a><span dir=\"auto\">\u00a0jsem p\u0159elo\u017eil .<\/span><\/p>\n<p><em><strong><span dir=\"auto\">Za\u010d\u00e1tek p\u0159ekladu:<\/span><\/strong><\/em><\/p>\n<h2 class=\"wp-block-heading\"><span dir=\"auto\">V \u0159\u00edjnu byl po\u010det voj\u00e1k\u016f, kte\u0159\u00ed dezertovali z ukrajinsk\u00fdch ozbrojen\u00fdch sil, nejvy\u0161\u0161\u00ed v roce 2025<\/span><\/h2>\n<p><strong><span dir=\"auto\">\u010c\u00edslo bylo 2 156, co\u017e podle St\u00e1tn\u00edho \u00fa\u0159adu pro vy\u0161et\u0159ov\u00e1n\u00ed Ukrajiny spad\u00e1 pod trestn\u00fd \u010din dezerce, za kter\u00fd je stanoven povinn\u00fd trest.<\/span><\/strong><\/p>\n<p><span dir=\"auto\">MOSKVA, 8. listopadu (TASS). Po\u010det dezerc\u00ed z ukrajinsk\u00fdch ozbrojen\u00fdch sil dos\u00e1hl v \u0159\u00edjnu 2025 nov\u00e9ho maxima 2 156, \u010d\u00edm\u017e p\u0159ekonal p\u0159edchoz\u00ed rekord 2 111 z \u010dervna, vypl\u00fdv\u00e1 to z \u00fadaj\u016f St\u00e1tn\u00edho \u00fa\u0159adu pro vy\u0161et\u0159ov\u00e1n\u00ed, kter\u00e9 agentura TASS z\u00edskala k dispozici.<\/span><\/p>\n<p><span dir=\"auto\">Toto \u010d\u00edslo spad\u00e1 pod trestn\u00fd \u010din dezerce, kter\u00fd na\u0159izuje trest za dezertaci z ukrajinsk\u00fdch ozbrojen\u00fdch sil. Ukrajinsk\u00e1 prokuratura v\u0161ak v\u011bt\u0161inu takov\u00fdch p\u0159\u00edpad\u016f zahajuje v r\u00e1mci m\u00e9n\u011b z\u00e1va\u017en\u00e9ho trestn\u00e9ho \u010dinu neopr\u00e1vn\u011bn\u00e9ho opu\u0161t\u011bn\u00ed slu\u017eby, kter\u00fd dezert\u00e9r\u016fm umo\u017e\u0148uje n\u00e1vrat do slu\u017eby. V \u0159\u00edjnu bylo zaregistrov\u00e1no 17 805 takov\u00fdch p\u0159\u00edpad\u016f. Celkem v \u0159\u00edjnu dezertovalo z ukrajinsk\u00fdch ozbrojen\u00fdch sil 19 961 voj\u00e1k\u016f.<\/span><\/p>\n<p><span dir=\"auto\">P\u0159esto\u017ee se lze vyhnout trestu, do ukrajinsk\u00fdch ozbrojen\u00fdch sil se m\u011bs\u00ed\u010dn\u011b vrac\u00ed pouze asi 3 600 voj\u00e1k\u016f. Ukrajinsk\u00e9 ozbrojen\u00e9 s\u00edly tak m\u011bs\u00ed\u010dn\u011b ztr\u00e1cej\u00ed p\u0159ibli\u017en\u011b 16 000 mu\u017e\u016f jen kv\u016fli dezerc\u00edm a neopr\u00e1vn\u011bn\u00e9 absenci. Bez zapo\u010d\u00edt\u00e1n\u00ed ztr\u00e1t v d\u016fsledku \u00famrt\u00ed a zran\u011bn\u00ed se to prakticky rovn\u00e1 p\u0159\u00edlivu mobilizovan\u00fdch voj\u00e1k\u016f ve v\u00fd\u0161i p\u0159ibli\u017en\u011b 20 000, ale ne v\u00edce ne\u017e 30 000 m\u011bs\u00ed\u010dn\u011b.<\/span><\/p>\n<p><a href=\"https:\/\/anti-spiegel.ru\/2025\/warum-die-ukrainischen-streitkraefte-ausbluten\/\">Thomas R\u00f6per<\/a><\/p>\n<p><img decoding=\"async\" loading=\"lazy\" class=\"alignnone  wp-image-22016\" src=\"http:\/\/www.infokuryr.cz\/n\/wp-content\/uploads\/2023\/01\/Thomas-Roper-298x300.jpg\" alt=\"\" width=\"197\" height=\"198\" srcset=\"https:\/\/www.infokuryr.cz\/n\/wp-content\/uploads\/2023\/01\/Thomas-Roper-298x300.jpg 298w, https:\/\/www.infokuryr.cz\/n\/wp-content\/uploads\/2023\/01\/Thomas-Roper-150x150.jpg 150w, https:\/\/www.infokuryr.cz\/n\/wp-content\/uploads\/2023\/01\/Thomas-Roper.jpg 596w\" sizes=\"(max-width: 197px) 100vw, 197px\" \/><\/p>\n<p>&nbsp;<\/p>\n","protected":false},"excerpt":{"rendered":"<p>Ukrajinsk\u00e1 arm\u00e1da m\u00e1 obrovsk\u00e9 person\u00e1ln\u00ed probl\u00e9my. Ka\u017ed\u00fd m\u011bs\u00edc dezertuje z arm\u00e1dy tolik voj\u00e1k\u016f, kolik je&#8230;<\/p>\n","protected":false},"author":2,"featured_media":91798,"comment_status":"closed","ping_status":"closed","sticky":false,"template":"","format":"standard","meta":[],"categories":[7],"tags":[1042,80,26],"_links":{"self":[{"href":"https:\/\/www.infokuryr.cz\/n\/wp-json\/wp\/v2\/posts\/91797"}],"collection":[{"href":"https:\/\/www.infokuryr.cz\/n\/wp-json\/wp\/v2\/posts"}],"about":[{"href":"https:\/\/www.infokuryr.cz\/n\/wp-json\/wp\/v2\/types\/post"}],"author":[{"embeddable":true,"href":"https:\/\/www.infokuryr.cz\/n\/wp-json\/wp\/v2\/users\/2"}],"replies":[{"embeddable":true,"href":"https:\/\/www.infokuryr.cz\/n\/wp-json\/wp\/v2\/comments?post=91797"}],"version-history":[{"count":0,"href":"https:\/\/www.infokuryr.cz\/n\/wp-json\/wp\/v2\/posts\/91797\/revisions"}],"wp:featuredmedia":[{"embeddable":true,"href":"https:\/\/www.infokuryr.cz\/n\/wp-json\/wp\/v2\/media\/91798"}],"wp:attachment":[{"href":"https:\/\/www.infokuryr.cz\/n\/wp-json\/wp\/v2\/media?parent=91797"}],"wp:term":[{"taxonomy":"category","embeddable":true,"href":"https:\/\/www.infokuryr.cz\/n\/wp-json\/wp\/v2\/categories?post=91797"},{"taxonomy":"post_tag","embeddable":true,"href":"https:\/\/www.infokuryr.cz\/n\/wp-json\/wp\/v2\/tags?post=91797"}],"curies":[{"name":"wp","href":"https:\/\/api.w.org\/{rel}","templated":true}]}}