{"id":91782,"date":"2025-11-09T00:28:04","date_gmt":"2025-11-08T23:28:04","guid":{"rendered":"https:\/\/www.infokuryr.cz\/n\/?p=91782"},"modified":"2025-11-08T12:49:32","modified_gmt":"2025-11-08T11:49:32","slug":"usa-prevezmou-kontrolu-nad-leteckou-zakladnou-jen-par-kilometru-od-syrskeho-prezidentskeho-palace","status":"publish","type":"post","link":"https:\/\/www.infokuryr.cz\/n\/2025\/11\/09\/usa-prevezmou-kontrolu-nad-leteckou-zakladnou-jen-par-kilometru-od-syrskeho-prezidentskeho-palace\/","title":{"rendered":"USA p\u0159evezmou kontrolu nad leteckou z\u00e1kladnou jen p\u00e1r kilometr\u016f od syrsk\u00e9ho prezidentsk\u00e9ho pal\u00e1ce"},"content":{"rendered":"<div id=\"fb-root\"><\/div>\n<p><strong><span dir=\"auto\">Spojen\u00e9 st\u00e1ty se p\u0159ipravuj\u00ed na z\u0159\u00edzen\u00ed vojensk\u00e9 p\u0159\u00edtomnosti na leteck\u00e9 z\u00e1kladn\u011b v syrsk\u00e9m hlavn\u00edm m\u011bst\u011b Dama\u0161ku,\u00a0informovala 6. listopadu\u00a0<\/span><a href=\"https:\/\/www.reuters.com\/world\/middle-east\/us-military-establish-presence-damascus-airbase-sources-say-2025-11-06\/\"><span dir=\"auto\">agentura Reuters .<\/span><\/a><\/strong><\/p>\n<p><span dir=\"auto\">Tiskov\u00e1 agentura hovo\u0159ila se \u0161esti zdroji obezn\u00e1men\u00fdmi s p\u0159\u00edpravami na z\u00e1kladn\u011b, v\u010detn\u011b dvou z\u00e1padn\u00edch p\u0159edstavitel\u016f a syrsk\u00e9ho obrann\u00e9ho p\u0159edstavitele, kte\u0159\u00ed potvrdili, \u017ee USA pl\u00e1nuj\u00ed vyu\u017e\u00edt leteckou z\u00e1kladnu k monitorov\u00e1n\u00ed potenci\u00e1ln\u00ed bezpe\u010dnostn\u00ed dohody mezi Izraelem a S\u00fdri\u00ed.<\/span><\/p>\n<p><span dir=\"auto\">\u00da\u0159edn\u00edk administrativy prezidenta Donalda Trumpa uvedl, \u017ee USA \u201eneust\u00e1le vyhodnocuj\u00ed na\u0161i nezbytnou pozici v S\u00fdrii pro efektivn\u00ed boj proti ISIS a nekomentuj\u00ed um\u00edst\u011bn\u00ed ani mo\u017en\u00e9 um\u00edst\u011bn\u00ed sil.\u201c<\/span><\/p>\n<p><span dir=\"auto\">Doty\u010dn\u00fd \u00fa\u0159edn\u00edk po\u017e\u00e1dal agenturu Reuters, aby z d\u016fvod\u016f provozn\u00ed bezpe\u010dnosti byly odstran\u011bny n\u00e1zev a um\u00edst\u011bn\u00ed leteck\u00e9 z\u00e1kladny.<\/span><\/p>\n<p><span dir=\"auto\">Mezit\u00edm jeden z\u00e1padn\u00ed vojensk\u00fd p\u0159edstavitel uvedl, \u017ee Pentagon v posledn\u00edch dvou m\u011bs\u00edc\u00edch urychlil sv\u00e9 pl\u00e1ny n\u011bkolika pr\u016fzkumn\u00fdmi misemi na z\u00e1kladnu. Tyto mise dosp\u011bly k z\u00e1v\u011bru, \u017ee dlouh\u00e1 ranvej z\u00e1kladny je p\u0159ipravena k okam\u017eit\u00e9mu pou\u017eit\u00ed.<\/span><\/p>\n<p><span dir=\"auto\">Dva syrsk\u00e9 vojensk\u00e9 zdroje agentu\u0159e sd\u011blily, \u017ee technick\u00e9 rozhovory se zam\u011b\u0159ily na vyu\u017eit\u00ed z\u00e1kladny pro logistiku, dohled, dopl\u0148ov\u00e1n\u00ed paliva a humanit\u00e1rn\u00ed operace, p\u0159i\u010dem\u017e S\u00fdrie si nad za\u0159\u00edzen\u00edm ponech\u00e1 plnou suverenitu.<\/span><\/p>\n<p><span dir=\"auto\">Agentura Reuters sice leteckou z\u00e1kladnu nejmenovala, ale cituje jednoho syrsk\u00e9ho p\u0159edstavitele obrany, kter\u00fd uvedl, \u017ee USA na z\u00e1kladnu p\u0159ilet\u011bly vojensk\u00fdm transportn\u00edm letadlem C-130, aby se ujistily, \u017ee je ranvej pou\u017eiteln\u00e1. Ochranka u jednoho z vchod\u016f na z\u00e1kladnu agentu\u0159e sd\u011blila, \u017ee americk\u00e1 letadla tam p\u0159ist\u00e1vaj\u00ed v r\u00e1mci \u201etest\u016f\u201c.<\/span><\/p>\n<p><span dir=\"auto\">Tato informace odhalila, \u017ee za\u0159\u00edzen\u00edm nen\u00ed nikdo jin\u00fd ne\u017e leteck\u00e1 z\u00e1kladna Mezzeh, kter\u00e1 se nach\u00e1z\u00ed jihoz\u00e1padn\u011b od Dama\u0161ku, necel\u00e9 \u010dty\u0159i kilometry od Lidov\u00e9ho pal\u00e1ce, ofici\u00e1ln\u00edho s\u00eddla prozat\u00edmn\u00edho prezidenta Ahmada a\u0161-\u0160ar\u00e1a.<\/span><\/p>\n<p><span dir=\"auto\">Speci\u00e1ln\u00ed letadlo americk\u00e9ho letectva \u0159ady MC-130 bylo spat\u0159eno, jak 2. \u0159\u00edjna p\u0159ist\u00e1v\u00e1 na leteck\u00e9 z\u00e1kladn\u011b Mezzeh a b\u011bhem n\u011bkolika minut vzl\u00e9t\u00e1.<\/span><\/p>\n<p><span dir=\"auto\">Leteck\u00e1 z\u00e1kladna byla t\u011b\u017ece po\u0161kozena s\u00e9ri\u00ed intenzivn\u00edch izraelsk\u00fdch \u00fader\u016f po p\u00e1du re\u017eimu b\u00fdval\u00e9ho prezidenta Ba\u0161\u00e1ra Asada v lo\u0148sk\u00e9m roce. Jej\u00ed 2 517 metr\u016f dlouh\u00e1 ranvej v\u0161ak p\u0159e\u017eila. Od t\u00e9 doby zde s\u00eddl\u00ed v\u011bt\u0161ina z m\u00e1la dochovan\u00fdch syrsk\u00fdch vrtuln\u00edk\u016f.<\/span><\/p>\n<p><span dir=\"auto\">Hned po zve\u0159ejn\u011bn\u00ed zpr\u00e1vy agentury Reuters ji pop\u0159el \u00fa\u0159edn\u00edk syrsk\u00e9ho ministerstva zahrani\u010d\u00ed, kter\u00fd ji ve sv\u00e9m prohl\u00e1\u0161en\u00ed pro st\u00e1tn\u00ed syrskou arabskou tiskovou agenturu ozna\u010dil za \u201enepravdivou\u201c.<\/span><\/p>\n<p><em><span dir=\"auto\">\u201eSou\u010dasn\u00e1 f\u00e1ze p\u0159edstavuje transformaci postoje USA sm\u011brem k p\u0159\u00edm\u00e9 interakci se syrskou \u00fast\u0159edn\u00ed vl\u00e1dou v Dama\u0161ku a k podpo\u0159e jednoty zem\u011b a z\u00e1rove\u0148 odm\u00edt\u00e1n\u00ed jak\u00fdchkoli v\u00fdzev k rozd\u011blen\u00ed,\u201c uvedl zdroj.<\/span><\/em><\/p>\n<p><span dir=\"auto\">Zdroj dodal, \u017ee prob\u00edh\u00e1 \u00fasil\u00ed o p\u0159enesen\u00ed d\u0159\u00edve nal\u00e9hav\u00fdch partnerstv\u00ed a dohod s \u201edo\u010dasn\u00fdmi subjekty\u201c do Dama\u0161ku v r\u00e1mci spole\u010dn\u00e9 politick\u00e9, vojensk\u00e9 a ekonomick\u00e9 koordinace.<\/span><\/p>\n<p><span dir=\"auto\">D\u00e1le se v n\u011bm uv\u00e1d\u00ed, \u017ee \u201eS\u00fdrie ve sv\u00e9 nov\u00e9 \u00e9\u0159e stabiln\u011b postupuje sm\u011brem k upev\u0148ov\u00e1n\u00ed stability a posilov\u00e1n\u00ed spolupr\u00e1ce zalo\u017een\u00e9 na n\u00e1rodn\u00ed suverenit\u011b a vz\u00e1jemn\u00e9m respektu.\u201c<\/span><\/p>\n<p><span dir=\"auto\">Trump se se \u0160\u00e1rou setk\u00e1 v B\u00edl\u00e9m dom\u011b 10. listopadu, co\u017e bude prvn\u00ed takov\u00e1 n\u00e1v\u0161t\u011bva syrsk\u00e9 hlavy st\u00e1tu. Zem\u011b \u00fadajn\u011b b\u011bhem n\u00e1v\u0161t\u011bvy podep\u00ed\u0161e dohodu o p\u0159ipojen\u00ed se ke koalici proti ISIS veden\u00e9 USA.<\/span><\/p>\n<p><span dir=\"auto\">V r\u00e1mci p\u0159\u00edprav na n\u00e1v\u0161t\u011bvu Rada bezpe\u010dnosti OSN 6. listopadu hlasovala pro rezoluci USA o zru\u0161en\u00ed sankc\u00ed v\u016f\u010di skupin\u011b a\u0161-\u0160ar\u00e1a.<\/span><\/p>\n<p><em><span dir=\"auto\">\u201e[Rada] rozhodla, \u017ee Ahmed a\u0161-\u0160araa\u2026 a [ministr vnitra] Anas Hasan Chatt\u00e1b jsou vy\u0159azeni ze sank\u010dn\u00edho seznamu ISIL a al-K\u00e1idy,\u201c uv\u00e1d\u00ed se v rezoluci, kterou schv\u00e1lilo 14 \u010dlen\u016f rady. \u010c\u00edna se hlasov\u00e1n\u00ed zdr\u017eela.<\/span><\/em><\/p>\n<p><span dir=\"auto\">Zat\u00edmco vznikaj\u00edc\u00ed aliance mezi USA a S\u00fdri\u00ed je prezentov\u00e1na jako nezbytn\u00fd krok ke stabilizaci zem\u011b, omezen\u00ed Izraele a boji proti ISIS, ve skute\u010dnosti je tato aliance nam\u00ed\u0159ena p\u0159edev\u0161\u00edm proti \u00cdr\u00e1nu a jeho spojenc\u016fm na Bl\u00edzk\u00e9m v\u00fdchod\u011b, zejm\u00e9na v Libanonu a Ir\u00e1ku.<\/span><\/p>\n<p><span dir=\"auto\">Rostouc\u00ed americk\u00e1 p\u0159\u00edtomnost v S\u00fdrii by mohla usnadnit izraelsk\u00e9 zpravodajsk\u00e9 a vojensk\u00e9 operace proti ob\u011bma zem\u00edm, stejn\u011b jako proti samotn\u00e9mu \u00cdr\u00e1nu.<\/span><\/p>\n<p><img decoding=\"async\" loading=\"lazy\" class=\"alignnone size-full wp-image-1185\" src=\"http:\/\/www.infokuryr.cz\/n\/wp-content\/uploads\/2021\/04\/kuryr-podpis.png\" alt=\"\" width=\"84\" height=\"24\" \/><\/p>\n<p>&nbsp;<\/p>\n","protected":false},"excerpt":{"rendered":"<p>Spojen\u00e9 st\u00e1ty se p\u0159ipravuj\u00ed na z\u0159\u00edzen\u00ed vojensk\u00e9 p\u0159\u00edtomnosti na leteck\u00e9 z\u00e1kladn\u011b v syrsk\u00e9m hlavn\u00edm m\u011bst\u011b&#8230;<\/p>\n","protected":false},"author":2,"featured_media":91783,"comment_status":"closed","ping_status":"closed","sticky":false,"template":"","format":"standard","meta":[],"categories":[7],"tags":[147,37,1737],"_links":{"self":[{"href":"https:\/\/www.infokuryr.cz\/n\/wp-json\/wp\/v2\/posts\/91782"}],"collection":[{"href":"https:\/\/www.infokuryr.cz\/n\/wp-json\/wp\/v2\/posts"}],"about":[{"href":"https:\/\/www.infokuryr.cz\/n\/wp-json\/wp\/v2\/types\/post"}],"author":[{"embeddable":true,"href":"https:\/\/www.infokuryr.cz\/n\/wp-json\/wp\/v2\/users\/2"}],"replies":[{"embeddable":true,"href":"https:\/\/www.infokuryr.cz\/n\/wp-json\/wp\/v2\/comments?post=91782"}],"version-history":[{"count":0,"href":"https:\/\/www.infokuryr.cz\/n\/wp-json\/wp\/v2\/posts\/91782\/revisions"}],"wp:featuredmedia":[{"embeddable":true,"href":"https:\/\/www.infokuryr.cz\/n\/wp-json\/wp\/v2\/media\/91783"}],"wp:attachment":[{"href":"https:\/\/www.infokuryr.cz\/n\/wp-json\/wp\/v2\/media?parent=91782"}],"wp:term":[{"taxonomy":"category","embeddable":true,"href":"https:\/\/www.infokuryr.cz\/n\/wp-json\/wp\/v2\/categories?post=91782"},{"taxonomy":"post_tag","embeddable":true,"href":"https:\/\/www.infokuryr.cz\/n\/wp-json\/wp\/v2\/tags?post=91782"}],"curies":[{"name":"wp","href":"https:\/\/api.w.org\/{rel}","templated":true}]}}