{"id":9178,"date":"2022-03-17T03:36:41","date_gmt":"2022-03-17T02:36:41","guid":{"rendered":"http:\/\/www.infokuryr.cz\/n\/?p=9178"},"modified":"2022-03-17T03:36:41","modified_gmt":"2022-03-17T02:36:41","slug":"ukrajinska-armada-ostrelovala-kolonu-s-uprchliky","status":"publish","type":"post","link":"https:\/\/www.infokuryr.cz\/n\/2022\/03\/17\/ukrajinska-armada-ostrelovala-kolonu-s-uprchliky\/","title":{"rendered":"Ukrajinsk\u00e1 arm\u00e1da ost\u0159elovala kolonu s uprchl\u00edky"},"content":{"rendered":"<div id=\"fb-root\"><\/div>\n<div class=\"article__header\">\n<div class=\"article__announce-text\">Na m\u00edst\u011b jsou \u010dty\u0159i mrtv\u00ed. Jsou i zran\u011bn\u00ed. Ud\u00e1lost se odehr\u00e1la pobl\u00ed\u017e Charkova.<\/p>\n<\/div>\n<\/div>\n<div class=\"article__body\">\n<div class=\"article__block\" data-type=\"text\">\n<div class=\"article__text\">Uprchl\u00edci sm\u011b\u0159ovali\u00a0<strong>humanit\u00e1rn\u00edm koridorem<\/strong>\u00a0sm\u011brem do Ruska. \u010cty\u0159i lid\u00e9 zahynuli. Ve st\u0159edu ve\u010der to ozn\u00e1mil n\u00e1\u010deln\u00edk N\u00e1rodn\u00edho st\u0159ediska \u0159\u00edzen\u00ed obrany Rusk\u00e9 federace, gener\u00e1lplukovn\u00edk Michail Mizincev.<\/div>\n<\/div>\n<div class=\"article__block\" data-type=\"quote\">\n<div class=\"article__quote\">\n<div class=\"article__quote-bg\">\n<div class=\"article__quote-bg-line\"><\/div>\n<\/div>\n<div class=\"article__quote-text\">\u201eDnes charkovsk\u00fdm sm\u011brem ukrajinsk\u00e1 strana op\u011bt ost\u0159elovala autobusovou kolonu s uprchl\u00edky, kter\u00e1 se pohybovala humanit\u00e1rn\u00edm koridorem do Ruska. \u010cty\u0159i lid\u00e9 zem\u0159eli. Jsou ran\u011bn\u00ed,\u201c uvedl gener\u00e1l.<\/div>\n<\/div>\n<\/div>\n<div class=\"article__block\" data-type=\"h3\">\n<h3 class=\"article__h2\">Demilitarizace a denacifikace Ukrajiny<\/h3>\n<\/div>\n<div class=\"article__block\" data-type=\"text\">\n<div class=\"article__text\">24. \u00fanora Vladimir Putin vyhl\u00e1sil\u00a0speci\u00e1ln\u00ed vojenskou operaci\u00a0na Donbasu. Poznamenal, \u017ee jej\u00edm c\u00edlem je chr\u00e1nit lidi na Donbasu, kte\u0159\u00ed jsou ji\u017e osm let vystaveni zneu\u017e\u00edv\u00e1n\u00ed a genocid\u011b ze strany kyjevsk\u00e9ho re\u017eimu.<\/div>\n<\/div>\n<div class=\"article__block\" data-type=\"text\">\n<div class=\"article__text\">Putin dodal, \u017ee v pl\u00e1nech Ruska nen\u00ed okupace Ukrajiny, RF se v\u0161ak bude sna\u017eit o jej\u00ed\u00a0demilitarizaci a denacifikaci a p\u0159ed\u00e1n\u00ed soudu v\u0161ech v\u00e1le\u010dn\u00fdch zlo\u010dinc\u016f odpov\u011bdn\u00fdch za \u201ekrvav\u00e9 zlo\u010diny proti civilist\u016fm\u201c na Donbasu.<\/p>\n<p><a href=\"https:\/\/cz.sputniknews.com\/20220316\/ukrajinska-armada-ostrelovala-kolonu-s-uprchliky-tvrdi-ruske-ministerstvo-obrany-18028634.html\">ZDROJ<\/a><\/div>\n<div><\/div>\n<\/div>\n<\/div>\n","protected":false},"excerpt":{"rendered":"<p>Na m\u00edst\u011b jsou \u010dty\u0159i mrtv\u00ed. Jsou i zran\u011bn\u00ed. Ud\u00e1lost se odehr\u00e1la pobl\u00ed\u017e Charkova. Uprchl\u00edci sm\u011b\u0159ovali\u00a0humanit\u00e1rn\u00edm&#8230;<\/p>\n","protected":false},"author":2,"featured_media":8716,"comment_status":"closed","ping_status":"closed","sticky":false,"template":"","format":"standard","meta":[],"categories":[7],"tags":[80,2011,2082,26,148],"_links":{"self":[{"href":"https:\/\/www.infokuryr.cz\/n\/wp-json\/wp\/v2\/posts\/9178"}],"collection":[{"href":"https:\/\/www.infokuryr.cz\/n\/wp-json\/wp\/v2\/posts"}],"about":[{"href":"https:\/\/www.infokuryr.cz\/n\/wp-json\/wp\/v2\/types\/post"}],"author":[{"embeddable":true,"href":"https:\/\/www.infokuryr.cz\/n\/wp-json\/wp\/v2\/users\/2"}],"replies":[{"embeddable":true,"href":"https:\/\/www.infokuryr.cz\/n\/wp-json\/wp\/v2\/comments?post=9178"}],"version-history":[{"count":0,"href":"https:\/\/www.infokuryr.cz\/n\/wp-json\/wp\/v2\/posts\/9178\/revisions"}],"wp:featuredmedia":[{"embeddable":true,"href":"https:\/\/www.infokuryr.cz\/n\/wp-json\/wp\/v2\/media\/8716"}],"wp:attachment":[{"href":"https:\/\/www.infokuryr.cz\/n\/wp-json\/wp\/v2\/media?parent=9178"}],"wp:term":[{"taxonomy":"category","embeddable":true,"href":"https:\/\/www.infokuryr.cz\/n\/wp-json\/wp\/v2\/categories?post=9178"},{"taxonomy":"post_tag","embeddable":true,"href":"https:\/\/www.infokuryr.cz\/n\/wp-json\/wp\/v2\/tags?post=9178"}],"curies":[{"name":"wp","href":"https:\/\/api.w.org\/{rel}","templated":true}]}}