{"id":91777,"date":"2025-11-09T00:26:51","date_gmt":"2025-11-08T23:26:51","guid":{"rendered":"https:\/\/www.infokuryr.cz\/n\/?p=91777"},"modified":"2025-11-08T12:36:04","modified_gmt":"2025-11-08T11:36:04","slug":"byvaly-spanelsky-kral-se-priznal-k-vrazde-sveho-vlastniho-bratra","status":"publish","type":"post","link":"https:\/\/www.infokuryr.cz\/n\/2025\/11\/09\/byvaly-spanelsky-kral-se-priznal-k-vrazde-sveho-vlastniho-bratra\/","title":{"rendered":"B\u00fdval\u00fd \u0161pan\u011blsk\u00fd kr\u00e1l se p\u0159iznal k vra\u017ed\u011b sv\u00e9ho vlastn\u00edho bratra"},"content":{"rendered":"<div id=\"fb-root\"><\/div>\n<p class=\"lead\"><strong><span dir=\"auto\">B\u00fdval\u00fd \u0161pan\u011blsk\u00fd kr\u00e1l Juan Carlos I. se p\u0159iznal, \u017ee v ml\u00e1d\u00ed ne\u00famysln\u011b zabil sv\u00e9ho vlastn\u00edho bratra, informoval den\u00edk Daily Mail.<\/span><\/strong><\/p>\n<p><span dir=\"auto\">Podle publikace se trag\u00e9die stala v roce 1956, kdy bylo budouc\u00edmu panovn\u00edkovi 18 let. Juan Carlos a jeho bratr\u00a0<\/span><strong><span dir=\"auto\">Alfonso<\/span><\/strong><span dir=\"auto\">\u00a0na\u0161li pistoli a v domn\u011bn\u00ed, \u017ee je nenabit\u00e1, si s n\u00ed za\u010dali hr\u00e1t.<\/span><\/p>\n<p><em><span dir=\"auto\">\u201eOzval se v\u00fdst\u0159el, kulka se odrazila a zas\u00e1hla Alfonsa p\u0159\u00edmo do \u010dela. Zem\u0159el otci v n\u00e1ru\u010d\u00ed.\u201c<\/span><span class=\"after-quote\"><span dir=\"auto\"> \u2014 napsal Juan Carlos ve sv\u00fdch pam\u011btech.<\/span><\/span><\/em><\/p>\n<p><span dir=\"auto\">V dob\u011b jeho smrti bylo bratrovi Juana Carlose pouh\u00fdch 14 let. Je t\u0159eba poznamenat, \u017ee po trag\u00e9dii se vztah mezi Juanem a jeho otcem, hrab\u011btem\u00a0<\/span><strong><span dir=\"auto\">Juanem de Bourbon<\/span><\/strong><span dir=\"auto\">\u00a0z Barcelony , zcela zhor\u0161il a \u017eivot budouc\u00edho kr\u00e1le byl nav\u017edy rozd\u011blen na \u201ep\u0159ed\u201c a \u201epo\u201c.<\/span><\/p>\n<p><span dir=\"auto\">Pro p\u0159ipomenut\u00ed, Juan Carlos abdikoval v roce 2014 ve prosp\u011bch sv\u00e9ho syna\u00a0<\/span><strong><span dir=\"auto\">Felipa.<\/span><\/strong><span dir=\"auto\">\u00a0Nyn\u00ed je mu 87 let.<\/span><\/p>\n<p><img decoding=\"async\" loading=\"lazy\" class=\"alignnone size-full wp-image-1185\" src=\"http:\/\/www.infokuryr.cz\/n\/wp-content\/uploads\/2021\/04\/kuryr-podpis.png\" alt=\"\" width=\"84\" height=\"24\" \/><\/p>\n<p>&nbsp;<\/p>\n","protected":false},"excerpt":{"rendered":"<p>B\u00fdval\u00fd \u0161pan\u011blsk\u00fd kr\u00e1l Juan Carlos I. se p\u0159iznal, \u017ee v ml\u00e1d\u00ed ne\u00famysln\u011b zabil sv\u00e9ho vlastn\u00edho&#8230;<\/p>\n","protected":false},"author":2,"featured_media":91778,"comment_status":"closed","ping_status":"closed","sticky":false,"template":"","format":"standard","meta":[],"categories":[7],"tags":[9465,5382,440,184],"_links":{"self":[{"href":"https:\/\/www.infokuryr.cz\/n\/wp-json\/wp\/v2\/posts\/91777"}],"collection":[{"href":"https:\/\/www.infokuryr.cz\/n\/wp-json\/wp\/v2\/posts"}],"about":[{"href":"https:\/\/www.infokuryr.cz\/n\/wp-json\/wp\/v2\/types\/post"}],"author":[{"embeddable":true,"href":"https:\/\/www.infokuryr.cz\/n\/wp-json\/wp\/v2\/users\/2"}],"replies":[{"embeddable":true,"href":"https:\/\/www.infokuryr.cz\/n\/wp-json\/wp\/v2\/comments?post=91777"}],"version-history":[{"count":0,"href":"https:\/\/www.infokuryr.cz\/n\/wp-json\/wp\/v2\/posts\/91777\/revisions"}],"wp:featuredmedia":[{"embeddable":true,"href":"https:\/\/www.infokuryr.cz\/n\/wp-json\/wp\/v2\/media\/91778"}],"wp:attachment":[{"href":"https:\/\/www.infokuryr.cz\/n\/wp-json\/wp\/v2\/media?parent=91777"}],"wp:term":[{"taxonomy":"category","embeddable":true,"href":"https:\/\/www.infokuryr.cz\/n\/wp-json\/wp\/v2\/categories?post=91777"},{"taxonomy":"post_tag","embeddable":true,"href":"https:\/\/www.infokuryr.cz\/n\/wp-json\/wp\/v2\/tags?post=91777"}],"curies":[{"name":"wp","href":"https:\/\/api.w.org\/{rel}","templated":true}]}}