{"id":91767,"date":"2025-11-09T00:24:08","date_gmt":"2025-11-08T23:24:08","guid":{"rendered":"https:\/\/www.infokuryr.cz\/n\/?p=91767"},"modified":"2025-11-08T06:58:42","modified_gmt":"2025-11-08T05:58:42","slug":"ben-norton-trump-evidentne-prohrava-obchodni-valku-s-cinou-kterou-sam-zahajil-zde-jsou-duvody-proc","status":"publish","type":"post","link":"https:\/\/www.infokuryr.cz\/n\/2025\/11\/09\/ben-norton-trump-evidentne-prohrava-obchodni-valku-s-cinou-kterou-sam-zahajil-zde-jsou-duvody-proc\/","title":{"rendered":"Ben Norton: Trump evidentn\u011b prohr\u00e1v\u00e1 obchodn\u00ed v\u00e1lku s \u010c\u00ednou, kterou s\u00e1m zah\u00e1jil. Zde jsou d\u016fvody, pro\u010d"},"content":{"rendered":"<div id=\"fb-root\"><\/div>\n<div class=\"elementor-element elementor-element-1fb4c2c elementor-widget elementor-widget-theme-post-content\" data-id=\"1fb4c2c\" data-element_type=\"widget\" data-widget_type=\"theme-post-content.default\">\n<div class=\"elementor-widget-container\">\n<p><strong><span dir=\"auto\">Americk\u00e1 ekonomika je zraniteln\u00e1 a mnohem v\u00edce z\u00e1visl\u00e1 na \u010c\u00edn\u011b ne\u017e naopak. Dokazuje to ro\u010dn\u00ed p\u0159\u00edm\u011b\u0159\u00ed v obchodn\u00ed v\u00e1lce, na kter\u00e9m se Donald Trump dohodl na setk\u00e1n\u00ed s prezidentem Si \u0164in-pchingem.<\/span><\/strong><\/p>\n<p><span dir=\"auto\">30. \u0159\u00edjna se Trump setkal s \u010d\u00ednsk\u00fdm prezidentem Si \u0164in-pchingem v jihokorejsk\u00e9m m\u011bst\u011b Pusan. Dohodli se tam na nov\u00e9 dohod\u011b, kter\u00e1 p\u0159edstavuje ro\u010dn\u00ed p\u0159\u00edm\u011b\u0159\u00ed.<\/span><\/p>\n<p><span dir=\"auto\">Americk\u00e1 vl\u00e1da souhlasila se zru\u0161en\u00edm v\u011bt\u0161iny sankc\u00ed, kter\u00e9 v\u016f\u010di \u010c\u00edn\u011b uvalila od dubna 2025, \u010d\u00edm\u017e v podstat\u011b obnovila situaci do stavu, v jak\u00e9m byla v lednu, kdy Trump zah\u00e1jil sv\u00e9 druh\u00e9 funk\u010dn\u00ed obdob\u00ed.<\/span><\/p>\n<p><span dir=\"auto\">I kdy\u017e to neznamen\u00e1 konec obchodn\u00ed v\u00e1lky, \u010c\u00edna tuto bitvu jasn\u011b vyhr\u00e1la.<\/span><\/p>\n<h3><strong><span dir=\"auto\">V\u00edt\u011bzstv\u00ed \u010c\u00edny v t\u00e9to f\u00e1zi obchodn\u00ed v\u00e1lky potvrzuje jej\u00ed \u201estatus glob\u00e1ln\u00ed ekonomick\u00e9 supervelmoci\u201c<\/span><\/strong><\/h3>\n<p><span dir=\"auto\">Financial Times (FT) poznamenal: \u201eNa rozd\u00edl od doby p\u0159ed t\u00e9m\u011b\u0159 deseti lety, kdy Trumpova prvn\u00ed obchodn\u00ed ofenziva p\u0159ekvapila Peking, tentokr\u00e1t l\u00e9pe p\u0159ipraven\u00e1 a ekonomicky siln\u011bj\u0161\u00ed \u010c\u00edna dok\u00e1zala srazit sv\u00e9ho kdysi mnohem mocn\u011bj\u0161\u00edho protivn\u00edka na kolena.\u201c<\/span><\/p>\n<p><span dir=\"auto\">Od dubna 2025 Trump vyhro\u017eoval zem\u00edm po cel\u00e9m sv\u011bt\u011b extr\u00e9mn\u011b vysok\u00fdmi cly. \u010c\u00edna je jedinou zem\u00ed, kter\u00e1 se dok\u00e1zala br\u00e1nit a zabr\u00e1nit USA v uvalen\u00ed nerovn\u00e9 dohody na ni.<\/span><\/p>\n<p><span dir=\"auto\">Kdy\u017e se Trump uch\u00fdlil k jadern\u00e9 variant\u011b a zv\u00fd\u0161il cla pro \u010c\u00ednu na 145 %, myslel si, \u017ee Peking ustoup\u00ed. \u010c\u00edna v\u0161ak naopak reagovala cly stejn\u00e9ho rozsahu. To Washington vyd\u011bsilo a Trump podlehl.<\/span><\/p>\n<p><span dir=\"auto\">Tot\u00e9\u017e se stalo, kdy\u017e Trumpova administrativa omezila v\u00fdvoz \u010dip\u016f do \u010c\u00edny a za\u0159adila mnoho dal\u0161\u00edch \u010d\u00ednsk\u00fdch spole\u010dnost\u00ed na americk\u00fd seznam subjekt\u016f, co\u017e p\u0159edstavovalo formu sankc\u00ed.<\/span><\/p>\n<p><span dir=\"auto\">Peking reagoval omezen\u00edm v\u00fdvozu kov\u016f vz\u00e1cn\u00fdch zemin a magnet\u016f do USA. To op\u011bt ot\u0159\u00e1slo Washingtonem, jeliko\u017e \u010c\u00edna dominuje glob\u00e1ln\u00edmu trhu s kovy vz\u00e1cn\u00fdch zemin a americk\u00e9 spole\u010dnosti jsou na n\u00ed siln\u011b z\u00e1visl\u00e9. Trump byl nucen ustoupit.<\/span><\/p>\n<p><span dir=\"auto\">Z tohoto d\u016fvodu citoval Financial Times analytika z velk\u00e9 francouzsk\u00e9 banky BNP Paribas, kter\u00fd prohl\u00e1sil, \u017ee si Spojen\u00e9 st\u00e1ty uv\u011bdomily, \u201e\u017ee nyn\u00ed maj\u00ed co do \u010din\u011bn\u00ed s rovnocenn\u00fdm rivalem, kter\u00fd jim m\u016f\u017ee zp\u016fsobit zna\u010dn\u00e9 ekonomick\u00e9 \u0161kody \u2013 pro USA je to relativn\u011b nov\u00e1 situace a v\u00fdvoj, kter\u00fd alespo\u0148 pro n\u00e1s potvrzuje vzestup \u010c\u00edny ke glob\u00e1ln\u00ed ekonomick\u00e9 supervelmoci\u201c (zv\u00fdrazn\u011bn\u00ed p\u0159id\u00e1no).<\/span><\/p>\n<p><span dir=\"auto\">Financial Times v\u0161ak varoval, \u017ee to v \u017e\u00e1dn\u00e9m p\u0159\u00edpad\u011b neznamen\u00e1 konec obchodn\u00ed v\u00e1lky a \u017ee dohody mezi ob\u011bma stranami byly \u201erelativn\u011b omezen\u00e9 a do zna\u010dn\u00e9 m\u00edry pozastavily st\u00e1vaj\u00edc\u00ed sankce, sp\u00ed\u0161e ne\u017e aby je zcela zru\u0161ily\u201c, \u010d\u00edm\u017e se \u201edal\u0161\u00ed nap\u011bt\u00ed mezi USA a \u010c\u00ednou stalo nevyhnuteln\u00fdm\u201c.<\/span><\/p>\n<p><span dir=\"auto\">Zhao Minghao, v\u011bdec z Institutu pro mezin\u00e1rodn\u00ed studia vlivn\u00e9 \u010d\u00ednsk\u00e9 Fudansk\u00e9 univerzity, prohl\u00e1sil: \u201eTento summit m\u016f\u017ee v\u00e9st pouze k taktick\u00e9mu uvoln\u011bn\u00ed nap\u011bt\u00ed, nikoli ke strategick\u00e9 \u00faprav\u011b vztah\u016f mezi USA a \u010c\u00ednou.\u201c<\/span><\/p>\n<h3><strong><span dir=\"auto\">USA d\u011blaj\u00ed v\u00edce \u00fastupk\u016f ne\u017e \u010c\u00edna<\/span><\/strong><\/h3>\n<p><span dir=\"auto\">Agentura Bloomberg dosp\u011bla k z\u00e1v\u011bru, \u017ee USA po setk\u00e1n\u00ed Trumpa a Si \u0164in-pchinga v Ji\u017en\u00ed Koreji ud\u011blaly v\u00edce \u00fastupk\u016f ne\u017e \u010c\u00edna.<\/span><\/p>\n<p><span dir=\"auto\">V r\u00e1mci dohody se americk\u00e1 vl\u00e1da zav\u00e1zala ke sta\u017een\u00ed Trumpovy hrozby dodate\u010dn\u00fdch cel ve v\u00fd\u0161i 100 %, sn\u00ed\u017een\u00ed cel na fentanyl z \u010c\u00edny z 20 % na 10 %, odstran\u011bn\u00ed nov\u00fdch \u010d\u00ednsk\u00fdch spole\u010dnost\u00ed ze seznamu subjekt\u016f a pozastaven\u00ed p\u0159\u00edstavn\u00edch poplatk\u016f.<\/span><\/p>\n<p><span dir=\"auto\">\u010c\u00edna se zase dohodla na zru\u0161en\u00ed kontrol nad prvky vz\u00e1cn\u00fdch zemin a d\u00e1le omezila v\u00fdvoz chemik\u00e1li\u00ed pot\u0159ebn\u00fdch k v\u00fdrob\u011b fentanylu (a\u010dkoli Peking ji\u017e u\u010dinil toto posledn\u00ed). \u010c\u00edna tak\u00e9 obnov\u00ed n\u00e1kupy s\u00f3jov\u00fdch bob\u016f z USA (co\u017e bude podrobn\u011bji vysv\u011btleno n\u00ed\u017ee).<\/span><\/p>\n<p><span dir=\"auto\">Trump a jeho spojenci tvrdili, \u017ee \u010c\u00edna bude tak\u00e9 nakupovat americkou ropu a plyn a mo\u017en\u00e1 umo\u017en\u00ed dohodu o TikToku, ale to nebylo potvrzeno; jde o \u010dirou spekulaci.<\/span><\/p>\n<p><span dir=\"auto\">Agentura Associated Press rovn\u011b\u017e dosp\u011bla k z\u00e1v\u011bru, \u017ee Trump z dohody nic nez\u00edskal, a uvedla: \u201eDohoda mezi USA a \u010c\u00ednou zvr\u00e1tila \u0161kody zp\u016fsoben\u00e9 obchodn\u00ed v\u00e1lkou, kterou si s\u00e1m zp\u016fsobil.\u201c<\/span><\/p>\n<p><span dir=\"auto\">Agentura AP citovala ekonoma z Cornell University Eswara Prasada, kter\u00fd poznamenal: \u201eJe t\u011b\u017ek\u00e9 si p\u0159edstavit, jak\u00e9ho v\u00fdznamn\u00e9ho pokroku USA dos\u00e1hly v bilater\u00e1ln\u00edch vztaz\u00edch ve srovn\u00e1n\u00ed se situac\u00ed p\u0159ed n\u00e1stupem Trumpa do \u00fa\u0159adu.\u201c<\/span><\/p>\n<p><span dir=\"auto\">Jin\u00fdmi slovy, Trump vedl m\u011bs\u00edce agresivn\u00ed obchodn\u00ed v\u00e1lku proti \u010c\u00edn\u011b, jen aby nakonec za\u010dal od nuly a s pr\u00e1zdn\u00fdma rukama.<\/span><\/p>\n<figure class=\"wp-block-image aligncenter\"><img decoding=\"async\" loading=\"lazy\" class=\"aligncenter\" src=\"https:\/\/i0.wp.com\/substackcdn.com\/image\/fetch\/%24s_%21P6uw%21%2Cw_1456%2Cc_limit%2Cf_auto%2Cq_auto%3Agood%2Cfl_progressive%3Asteep\/https%3A%2F%2Fsubstack-post-media.s3.amazonaws.com%2Fpublic%2Fimages%2F501121cb-c60a-40df-9b93-1792d1d31f4c_1304x1070.png?resize=716%2C588&amp;ssl=1\" alt=\"\" width=\"688\" height=\"565\" \/><\/figure>\n<h3><strong><span dir=\"auto\">Americk\u00e1 ekonomika je v\u00edce z\u00e1visl\u00e1 na \u010c\u00edn\u011b ne\u017e naopak<\/span><\/strong><\/h3>\n<p><span dir=\"auto\">To je docela ironick\u00e9, proto\u017ee kdy\u017e Trump v dubnu masivn\u011b eskaloval obchodn\u00ed v\u00e1lku, americk\u00fd ministr financ\u00ed Scott Bessent prohl\u00e1sil, \u017ee \u010c\u00edna hraje se \u201eztracen\u00fdmi kartami\u201c.<\/span><\/p>\n<p><span dir=\"auto\">Bessent, miliard\u00e1\u0159sk\u00fd mana\u017eer hedgeov\u00e9ho fondu z Wall Street, trval na tom, \u017ee Spojen\u00e9 st\u00e1ty maj\u00ed na \u010c\u00ednu mnohem v\u011bt\u0161\u00ed vliv a \u017ee Peking brzy kapituluje.<\/span><\/p>\n<p><span dir=\"auto\">\u201eCo ztrat\u00edme t\u00edm, \u017ee n\u00e1m \u010c\u00ed\u0148an\u00e9 zv\u00fd\u0161\u00ed cla? Vyv\u00e1\u017e\u00edme p\u011btinu toho, co oni vyv\u00e1\u017eej\u00ed k n\u00e1m, tak\u017ee je to pro n\u011b \u0161patn\u00e1 karta,\u201c \u0159ekl.<\/span><\/p>\n<p><span dir=\"auto\">Uk\u00e1zalo se, \u017ee prav\u00fd opak je pravdou: americk\u00e1 ekonomika je v\u00edce z\u00e1visl\u00e1 na \u010c\u00edn\u011b.<\/span><\/p>\n<figure class=\"wp-block-image aligncenter\"><img decoding=\"async\" loading=\"lazy\" class=\"aligncenter\" src=\"https:\/\/i0.wp.com\/substackcdn.com\/image\/fetch\/%24s_%21rIgO%21%2Cw_1456%2Cc_limit%2Cf_auto%2Cq_auto%3Agood%2Cfl_progressive%3Asteep\/https%3A%2F%2Fsubstack-post-media.s3.amazonaws.com%2Fpublic%2Fimages%2Fc0f53d78-0fff-4c01-ba01-764a79c4151d_1920x1920.webp?resize=735%2C735&amp;ssl=1\" alt=\"\" width=\"660\" height=\"660\" \/><\/figure>\n<p><span dir=\"auto\">V roce 2000 byla \u010c\u00edna skute\u010dn\u011b velmi siln\u011b z\u00e1visl\u00e1 na americk\u00e9 ekonomice. V t\u00e9 dob\u011b obchod s USA tvo\u0159il zhruba \u010dtvrtinu celkov\u00e9ho objemu obchodu \u010c\u00edny.<\/span><\/p>\n<p><span dir=\"auto\">\u010c\u00edna v\u0161ak v posledn\u00edch dvou desetilet\u00edch v\u00fdrazn\u011b sn\u00ed\u017eila svou z\u00e1vislost na obchodu s USA. V roce 2023 tento obchod p\u0159edstavoval pouze asi 10 % celkov\u00e9ho objemu obchodu \u010c\u00edny.<\/span><\/p>\n<p><span dir=\"auto\">Pokud se pod\u00edv\u00e1me na to, co p\u0159esn\u011b \u010c\u00edna vyv\u00e1\u017e\u00ed do USA a naopak, je z\u0159ejm\u00e9, \u017ee USA jsou na trhu v\u00edce z\u00e1visl\u00e9.<\/span><\/p>\n<figure class=\"wp-block-image aligncenter\"><img decoding=\"async\" class=\"aligncenter\" src=\"https:\/\/i0.wp.com\/substackcdn.com\/image\/fetch\/%24s_%21PXKn%21%2Cw_1456%2Cc_limit%2Cf_auto%2Cq_auto%3Agood%2Cfl_progressive%3Asteep\/https%3A%2F%2Fsubstack-post-media.s3.amazonaws.com%2Fpublic%2Fimages%2F5273fac5-c826-4810-b4a9-bc38a3592773_1471x1097.png?resize=745%2C556&amp;ssl=1\" alt=\"\" \/><\/figure>\n<p><span dir=\"auto\">\u010c\u00edna vyv\u00e1\u017e\u00ed mnoho technologick\u00fdch produkt\u016f, kter\u00e9 USA nemohou sehnat nikde jinde, v\u010detn\u011b mobiln\u00edch telefon\u016f, po\u010d\u00edta\u010d\u016f, bateri\u00ed, stroj\u016f a n\u00e1hradn\u00edch d\u00edl\u016f.<\/span><\/p>\n<p><span dir=\"auto\">U\u017e nejsme v 80. a 90. letech, kdy velkou \u010d\u00e1st \u010d\u00ednsk\u00e9ho exportu do USA tvo\u0159ilo zbo\u017e\u00ed s n\u00edzkou p\u0159idanou hodnotou, jako je textil, hra\u010dky a dom\u00e1c\u00ed spot\u0159ebi\u010de. \u010c\u00edna se velmi rychle posunula v glob\u00e1ln\u00edm hodnotov\u00e9m \u0159et\u011bzci v\u00fd\u0161e.<\/span><\/p>\n<p><span dir=\"auto\">Na druhou stranu, mnoho zbo\u017e\u00ed, kter\u00e9 USA vyv\u00e1\u017eej\u00ed do \u010c\u00edny, jsou komodity, jako je ropa, plyn, s\u00f3jov\u00e9 boby a kuku\u0159ice. \u010c\u00edna je m\u016f\u017ee snadno z\u00edskat z jin\u00fdch zem\u00ed.<\/span><\/p>\n<p><span dir=\"auto\">\u010c\u00edna je st\u00e1le z\u00e1visl\u00e1 na n\u011bkolika kl\u00ed\u010dov\u00fdch americk\u00fdch druz\u00edch zbo\u017e\u00ed, zejm\u00e9na na pokro\u010dil\u00fdch polovodi\u010d\u00edch \u2013 a\u010dkoli se to rychle m\u011bn\u00ed (jak bude vysv\u011btleno d\u00e1le v tomto \u010dl\u00e1nku).<\/span><\/p>\n<p><span dir=\"auto\">USA d\u0159\u00edve vyv\u00e1\u017eely do \u010c\u00edny zna\u010dn\u00e9 mno\u017estv\u00ed aut. \u010c\u00edna je v\u0161ak nyn\u00ed nejv\u011bt\u0161\u00edm v\u00fdrobcem automobil\u016f na sv\u011bt\u011b a v\u011bt\u0161ina lid\u00ed v zemi d\u00e1v\u00e1 p\u0159ednost n\u00e1kupu aut od \u010d\u00ednsk\u00fdch spole\u010dnost\u00ed, kter\u00e9 jsou mnohem levn\u011bj\u0161\u00ed.<\/span><\/p>\n<p><span dir=\"auto\">Trump a Bessent se domn\u00edvaj\u00ed, \u017ee dne\u0161n\u00ed \u010c\u00edna je st\u00e1le \u010c\u00ednou 80. a 90. let, kdy se jej\u00ed ekonomika to\u010dila kolem exportu zbo\u017e\u00ed n\u00e1ro\u010dn\u00e9ho na pracovn\u00ed s\u00edlu s n\u00edzkou p\u0159idanou hodnotou a pochybnou kvalitou. Tyto doby jsou d\u00e1vno pry\u010d.<\/span><\/p>\n<p><span dir=\"auto\">\u010c\u00ednsk\u00e1 vl\u00e1da \u00fasp\u011b\u0161n\u011b vyu\u017eila pr\u016fmyslovou politiku, st\u00e1tem \u0159\u00edzen\u00e1 rozvojov\u00e1 opat\u0159en\u00ed a pe\u010dlivou kombinaci centr\u00e1ln\u00edho pl\u00e1nov\u00e1n\u00ed a regulovan\u00e9 konkurence k rychl\u00e9mu pokroku v glob\u00e1ln\u00edm hodnotov\u00e9m \u0159et\u011bzci, vytvo\u0159en\u00ed komplexn\u00edch dodavatelsk\u00fdch \u0159et\u011bzc\u016f, podpo\u0159e technologick\u00e9 sob\u011bsta\u010dnosti a masivn\u00edmu zv\u00fd\u0161en\u00ed pr\u016fmyslov\u00e9 v\u00fdroby.<\/span><\/p>\n<p><span dir=\"auto\">V\u00fdsledky mluv\u00ed samy za sebe: \u010c\u00edna je dnes jedinou sv\u011btovou supervelmoc\u00ed v oblasti v\u00fdroby.<\/span><\/p>\n<figure class=\"wp-block-image aligncenter\"><img decoding=\"async\" class=\"aligncenter\" src=\"https:\/\/i0.wp.com\/substackcdn.com\/image\/fetch\/%24s_%21ydNu%21%2Cw_1456%2Cc_limit%2Cf_auto%2Cq_auto%3Agood%2Cfl_progressive%3Asteep\/https%3A%2F%2Fsubstack-post-media.s3.amazonaws.com%2Fpublic%2Fimages%2F14cfdd13-5b75-43b3-b230-ecd2d5c0cd81_1492x849.png?resize=718%2C409&amp;ssl=1\" alt=\"\" \/><\/figure>\n<p><span dir=\"auto\">Ve skute\u010dnosti, zat\u00edmco \u010c\u00edna se stala m\u00e9n\u011b z\u00e1vislou na exportu na americk\u00fd trh, americk\u00e9 spole\u010dnosti jsou v\u00edce z\u00e1visl\u00e9 na dovozu \u010d\u00ednsk\u00fdch meziprodukt\u016f a dal\u0161\u00edch vstup\u016f.<\/span><\/p>\n<figure class=\"wp-block-image aligncenter\"><img decoding=\"async\" class=\"aligncenter\" src=\"https:\/\/i0.wp.com\/substackcdn.com\/image\/fetch\/%24s_%214H_R%21%2Cw_1456%2Cc_limit%2Cf_auto%2Cq_auto%3Agood%2Cfl_progressive%3Asteep\/https%3A%2F%2Fsubstack-post-media.s3.amazonaws.com%2Fpublic%2Fimages%2Fe9752948-82e7-435e-a89e-d81abd1cf3ba_1492x841.png?resize=729%2C411&amp;ssl=1\" alt=\"\" \/><\/figure>\n<p><span dir=\"auto\">Bessent argumentoval, \u017ee \u010c\u00edna je kv\u016fli sv\u00e9mu velk\u00e9mu obchodn\u00edmu p\u0159ebytku v\u00edce z\u00e1visl\u00e1 na americk\u00e9m trhu. V\u011bt\u0161ina p\u0159\u00edjm\u016f \u010d\u00ednsk\u00fdch spole\u010dnost\u00ed v\u0161ak poch\u00e1z\u00ed z dom\u00e1c\u00edho prodeje.<\/span><\/p>\n<p><span dir=\"auto\">A\u010dkoli \u010c\u00edna generuje zna\u010dn\u00e9 p\u0159\u00edjmy z v\u00fdvozu spot\u0159ebn\u00ed elektroniky, i v tomto odv\u011btv\u00ed poch\u00e1z\u00ed v\u011bt\u0161ina p\u0159\u00edjm\u016f z dom\u00e1c\u00edho prodeje. Ve v\u0161ech ostatn\u00edch v\u00fdznamn\u00fdch \u010d\u00ednsk\u00fdch pr\u016fmyslov\u00fdch odv\u011btv\u00edch tvo\u0159\u00ed dom\u00e1c\u00ed prodej nejv\u011bt\u0161\u00ed pod\u00edl na celkov\u00fdch p\u0159\u00edjmech.<\/span><\/p>\n<figure class=\"wp-block-image aligncenter\"><img decoding=\"async\" class=\"aligncenter\" src=\"https:\/\/i0.wp.com\/substackcdn.com\/image\/fetch\/%24s_%219F7U%21%2Cw_1456%2Cc_limit%2Cf_auto%2Cq_auto%3Agood%2Cfl_progressive%3Asteep\/https%3A%2F%2Fsubstack-post-media.s3.amazonaws.com%2Fpublic%2Fimages%2F6903069e-8c67-45b9-8e6a-66d99f08d990_965x1041.png?resize=721%2C778&amp;ssl=1\" alt=\"\" \/><\/figure>\n<p><span dir=\"auto\">\u010c\u00e1st \u010d\u00ednsk\u00e9ho exportu st\u00e1le m\u00ed\u0159\u00ed na americk\u00fd trh, i kdy\u017e nep\u0159\u00edmo p\u0159es t\u0159et\u00ed zem\u011b, jako je Vietnam, Indon\u00e9sie, Thajsko nebo Mexiko.<\/span><\/p>\n<p><span dir=\"auto\">Firmy v t\u011bchto zem\u00edch \u010dasto zvy\u0161uj\u00ed hodnotu produktu, kter\u00fd poch\u00e1z\u00ed z \u010c\u00edny, a pot\u00e9 jej vyv\u00e1\u017eej\u00ed do USA, kde nen\u00ed ozna\u010den jako \u010d\u00ednsk\u00fd v\u00fdrobek.<\/span><\/p>\n<p><span dir=\"auto\">Z pohledu \u010d\u00ednsk\u00e9ho export\u00e9ra to ale nen\u00ed probl\u00e9m. Chce prost\u011b produkt prodat a je mu jedno, kde se pak dostane.<\/span><\/p>\n<h3><strong><span dir=\"auto\">\u010c\u00ednsk\u00e1 dominance v dodavatelsk\u00e9m \u0159et\u011bzci vz\u00e1cn\u00fdch zemin donutila USA pozastavit agresivn\u00ed obchodn\u00ed v\u00e1lku<\/span><\/strong><\/h3>\n<p><span dir=\"auto\">Jedn\u00edm z nejv\u011bt\u0161\u00edch a nejd\u016fle\u017eit\u011bj\u0161\u00edch ponau\u010den\u00ed z v\u00edt\u011bzstv\u00ed \u010c\u00edny v tomto kole obchodn\u00ed v\u00e1lky je v\u00fdznam prvk\u016f vz\u00e1cn\u00fdch zemin.<\/span><\/p>\n<p><span dir=\"auto\">\u010c\u00edna zcela dominuje glob\u00e1ln\u00edmu dodavatelsk\u00e9mu \u0159et\u011bzci vz\u00e1cn\u00fdch zemin, v\u010detn\u011b t\u011b\u017eby a zpracov\u00e1n\u00ed.<\/span><\/p>\n<p><span dir=\"auto\">V roce 2024 se \u010c\u00edna pod\u00edlela na t\u011b\u017eb\u011b prvk\u016f vz\u00e1cn\u00fdch zemin s v\u00edce ne\u017e 60 % pod\u00edlem a na rafinaci t\u011bchto prvk\u016f p\u0159ibli\u017en\u011b s 90 % pod\u00edlem.<\/span><\/p>\n<p><span dir=\"auto\">Navzdory sv\u00e9mu n\u00e1zvu nejsou prvky vz\u00e1cn\u00fdch zemin ve skute\u010dnosti tak vz\u00e1cn\u00e9; vyskytuj\u00ed se na mnoha m\u00edstech po cel\u00e9m sv\u011bt\u011b. Co v\u0161ak zt\u011b\u017euje ostatn\u00edm zem\u00edm nahradit \u010c\u00ednu v dodavatelsk\u00e9m \u0159et\u011bzci, je zpracov\u00e1n\u00ed prvk\u016f vz\u00e1cn\u00fdch zemin, kter\u00e9 je slo\u017eit\u00e9, pracn\u00e9 a \u0161kodliv\u00e9 pro \u017eivotn\u00ed prost\u0159ed\u00ed.<\/span><\/p>\n<p><span dir=\"auto\">Spojen\u00e9 st\u00e1ty se sna\u017e\u00ed pos\u00edlit svou roli v glob\u00e1ln\u00edm pr\u016fmyslu vz\u00e1cn\u00fdch zemin, zejm\u00e9na pot\u00e9, co Trump b\u011bhem sv\u00e9ho prvn\u00edho prezidentsk\u00e9ho obdob\u00ed zah\u00e1jil obchodn\u00ed v\u00e1lku proti \u010c\u00edn\u011b, ale velk\u00e9ho pokroku se jim nepoda\u0159ilo dos\u00e1hnout.<\/span><\/p>\n<p><span dir=\"auto\">Bude trvat roky, ne-li desetilet\u00ed, ne\u017e USA dos\u00e1hnou v\u00fdznamn\u00e9ho pokroku.<\/span><\/p>\n<figure class=\"wp-block-image aligncenter\"><img decoding=\"async\" loading=\"lazy\" class=\"aligncenter\" src=\"https:\/\/i0.wp.com\/substackcdn.com\/image\/fetch\/%24s_%21zb5o%21%2Cw_1456%2Cc_limit%2Cf_auto%2Cq_auto%3Agood%2Cfl_progressive%3Asteep\/https%3A%2F%2Fsubstack-post-media.s3.amazonaws.com%2Fpublic%2Fimages%2Fc8acb8aa-119b-4d8d-a5ba-9699c0b7baf2_1200x1200.jpeg?resize=720%2C720&amp;ssl=1\" alt=\"\" width=\"665\" height=\"665\" \/><\/figure>\n<p><span dir=\"auto\">Kdy\u017e \u010c\u00edna v roce 2025 reagovala na Trumpovu agresivn\u00ed, jednostrannou eskalaci obchodn\u00ed v\u00e1lky a v sebeobran\u011b se rozhodla omezit v\u00fdvoz vz\u00e1cn\u00fdch zemin do USA, vyd\u011bsila t\u00edm nejen Washington, ale i vojensko-pr\u016fmyslov\u00fd komplex.<\/span><\/p>\n<p><span dir=\"auto\">Americk\u00e9 technologick\u00e9 spole\u010dnosti, zejm\u00e9na v\u00fdrobci zbran\u00ed a dal\u0161\u00ed poskytovatel\u00e9 vojensk\u00fdch slu\u017eeb v USA, jsou vysoce z\u00e1visl\u00ed na \u010d\u00ednsk\u00fdch vz\u00e1cn\u00fdch zemin\u00e1ch a magnetech.<\/span><\/p>\n<p><span dir=\"auto\">Jest\u0159\u00e1b\u00ed, proti\u010d\u00ednsk\u00fd think tank Centrum pro strategick\u00e1 a mezin\u00e1rodn\u00ed studia (CSIS) \u2013 financovan\u00fd vl\u00e1dou USA, dal\u0161\u00edmi z\u00e1padn\u00edmi vl\u00e1dami a v\u00fdznamn\u00fdmi spole\u010dnostmi vojensko-pr\u016fmyslov\u00e9ho komplexu \u2013 zve\u0159ejnil zpr\u00e1vu varuj\u00edc\u00ed, \u017ee \u201enov\u00e1 \u010d\u00ednsk\u00e1 omezen\u00ed t\u00fdkaj\u00edc\u00ed se vz\u00e1cn\u00fdch zemin a magnet\u016f ohro\u017euj\u00ed dodavatelsk\u00e9 \u0159et\u011bzce americk\u00e9ho obrann\u00e9ho pr\u016fmyslu\u201c.<\/span><\/p>\n<p><span dir=\"auto\">Je ironi\u00ed, \u017ee americk\u00e1 arm\u00e1da pl\u00e1nuje mo\u017enou v\u00e1lku proti \u010c\u00edn\u011b, ale nem\u016f\u017ee tak u\u010dinit bez \u010d\u00ednsk\u00fdch vz\u00e1cn\u00fdch zemin.<\/span><\/p>\n<p><span dir=\"auto\">Z tohoto d\u016fvodu americk\u00e1 vl\u00e1da v posledn\u00edch deseti letech investovala prost\u0159edky do budov\u00e1n\u00ed nov\u00e9ho dodavatelsk\u00e9ho \u0159et\u011bzce pro kritick\u00e9 miner\u00e1ly, kter\u00fd vylu\u010duje \u010c\u00ednu.<\/span><\/p>\n<p><span dir=\"auto\">Odborn\u00e9 \u010dasopisy a m\u00e9dia americk\u00e9ho vojensko-pr\u016fmyslov\u00e9ho komplexu v\u0161ak p\u0159ipou\u0161t\u011bj\u00ed, \u017ee USA realisticky nemohou dohnat produkci vz\u00e1cn\u00fdch zemin.<\/span><\/p>\n<p><span dir=\"auto\">Jak uvedla americk\u00e1 m\u00e9dia National Defense: \u201eSpojen\u00e9 st\u00e1ty nebudou schopny ukon\u010dit svou z\u00e1vislost na \u010c\u00edn\u011b prost\u0159ednictv\u00edm dom\u00e1c\u00ed produkce.\u201c<\/span><\/p>\n<h3><strong><span dir=\"auto\">Americk\u00e1 \u201e\u010dipov\u00e1 v\u00e1lka\u201c m\u00ed\u0159\u00ed na \u010c\u00ednu<\/span><\/strong><\/h3>\n<p><span dir=\"auto\">Je t\u0159eba zd\u016fraznit, \u017ee \u010c\u00edna omezila v\u00fdvoz vz\u00e1cn\u00fdch zemin pouze v reakci na \u00fatoky USA; jednalo se o akt sebeobrany.<\/span><\/p>\n<p><span dir=\"auto\">Trump zah\u00e1jil obchodn\u00ed v\u00e1lku proti \u010c\u00edn\u011b b\u011bhem sv\u00e9ho prvn\u00edho funk\u010dn\u00edho obdob\u00ed. Demokratick\u00e1 administrativa pod veden\u00edm Joea Bidena v\u0161ak v t\u00e9to obchodn\u00ed v\u00e1lce pokra\u010dovala. Nov\u00e1 studen\u00e1 v\u00e1lka \u2013 druh\u00e1 studen\u00e1 v\u00e1lka \u2013 je vedena ve Washingtonu ob\u011bma stranami.<\/span><\/p>\n<p><span dir=\"auto\">Bidenova administrativa ve skute\u010dnosti v\u00fdrazn\u011b omezila v\u00fdvoz technologi\u00ed do \u010c\u00edny a zak\u00e1zala v\u00fdvoz pokro\u010dil\u00fdch polovodi\u010d\u016f a n\u00e1stroj\u016f pro v\u00fdrobu \u010dip\u016f.<\/span><\/p>\n<p><span dir=\"auto\">Washington to pova\u017eoval za Achillovu patu \u010c\u00edny. Ameri\u010dt\u00ed imperi\u00e1ln\u00ed strat\u00e9gov\u00e9 se domn\u00edvali, \u017ee technologick\u00e1 v\u00e1lka proti \u010c\u00edn\u011b by mohla zemi zabr\u00e1nit v doh\u00e1n\u011bn\u00ed \u0161pi\u010dkov\u00fdch pr\u016fmyslov\u00fdch odv\u011btv\u00ed, zejm\u00e9na v oblasti um\u011bl\u00e9 inteligence.<\/span><\/p>\n<p><span dir=\"auto\">Washington doufal, \u017ee velk\u00e9 americk\u00e9 technologick\u00e9 spole\u010dnosti v Silicon Valley budou m\u00edt monopol na um\u011blou inteligenci a \u017ee \u010c\u00edna bude zaost\u00e1vat.<\/span><\/p>\n<p><span dir=\"auto\">Ministryn\u011b obchodu Gina Raimondo dokonce p\u0159ipustila, \u017ee c\u00edlem americk\u00e9 vl\u00e1dy bylo \u201ezpomalit tempo inovac\u00ed v \u010c\u00edn\u011b\u201c.<\/span><\/p>\n<figure class=\"wp-block-image aligncenter\"><img decoding=\"async\" class=\"aligncenter\" src=\"https:\/\/i0.wp.com\/substackcdn.com\/image\/fetch\/%24s_%210405%21%2Cw_1456%2Cc_limit%2Cf_auto%2Cq_auto%3Agood%2Cfl_progressive%3Asteep\/https%3A%2F%2Fsubstack-post-media.s3.amazonaws.com%2Fpublic%2Fimages%2F83fbeda6-30d0-419b-8783-ef95e6dae7ab_1614x1140.png?resize=714%2C504&amp;ssl=1\" alt=\"\" \/><\/figure>\n<p><span dir=\"auto\">To se samoz\u0159ejm\u011b nestalo.<\/span><\/p>\n<p><span dir=\"auto\">Stejn\u011b jako \u010d\u00ednsk\u00e1 omezen\u00ed v\u00fdvozu vz\u00e1cn\u00fdch zemin p\u0159im\u011bla americkou vl\u00e1du investovat zdroje do rozvoje vlastn\u00edho dodavatelsk\u00e9ho \u0159et\u011bzce pro kritick\u00e9 miner\u00e1ly, tot\u00e9\u017e se stalo s polovodi\u010di. Americk\u00e1 omezen\u00ed v\u00fdvozu polovodi\u010d\u016f do \u010c\u00edny vedla Peking k tomu, \u017ee up\u0159ednostnil rozvoj vlastn\u00edho dom\u00e1c\u00edho pr\u016fmyslu s \u010dipy.<\/span><\/p>\n<p><span dir=\"auto\">\u010c\u00ednsk\u00e1 pr\u016fmyslov\u00e1 politika podporovala m\u00edstn\u00ed v\u00fdrobu polovodi\u010d\u016f. A byla docela \u00fasp\u011b\u0161n\u00e1.<\/span><\/p>\n<p><span dir=\"auto\">V dubnu 2024 Raimondo varoval: \u201eP\u0159ibli\u017en\u011b 60 % v\u0161ech nov\u00fdch \u201azastaral\u00fdch \u010dip\u016f\u2018, kter\u00e9 se v p\u0159\u00ed\u0161t\u00edch n\u011bkolika letech objev\u00ed na trhu, bude vyrobeno v \u010c\u00edn\u011b.\u201c Zastaral\u00e9 \u010dipy jsou ty, kter\u00e9 se pou\u017e\u00edvaj\u00ed ve v\u011bt\u0161in\u011b b\u011b\u017en\u00fdch technologi\u00ed. Nejedn\u00e1 se o nejpokro\u010dilej\u0161\u00ed \u010dipy, ale jsou mnohem roz\u0161\u00ed\u0159en\u011bj\u0161\u00ed.<\/span><\/p>\n<p><span dir=\"auto\">Americk\u00e1 \u201ev\u00e1lka o \u010dipy\u201c proti \u010c\u00edn\u011b nakonec vedla Peking ke zv\u00fd\u0161en\u00ed st\u00e1tn\u00edch pob\u00eddek pro dom\u00e1c\u00ed v\u00fdrobu polovodi\u010d\u016f a \u010c\u00edna nyn\u00ed dominuje glob\u00e1ln\u00edmu trhu s \u010dipy.<\/span><\/p>\n<p><span dir=\"auto\">I kdy\u017e \u010c\u00edna ve v\u00fdvoji nejmodern\u011bj\u0161\u00edch \u010dip\u016f zat\u00edm nedohnala \u2013 USA v t\u00e9to oblasti st\u00e1le vedou \u2013 dosahuje rychl\u00e9ho pokroku.<\/span><\/p>\n<p><span dir=\"auto\">Z tohoto d\u016fvodu se Peking rozhodl zak\u00e1zat \u010d\u00ednsk\u00fdm technologick\u00fdm spole\u010dnostem n\u00e1kup \u010dip\u016f od spole\u010dnosti Nvidia, americk\u00e9ho technologick\u00e9ho giganta, kter\u00fd je nyn\u00ed nejv\u011bt\u0161\u00ed spole\u010dnost\u00ed na sv\u011bt\u011b podle tr\u017en\u00ed kapitalizace, proto\u017ee dr\u017e\u00ed monopol na v\u00fdvoj nejmodern\u011bj\u0161\u00edch \u010dip\u016f. \u010c\u00edna uvedla, \u017ee Nvidia poru\u0161uje jej\u00ed antimonopoln\u00ed z\u00e1kony.<\/span><\/p>\n<p><span dir=\"auto\">M\u00edsto toho, aby \u010d\u00ednsk\u00e9 firmy z\u016fstaly z\u00e1visl\u00e9 na n\u00e1kupu \u010dip\u016f Nvidia, chce Peking podpo\u0159it dom\u00e1c\u00ed sob\u011bsta\u010dnost.<\/span><\/p>\n<h3><strong><span dir=\"auto\">\u010c\u00edna dosahuje rychl\u00e9ho pokroku a je l\u00eddrem ve v\u011bt\u0161in\u011b kl\u00ed\u010dov\u00fdch glob\u00e1ln\u00edch technologi\u00ed<\/span><\/strong><\/h3>\n<p><span dir=\"auto\">Rychl\u00fd pokrok \u010c\u00edny ve \u201ev\u00e1lce o \u010dipy\u201c s USA ukazuje \u00fasp\u011bch pekingsk\u00e9 pr\u016fmyslov\u00e9 politiky a jej\u00edho st\u00e1tem \u0159\u00edzen\u00e9ho \u00fasil\u00ed o posun v hodnotov\u00e9m \u0159et\u011bzci a v\u00fdrobu produkt\u016f s vy\u0161\u0161\u00ed p\u0159idanou hodnotou.<\/span><\/p>\n<p><span dir=\"auto\">Tato technologick\u00e1 modernizace je \u00fast\u0159edn\u00edm bodem nov\u00e9ho p\u011btilet\u00e9ho pl\u00e1nu \u010c\u00edny.<\/span><\/p>\n<p><span dir=\"auto\">A\u010dkoli m\u00e1 \u010c\u00edna tr\u017en\u00ed ekonomiku, jedn\u00e1 se o socialistickou tr\u017en\u00ed ekonomiku, v n\u00ed\u017e jsou nejd\u016fle\u017eit\u011bj\u0161\u00ed sektory \u2013 velitelsk\u00e1 centra ekonomiky \u2013 ve vlastnictv\u00ed st\u00e1tu a ve strategick\u00fdch odv\u011btv\u00edch se st\u00e1le pou\u017e\u00edv\u00e1 centr\u00e1ln\u00ed pl\u00e1nov\u00e1n\u00ed.<\/span><\/p>\n<p><span dir=\"auto\">P\u011btilet\u00fd pl\u00e1n Komunistick\u00e9 strany \u010c\u00edny na obdob\u00ed 2026 a\u017e 2030 siln\u011b zd\u016fraz\u0148uje d\u016fle\u017eitost technologick\u00e9ho pokroku.<\/span><\/p>\n<p><span dir=\"auto\">Nov\u00fd p\u011btilet\u00fd pl\u00e1n zejm\u00e9na po\u017eaduje \u201emimo\u0159\u00e1dn\u00e1 opat\u0159en\u00ed\u201c k dosa\u017een\u00ed pr\u016flom\u016f ve v\u00fdrob\u011b pokro\u010dil\u00fdch \u010dip\u016f.<\/span><\/p>\n<p><span dir=\"auto\">To nen\u00ed jen r\u00e9torika. Pokud se pod\u00edv\u00e1te na dosavadn\u00ed pl\u00e1ny \u010c\u00edny, v\u011bt\u0161ina c\u00edl\u016f byla dosa\u017eena.<\/span><\/p>\n<p><span dir=\"auto\">Dobr\u00fdm p\u0159\u00edkladem je iniciativa \u201eMade in China 2025\u201c. Tento pl\u00e1n byl ozn\u00e1men v roce 2015, kdy si Peking stanovil c\u00edl st\u00e1t se glob\u00e1ln\u011b konkurenceschopn\u00fdm v oblasti \u0161pi\u010dkov\u00fdch technologi\u00ed.<\/span><\/p>\n<p><span dir=\"auto\">Agentura Bloomberg dosp\u011bla k z\u00e1v\u011bru, \u017ee \u010c\u00edna byla \u00fasp\u011b\u0161n\u00e1 t\u00e9m\u011b\u0159 ve v\u0161ech odv\u011btv\u00edch, na kter\u00e1 se zam\u011b\u0159ila. Zem\u011b je ji\u017e sv\u011btov\u00fdm l\u00eddrem v p\u011bti kl\u00ed\u010dov\u00fdch technologi\u00edch a v sedmi dal\u0161\u00edch rychle doh\u00e1n\u00ed.<\/span><\/p>\n<figure class=\"wp-block-image aligncenter\"><img decoding=\"async\" loading=\"lazy\" class=\"aligncenter\" src=\"https:\/\/i0.wp.com\/substackcdn.com\/image\/fetch\/%24s_%21bn2S%21%2Cw_1456%2Cc_limit%2Cf_auto%2Cq_auto%3Agood%2Cfl_progressive%3Asteep\/https%3A%2F%2Fsubstack-post-media.s3.amazonaws.com%2Fpublic%2Fimages%2F0cf1f274-75bb-4264-be6a-10b38ac83fdf_1066x1476.png?resize=742%2C1027&amp;ssl=1\" alt=\"\" width=\"660\" height=\"914\" \/><\/figure>\n<p><span dir=\"auto\">To dokonce p\u0159iznal i jeden z\u00e1padn\u00ed think tank, kter\u00fd je velmi proti\u010d\u00ednsk\u00fd.<\/span><\/p>\n<p><span dir=\"auto\">Australsk\u00fd institut pro strategickou politiku (ASPI) je podporov\u00e1n australskou arm\u00e1dou a financov\u00e1n n\u011bkolika z\u00e1padn\u00edmi vl\u00e1dami. Je extr\u00e9mn\u011b agresivn\u00ed a neust\u00e1le \u0161\u00ed\u0159\u00ed proti\u010d\u00ednskou propagandu.<\/span><\/p>\n<p><span dir=\"auto\">Nicm\u00e9n\u011b v roce 2024 ASPI zve\u0159ejnila zpr\u00e1vu, v n\u00ed\u017e uznala, \u017ee \u010c\u00edna dos\u00e1hla v kr\u00e1tk\u00e9m \u010dasov\u00e9m obdob\u00ed neuv\u011b\u0159iteln\u00e9ho technologick\u00e9ho a v\u011bdeck\u00e9ho pokroku.<\/span><\/p>\n<p><span dir=\"auto\">ASPI neochotn\u011b dosp\u011bla k z\u00e1v\u011bru, \u017ee \u010c\u00edna \u201ev sou\u010dasn\u00e9 dob\u011b vede v 57 z 64 kritick\u00fdch technologi\u00ed\u201c, co\u017e p\u0159edstavuje pod\u00edl 89 %.<\/span><\/p>\n<p><span dir=\"auto\">To byl velk\u00fd skok vp\u0159ed ve srovn\u00e1n\u00ed s obdob\u00edm 2003\u20132007, kdy \u010c\u00edna byla l\u00eddrem pouze ve t\u0159ech z 64 kl\u00ed\u010dov\u00fdch technologi\u00ed, co\u017e p\u0159edstavuje pod\u00edl pouh\u00fdch 4,7 %.<\/span><\/p>\n<p><span dir=\"auto\">V ostr\u00e9m kontrastu s t\u00edm tento jest\u0159\u00e1b\u00ed think tank na\u0159\u00edkal nad t\u00edm, \u017ee \u201eUSA ztr\u00e1cej\u00ed silnou historickou v\u00fdhodu, kterou si vybudovaly\u201c.<\/span><\/p>\n<p><span dir=\"auto\">P\u0159ed dv\u011bma desetilet\u00edmi byly USA l\u00eddrem v 60 z 64 kritick\u00fdch technologi\u00ed, co\u017e p\u0159edstavovalo pod\u00edl 94 %.<\/span><\/p>\n<p><span dir=\"auto\">USA jsou dnes l\u00eddrem pouze v sedmi z t\u011bchto 64 technologi\u00ed, co\u017e p\u0159edstavuje pod\u00edl 11 %, m\u011b\u0159eno v letech 2019 a\u017e 2023.<\/span><\/p>\n<p><span dir=\"auto\">To je tektonick\u00fd posun za pouh\u00e9 dv\u011b desetilet\u00ed.<\/span><\/p>\n<figure class=\"wp-block-image aligncenter\"><img decoding=\"async\" loading=\"lazy\" class=\"aligncenter\" src=\"https:\/\/i0.wp.com\/substackcdn.com\/image\/fetch\/%24s_%21N-ya%21%2Cw_1456%2Cc_limit%2Cf_auto%2Cq_auto%3Agood%2Cfl_progressive%3Asteep\/https%3A%2F%2Fsubstack-post-media.s3.amazonaws.com%2Fpublic%2Fimages%2F15da22f5-f082-403e-bc16-c5b7a9eb219a_1526x1207.png?resize=711%2C563&amp;ssl=1\" alt=\"\" width=\"677\" height=\"536\" \/><\/figure>\n<p><span dir=\"auto\">\u010c\u00edna je dnes nespornou technologickou a pr\u016fmyslovou supervelmoc\u00ed sv\u011bta, a to z velk\u00e9 \u010d\u00e1sti d\u00edky pl\u00e1novac\u00ed a pr\u016fmyslov\u00e9 politice vl\u00e1dy.<\/span><\/p>\n<p><span dir=\"auto\">A \u010c\u00edna se nad\u00e1le posouv\u00e1 vp\u0159ed. Jej\u00ed nov\u00fd p\u011btilet\u00fd pl\u00e1n zd\u016fraz\u0148uje d\u016fle\u017eitost \u201etechnologick\u00e9 sob\u011bsta\u010dnosti\u201c, jeliko\u017e zem\u011b doh\u00e1n\u00ed ztr\u00e1ty v odv\u011btv\u00edch, kde st\u00e1le zaost\u00e1v\u00e1.<\/span><\/p>\n<p><span dir=\"auto\">V tomto kontextu nen\u00ed divu, \u017ee obchodn\u00ed v\u00e1lka a technologick\u00e1 v\u00e1lka americk\u00e9 vl\u00e1dy proti \u010c\u00edn\u011b se obr\u00e1tily proti nim.<\/span><\/p>\n<p><span dir=\"auto\">Trumpova administrativa \u010c\u00ednu zjevn\u011b podcenila a rozhodla se, \u017ee k\u00a0zm\u011bn\u011b sv\u00e9 strategie pot\u0159ebuje do\u010dasn\u00e9 p\u0159\u00edm\u011b\u0159\u00ed.<\/span><\/p>\n<h3><strong><span dir=\"auto\">Trump pozastavuje obchodn\u00ed v\u00e1lku na rok s bl\u00ed\u017e\u00edc\u00edmi se volbami do poloviny volebn\u00edho obdob\u00ed v roce 2026<\/span><\/strong><\/h3>\n<p><span dir=\"auto\">Financial Times ozna\u010dil dohodu mezi USA a \u010c\u00ednou za \u201ejednolet\u00e9 obchodn\u00ed p\u0159\u00edm\u011b\u0159\u00ed\u201c.<\/span><\/p>\n<p><span dir=\"auto\">Trump v\u0161ak sv\u00fdm typicky bombastick\u00fdm zp\u016fsobem prohl\u00e1sil, \u017ee to byla \u201e\u00fa\u017easn\u00e1 sch\u016fzka\u201c a \u201ena stupnici od 0 do 10, kde 10 je nejlep\u0161\u00ed, dala sch\u016fzka hodnocen\u00ed 12\u201c.<\/span><\/p>\n<p><span dir=\"auto\">Je to proto, \u017ee Trump v\u017edy tvrd\u00ed, \u017ee v\u0161echno vyhr\u00e1v\u00e1 a nikdy by nep\u0159iznal por\u00e1\u017eku (ani v prezidentsk\u00fdch volb\u00e1ch v USA v roce 2020). Odm\u00edt\u00e1 uznat, \u017ee prohr\u00e1v\u00e1 obchodn\u00ed v\u00e1lku, kterou zah\u00e1jil b\u011bhem sv\u00e9ho prvn\u00edho prezidentsk\u00e9ho obdob\u00ed a masivn\u011b eskalovala v dubnu 2025.<\/span><\/p>\n<p><span dir=\"auto\">D\u016fle\u017eit\u00fdm faktorem, kter\u00fd Trumpa motivuje k usilov\u00e1n\u00ed o toto jednolet\u00e9 p\u0159\u00edm\u011b\u0159\u00ed s \u010c\u00ednou, jsou americk\u00e9 volby do poloviny volebn\u00edho obdob\u00ed v roce 2026.<\/span><\/p>\n<p><span dir=\"auto\">Trump se ob\u00e1v\u00e1, \u017ee dal\u0161\u00ed eskalace obchodn\u00ed v\u00e1lky s \u010c\u00ednou by mohla m\u00edt negativn\u00ed dopad na americkou ekonomiku a ovlivnit \u0161ance Republik\u00e1nsk\u00e9 strany v st\u0159ede\u010dn\u00edch volb\u00e1ch.<\/span><\/p>\n<p><span dir=\"auto\">Pr\u016fzkumy Pew Research ukazuj\u00ed, \u017ee Republik\u00e1nsk\u00e1 strana je velmi nepopul\u00e1rn\u00ed. V\u011bt\u0161ina Ameri\u010dan\u016f pova\u017euje postoje republik\u00e1n\u016f za p\u0159\u00edli\u0161 extr\u00e9mn\u00ed a nev\u011b\u0159\u00ed, \u017ee vl\u00e1dnou \u010destn\u011b. (Studie tak\u00e9 ukazuje, \u017ee demokrat\u00e9 jsou velmi nepopul\u00e1rn\u00ed. Ob\u011b strany se t\u011b\u0161\u00ed n\u00edzk\u00e9 m\u00ed\u0159e d\u016fv\u011bry.)<\/span><\/p>\n<figure class=\"wp-block-image aligncenter\"><img decoding=\"async\" loading=\"lazy\" class=\"aligncenter\" src=\"https:\/\/i0.wp.com\/substackcdn.com\/image\/fetch\/%24s_%21GoMt%21%2Cw_1456%2Cc_limit%2Cf_auto%2Cq_auto%3Agood%2Cfl_progressive%3Asteep\/https%3A%2F%2Fsubstack-post-media.s3.amazonaws.com%2Fpublic%2Fimages%2Fdb3bdd5c-5cca-425e-b090-778917a6055a_620x836.png?resize=620%2C836&amp;ssl=1\" alt=\"\" width=\"588\" height=\"793\" \/><\/figure>\n<p><span dir=\"auto\">Pr\u016fzkumy nav\u00edc ukazuj\u00ed, \u017ee Trump je velmi nepopul\u00e1rn\u00ed.<\/span><\/p>\n<p><span dir=\"auto\">Podle pr\u016fzkumu den\u00edku The Economist m\u011bl Trump k 1. listopadu, 285 dn\u00ed po za\u010d\u00e1tku sv\u00e9ho druh\u00e9ho funk\u010dn\u00edho obdob\u00ed jako prezident USA, \u010dist\u00e9 hodnocen\u00ed schv\u00e1len\u00ed -18 %.<\/span><\/p>\n<p><span dir=\"auto\">Pouze 39 % Ameri\u010dan\u016f podporuje Trumpa a jeho politiku. T\u00e9m\u011b\u0159 t\u0159i p\u011btiny Ameri\u010dan\u016f, konkr\u00e9tn\u011b 57 %, Trumpa odm\u00edtaj\u00ed.<\/span><\/p>\n<figure class=\"wp-block-image aligncenter\"><img decoding=\"async\" loading=\"lazy\" class=\"aligncenter\" src=\"https:\/\/i0.wp.com\/substackcdn.com\/image\/fetch\/%24s_%21t-ib%21%2Cw_1456%2Cc_limit%2Cf_auto%2Cq_auto%3Agood%2Cfl_progressive%3Asteep\/https%3A%2F%2Fsubstack-post-media.s3.amazonaws.com%2Fpublic%2Fimages%2Fcfa03f2c-8ec7-4bda-890d-e21de6239eef_1152x1033.png?resize=717%2C643&amp;ssl=1\" alt=\"\" width=\"645\" height=\"578\" \/><\/figure>\n<h3><strong><span dir=\"auto\">Trumpova cla po\u0161kozuj\u00ed americkou pracuj\u00edc\u00ed t\u0159\u00eddu a zvy\u0161uj\u00ed inflaci<\/span><\/strong><\/h3>\n<p><span dir=\"auto\">Je pochopiteln\u00e9, \u017ee v\u011bt\u0161ina Ameri\u010dan\u016f Trumpa odm\u00edt\u00e1, proto\u017ee jeho politika zp\u016fsobila velk\u00e9 \u0161kody pr\u016fm\u011brn\u00e9mu pracuj\u00edc\u00edmu.<\/span><\/p>\n<p><span dir=\"auto\">B\u0159emeno Trumpov\u00fdch cel dopad\u00e1 z velk\u00e9 \u010d\u00e1sti na bedra americk\u00fdch spot\u0159ebitel\u016f.<\/span><\/p>\n<p><span dir=\"auto\">Podle anal\u00fdzy spole\u010dnosti Goldman Sachs plat\u00ed ameri\u010dt\u00ed spot\u0159ebitel\u00e9 55 % n\u00e1klad\u016f na Trumpova cla.<\/span><\/p>\n<figure class=\"wp-block-image aligncenter\"><img decoding=\"async\" class=\"aligncenter\" src=\"https:\/\/i0.wp.com\/substackcdn.com\/image\/fetch\/%24s_%212Myi%21%2Cw_1456%2Cc_limit%2Cf_auto%2Cq_auto%3Agood%2Cfl_progressive%3Asteep\/https%3A%2F%2Fsubstack-post-media.s3.amazonaws.com%2Fpublic%2Fimages%2F8a594de1-3d17-4b24-83f7-97f3387c655b_1685x634.png?resize=712%2C268&amp;ssl=1\" alt=\"\" \/><\/figure>\n<p><span dir=\"auto\">Trump u\u017e l\u00e9ta fale\u0161n\u011b tvrd\u00ed, \u017ee ostatn\u00ed zem\u011b plat\u00ed cla. To prost\u011b nen\u00ed pravda, je to le\u017e.<\/span><\/p>\n<p><span dir=\"auto\">Cla jsou dan\u00ed z dovozu. Plat\u00ed je dovozci v zemi, kde jsou cla uvalena. Ameri\u010dt\u00ed dovozci tedy plat\u00ed Trumpova cla.<\/span><\/p>\n<p><span dir=\"auto\">Cla plat\u00ed spole\u010dnosti v USA, kter\u00e9 dov\u00e1\u017eej\u00ed zbo\u017e\u00ed z \u010c\u00edny, nikoli \u010d\u00edn\u0161t\u00ed v\u00fdvozci.<\/span><\/p>\n<p><span dir=\"auto\">Dovozci obvykle p\u0159en\u00e1\u0161ej\u00ed n\u00e1klady na tato cla na sv\u00e9 z\u00e1kazn\u00edky ve form\u011b vy\u0161\u0161\u00edch cen. P\u0159esn\u011b to se v sou\u010dasnosti d\u011bje v USA.<\/span><\/p>\n<figure class=\"wp-block-image aligncenter\"><img decoding=\"async\" loading=\"lazy\" class=\"aligncenter\" src=\"https:\/\/i0.wp.com\/substackcdn.com\/image\/fetch\/%24s_%21QpbY%21%2Cw_1456%2Cc_limit%2Cf_auto%2Cq_auto%3Agood%2Cfl_progressive%3Asteep\/https%3A%2F%2Fsubstack-post-media.s3.amazonaws.com%2Fpublic%2Fimages%2F3af876bb-182d-45e2-b3af-f87f4090b9c2_1141x970.png?resize=713%2C606&amp;ssl=1\" alt=\"\" width=\"672\" height=\"571\" \/><\/figure>\n<p><span dir=\"auto\">Jin\u00fdmi slovy, Trumpova cla zv\u00fd\u0161ila spot\u0159ebn\u00ed dan\u011b pro americkou pracuj\u00edc\u00ed t\u0159\u00eddu. Jedn\u00e1 se o formu regresivn\u00edho zdan\u011bn\u00ed.<\/span><\/p>\n<p><span dir=\"auto\">Z\u00e1rove\u0148 Trump masivn\u011b sn\u00ed\u017eil dan\u011b pro nejbohat\u0161\u00ed Ameri\u010dany, \u010d\u00edm\u017e fakticky p\u0159esunul da\u0148ov\u00e9 b\u0159emeno z kapit\u00e1lu na pr\u00e1ci.<\/span><\/p>\n<figure class=\"wp-block-image aligncenter\"><img decoding=\"async\" loading=\"lazy\" class=\"aligncenter\" src=\"https:\/\/i0.wp.com\/substackcdn.com\/image\/fetch\/%24s_%21ytyh%21%2Cw_1456%2Cc_limit%2Cf_auto%2Cq_auto%3Agood%2Cfl_progressive%3Asteep\/https%3A%2F%2Fsubstack-post-media.s3.amazonaws.com%2Fpublic%2Fimages%2F78d17f9d-20ea-4257-adaa-1faa50b43ebb_2251x2088.png?resize=729%2C676&amp;ssl=1\" alt=\"\" width=\"668\" height=\"619\" \/><\/figure>\n<p><span dir=\"auto\">Nav\u00edc se to d\u011bje v dob\u011b, kdy inflace spot\u0159ebitelsk\u00fdch cen v USA z\u016fst\u00e1v\u00e1 relativn\u011b vysok\u00e1.<\/span><\/p>\n<p><span dir=\"auto\">Index spot\u0159ebitelsk\u00fdch cen (CPI) v z\u00e1\u0159\u00ed 2025 \u010dinil 3 %. Z\u016fst\u00e1v\u00e1 tak nad infla\u010dn\u00edm c\u00edlem 2 % stanoven\u00fdm americk\u00fdm Feder\u00e1ln\u00edm rezervn\u00edm syst\u00e9mem.<\/span><\/p>\n<p><span dir=\"auto\">Inflace spot\u0159ebitelsk\u00fdch cen vzrostla od dubna, kdy Trump uvalil masivn\u00ed cla na zem\u011b po cel\u00e9m sv\u011bt\u011b.<\/span><\/p>\n<figure class=\"wp-block-image aligncenter\"><img decoding=\"async\" class=\"aligncenter\" src=\"https:\/\/i0.wp.com\/substackcdn.com\/image\/fetch\/%24s_%21BuMl%21%2Cw_1456%2Cc_limit%2Cf_auto%2Cq_auto%3Agood%2Cfl_progressive%3Asteep\/https%3A%2F%2Fsubstack-post-media.s3.amazonaws.com%2Fpublic%2Fimages%2Fd3a12263-8819-4fa8-9401-dafd40bc9057_1971x760.png?resize=565%2C218&amp;ssl=1\" alt=\"\" \/><\/figure>\n<p><span dir=\"auto\">To je hluboce ironick\u00e9, proto\u017ee inflace byla hlavn\u00edm d\u016fvodem, pro\u010d Trump vyhr\u00e1l americk\u00e9 prezidentsk\u00e9 volby v roce 2024.<\/span><\/p>\n<p><span dir=\"auto\">Kv\u016fli naru\u0161en\u00ed dodavatelsk\u00e9ho \u0159et\u011bzce b\u011bhem pandemie Covid-19 trp\u011bly zem\u011b po cel\u00e9m sv\u011bt\u011b v letech 2022\u20132023 vysokou m\u00edrou inflace.<\/span><\/p>\n<p><span dir=\"auto\">V USA dos\u00e1hl index spot\u0159ebitelsk\u00fdch cen v \u010dervnu 2022 vrcholu 9 %. Jednalo se o nejvy\u0161\u0161\u00ed \u00farove\u0148 za n\u011bkolik desetilet\u00ed.<\/span><\/p>\n<p><span dir=\"auto\">V\u011bt\u0161ina politick\u00fdch stran a v\u016fdc\u016f, kte\u0159\u00ed byli u moci b\u011bhem t\u00e9to infla\u010dn\u00ed krize, volby prohr\u00e1la. USA nebyly v\u00fdjimkou.<\/span><\/p>\n<p><span dir=\"auto\">Ameri\u010dt\u00ed voli\u010di uvedli, \u017ee ekonomika byla nejd\u016fle\u017eit\u011bj\u0161\u00edm t\u00e9matem voleb v roce 2024.<\/span><\/p>\n<p><span dir=\"auto\">Bidenova administrativa nezvl\u00e1dla infla\u010dn\u00ed krizi dob\u0159e. Nerovnost v USA prudce vzrostla; bohat\u00ed se stali mnohem, mnohem bohat\u0161\u00edmi, zat\u00edmco chud\u00ed a d\u011blnick\u00e1 t\u0159\u00edda se pot\u00fdkaly s probl\u00e9my.<\/span><\/p>\n<p><span dir=\"auto\">Trump prohla\u0161oval, \u017ee vy\u0159e\u0161\u00ed ekonomick\u00e9 probl\u00e9my a sn\u00ed\u017e\u00ed inflaci. Nepoda\u0159ilo se mu to v\u0161ak; ve skute\u010dnosti probl\u00e9my je\u0161t\u011b zhor\u0161il. Trumpova politika prosp\u011bla p\u0159edev\u0161\u00edm miliard\u00e1\u0159\u016fm, jako byl on s\u00e1m a tucet dal\u0161\u00edch miliard\u00e1\u0159\u016f v jeho administrativ\u011b.<\/span><\/p>\n<p><span dir=\"auto\">Biden, Kamala Harrisov\u00e1 a Demokratick\u00e1 strana v\u0161ak nenavrhli \u017e\u00e1dn\u00e1 opat\u0159en\u00ed vst\u0159\u00edcn\u00e1 pracuj\u00edc\u00edm, kter\u00e1 by tyto ekonomick\u00e9 probl\u00e9my vy\u0159e\u0161ila. Nepoda\u0159ilo se jim nab\u00eddnout alternativu k neoliber\u00e1ln\u00edmu status quo.<\/span><\/p>\n<p><span dir=\"auto\">Trump vyhr\u00e1l volby, proto\u017ee m\u011bl zjednodu\u0161uj\u00edc\u00ed poselstv\u00ed a tvrdil, \u017ee tyto hluboce zako\u0159en\u011bn\u00e9 struktur\u00e1ln\u00ed ekonomick\u00e9 probl\u00e9my vy\u0159e\u0161\u00ed n\u011bkolika rychl\u00fdmi \u0159e\u0161en\u00edmi: hled\u00e1n\u00edm ob\u011btn\u00edch ber\u00e1nk\u016f na imigrantech, prov\u00e1d\u011bn\u00edm masov\u00fdch deportac\u00ed a zav\u00e1d\u011bn\u00edm cel.<\/span><\/p>\n<p><span dir=\"auto\">Tato opat\u0159en\u00ed situaci jen zhor\u0161ila.<\/span><\/p>\n<h3><strong><span dir=\"auto\">USA ztr\u00e1cej\u00ed pracovn\u00ed m\u00edsta ve v\u00fdrobn\u00edm pr\u016fmyslu<\/span><\/strong><\/h3>\n<p><span dir=\"auto\">Trump prohla\u0161oval, \u017ee reindustrializuje USA a obnov\u00ed dobr\u00e1 pracovn\u00ed m\u00edsta ve v\u00fdrob\u011b. Stal se prav\u00fd opak.<\/span><\/p>\n<p><span dir=\"auto\">Po\u010det pracovn\u00edch m\u00edst ve zpracovatelsk\u00e9m pr\u016fmyslu se za Trumpa skute\u010dn\u011b sn\u00ed\u017eil.<\/span><\/p>\n<p><span dir=\"auto\">Podle \u00fadaj\u016f \u00da\u0159adu statistiky pr\u00e1ce (BLS) bylo v USA mezi dubnem, kdy Trump zah\u00e1jil svou glob\u00e1ln\u00ed obchodn\u00ed v\u00e1lku, a srpnem 2025 ztraceno 42 000 pracovn\u00edch m\u00edst ve v\u00fdrob\u011b.<\/span><\/p>\n<figure class=\"wp-block-image aligncenter\"><img decoding=\"async\" class=\"aligncenter\" src=\"https:\/\/i0.wp.com\/substackcdn.com\/image\/fetch\/%24s_%21hNT9%21%2Cw_1456%2Cc_limit%2Cf_auto%2Cq_auto%3Agood%2Cfl_progressive%3Asteep\/https%3A%2F%2Fsubstack-post-media.s3.amazonaws.com%2Fpublic%2Fimages%2F8df21d97-7e7a-4635-a508-85df575259ba_1797x715.png?resize=714%2C284&amp;ssl=1\" alt=\"\" \/><\/figure>\n<p><span dir=\"auto\">Pr\u016fzkumy mezi v\u00fdrobci uk\u00e1zaly, \u017ee hlavn\u00edm d\u016fvodem ztr\u00e1ty pracovn\u00edch m\u00edst je extr\u00e9mn\u00ed nejistota spojen\u00e1 s Trumpov\u00fdmi cly a obchodn\u00ed v\u00e1lkou.<\/span><\/p>\n<p><span dir=\"auto\">Stanice CBS News uvedla, \u017ee mnoho pracovn\u00edk\u016f, kte\u0159\u00ed p\u0159i\u0161li o pr\u00e1ci, vyr\u00e1b\u011blo zbo\u017e\u00ed, jako jsou automobily, dom\u00e1c\u00ed spot\u0159ebi\u010de a elektronika. Jednalo se o relativn\u011b dob\u0159e placen\u00e1 zam\u011bstn\u00e1n\u00ed, kter\u00e1 poskytovala stabilitu d\u011blnick\u00fdm rodin\u00e1m.<\/span><\/p>\n<h3><strong><span dir=\"auto\">Trumpova cla po\u0161kozuj\u00ed americk\u00e9 farm\u00e1\u0159e, z nich\u017e mnoz\u00ed pro n\u011bj hlasovali<\/span><\/strong><\/h3>\n<p><span dir=\"auto\">Trumpova obchodn\u00ed v\u00e1lka proti \u010c\u00edn\u011b tak\u00e9 po\u0161kozuje d\u016fle\u017eitou \u010d\u00e1st jeho voli\u010d\u016f: farm\u00e1\u0159e.<\/span><\/p>\n<p><span dir=\"auto\">Ameri\u010dt\u00ed p\u011bstitel\u00e9 s\u00f3ji jsou siln\u011b z\u00e1visl\u00ed na exportu na \u010d\u00ednsk\u00fd trh.<\/span><\/p>\n<p><span dir=\"auto\">V r\u00e1mci dohody, kter\u00e9 v \u0159\u00edjnu v Ji\u017en\u00ed Koreji dos\u00e1hli Trump a prezident Si \u0164in-pching, se ministr financ\u00ed Scott Bessent pochlubil, \u017ee \u010c\u00edna souhlasila s n\u00e1kupem 12 milion\u016f tun americk\u00e9 s\u00f3ji.<\/span><\/p>\n<p><span dir=\"auto\">To m\u016f\u017ee zn\u00edt jako hodn\u011b, ale ve skute\u010dnosti to p\u0159edstavuje prudk\u00fd pokles oproti p\u0159edchoz\u00edmu roku. Agentura Reuters uvedla, \u017ee \u010c\u00edna v minul\u00e9 sez\u00f3n\u011b nakoupila 22,5 milionu tun s\u00f3jov\u00fdch bob\u016f z USA.<\/span><\/p>\n<p><span dir=\"auto\">Podle Bessenta se \u010c\u00edna zav\u00e1zala k n\u00e1kupu 25 milion\u016f tun americk\u00e9 s\u00f3ji ro\u010dn\u011b po dobu p\u0159\u00ed\u0161t\u00edch t\u0159\u00ed let. To je v\u0161ak pod ro\u010dn\u00edm pr\u016fm\u011brem 28,8 milionu tun, kter\u00e9 \u010c\u00edna od USA nakupovala ji\u017e p\u0159ed za\u010d\u00e1tkem nov\u00e9 f\u00e1ze obchodn\u00ed v\u00e1lky za Trumpa v dubnu.<\/span><\/p>\n<p><span dir=\"auto\">\u010c\u00edna pozastavila dovoz s\u00f3ji v reakci na Trumpovu agresivn\u00ed a jednostrannou obchodn\u00ed v\u00e1lku.<\/span><\/p>\n<p><span dir=\"auto\">Ve skute\u010dnosti \u010c\u00edna t\u00edm, \u017ee souhlas\u00ed s n\u00e1kupem s\u00f3ji, ned\u011bl\u00e1 \u017e\u00e1dn\u00e9 \u00fastupky Trumpov\u011b administrativ\u011b, ale pouze se vrac\u00ed ke status quo ante.<\/span><\/p>\n<p><span dir=\"auto\">Mezit\u00edm ameri\u010dt\u00ed farm\u00e1\u0159i b\u011bhem t\u00e9to obchodn\u00ed v\u00e1lky utrp\u011bli neopodstatn\u011bn\u00e9 v\u00e1\u017en\u00e9 ekonomick\u00e9 ztr\u00e1ty.<\/span><\/p>\n<p><span dir=\"auto\">\u201ePokles \u010d\u00ednsk\u00e9 popt\u00e1vky st\u00e1l americk\u00e9 farm\u00e1\u0159e \u2013 kl\u00ed\u010dov\u00fd pil\u00ed\u0159 Trumpovy politick\u00e9 z\u00e1kladny \u2013 miliardy dolar\u016f ve ztr\u00e1t\u011b p\u0159\u00edjm\u016f a dohoda by znamenala n\u00e1vrat k norm\u00e1lu v obchodu,\u201c napsala agentura Reuters.<\/span><\/p>\n<p><span dir=\"auto\">To op\u011bt ukazuje, \u017ee Bessentovo tvrzen\u00ed, \u017ee \u010c\u00edna m\u011bla \u201eslab\u0161\u00ed pozici\u201c, bylo opakem reality. \u010c\u00edna m\u011bla v\u00edce mo\u017enost\u00ed ne\u017e USA.<\/span><\/p>\n<p><span dir=\"auto\">Kdy\u017e Trump masivn\u011b eskaloval obchodn\u00ed v\u00e1lku s USA, \u010c\u00edna reagovala v\u00fdrazn\u011b vy\u0161\u0161\u00edmi n\u00e1kupy s\u00f3ji z Argentiny.<\/span><\/p>\n<p><span dir=\"auto\">\u010c\u00edna tak\u00e9 zv\u00fd\u0161ila n\u00e1kup s\u00f3ji z Braz\u00edlie, kter\u00e1 se stala d\u016fle\u017eit\u00fdm obchodn\u00edm partnerem a spojencem \u010c\u00edny.<\/span><\/p>\n<p><span dir=\"auto\">Braz\u00edlie je v n\u00e1zvu BRICS; je jedn\u00edm ze zakl\u00e1daj\u00edc\u00edch \u010dlen\u016f organizace veden\u00e9 Glob\u00e1ln\u00edm Jihem. Rostouc\u00ed partnerstv\u00ed mezi \u010c\u00ednou a Braz\u00edli\u00ed ukazuje, \u017ee Peking m\u00e1 alternativy k USA.<\/span><\/p>\n<p><span dir=\"auto\">Trumpova administrativa v\u011b\u0159ila sv\u00fdm vlastn\u00edm propagandistick\u00fdm slogan\u016fm a byla p\u0159esv\u011bd\u010dena, \u017ee \u010c\u00edna je izolov\u00e1na. To byla jej\u00ed chyba.<\/span><\/p>\n<p><span dir=\"auto\">Tato katastrof\u00e1ln\u00ed, sebedestruktivn\u00ed epizoda zlov\u011bstn\u011b p\u0159ipom\u00ednala Trumpovo prvn\u00ed funk\u010dn\u00ed obdob\u00ed (2017\u20132021), kdy zah\u00e1jil obchodn\u00ed v\u00e1lku proti \u010c\u00edn\u011b.<\/span><\/p>\n<p><span dir=\"auto\">T\u00e9m\u011b\u0159 ve\u0161ker\u00e9 p\u0159\u00edjmy, kter\u00e9 americk\u00e1 vl\u00e1da generovala uvalen\u00edm cel na \u010c\u00ednu v letech 2018 a\u017e 2020, byly nakonec ve form\u011b pomoci a dotac\u00ed p\u0159evedeny na americk\u00e9 zem\u011bd\u011blce. Ty p\u0159edstavovaly 92 % celn\u00edch p\u0159\u00edjm\u016f.<\/span><\/p>\n<figure class=\"wp-block-image aligncenter\"><img decoding=\"async\" class=\"aligncenter\" src=\"https:\/\/i0.wp.com\/substackcdn.com\/image\/fetch\/%24s_%21GliE%21%2Cw_1456%2Cc_limit%2Cf_auto%2Cq_auto%3Agood%2Cfl_progressive%3Asteep\/https%3A%2F%2Fsubstack-post-media.s3.amazonaws.com%2Fpublic%2Fimages%2Fd6eae893-2c21-4713-ba52-ecd36b174646_1360x790.webp?resize=717%2C417&amp;ssl=1\" alt=\"\" \/><\/figure>\n<p><span dir=\"auto\">Trump tvrdil, \u017ee jeho cla \u00fadajn\u011b vygeneruj\u00ed vysok\u00e9 p\u0159\u00edjmy pro americkou vl\u00e1du \u2013 nicm\u00e9n\u011b nezm\u00ednil, \u017ee tyto p\u0159\u00edjmy poch\u00e1zej\u00ed od americk\u00e9 pracuj\u00edc\u00ed t\u0159\u00eddy, jeliko\u017e jeho cla p\u0159edstavuj\u00ed regresivn\u00ed da\u0148 na spot\u0159ebu dov\u00e1\u017een\u00e9ho zbo\u017e\u00ed.<\/span><\/p>\n<p><span dir=\"auto\">Ale i velk\u00e1 \u010d\u00e1st p\u0159\u00edjm\u016f, kter\u00e9 americk\u00e1 vl\u00e1da generovala prost\u0159ednictv\u00edm cel b\u011bhem Trumpova prvn\u00edho funk\u010dn\u00edho obdob\u00ed, se Ameri\u010dan\u016fm vr\u00e1tila ve form\u011b finan\u010dn\u00ed pomoci na n\u00e1pravu ekonomick\u00fdch \u0161kod zp\u016fsoben\u00fdch Trumpovou obchodn\u00ed v\u00e1lkou.<\/span><\/p>\n<p><span dir=\"auto\">Druh\u00e1 Trumpova administrativa opakovala stejn\u00e1 sebedestruktivn\u00ed opat\u0159en\u00ed. Zva\u017eovala vyplacen\u00ed dal\u0161\u00edch 10 miliard dolar\u016f americk\u00fdm farm\u00e1\u0159\u016fm po\u0161kozen\u00fdm Trumpovou obchodn\u00ed v\u00e1lkou, stejn\u011b jako to ud\u011blala b\u011bhem jeho prvn\u00edho funk\u010dn\u00edho obdob\u00ed.<\/span><\/p>\n<p><span dir=\"auto\">Vzhledem ke v\u0161em t\u011bmto informac\u00edm nen\u00ed divu, \u017ee Trumpova obchodn\u00ed v\u00e1lka proti \u010c\u00edn\u011b selhala. Je rozporupln\u00e1, hloup\u00e1 a sebevra\u017eedn\u00e1; a je zalo\u017eena na l\u017e\u00edch, kter\u00e9 hrub\u011b podce\u0148uj\u00ed ekonomick\u00e9 siln\u00e9 str\u00e1nky \u010c\u00edny a z\u00e1rove\u0148 beznad\u011bjn\u011b bagatelizuj\u00ed hlubok\u00e9 struktur\u00e1ln\u00ed probl\u00e9my americk\u00e9 ekonomiky.<\/span><\/p>\n<\/div>\n<\/div>\n<div class=\"elementor-element elementor-element-8c57238 quelle dc-has-condition dc-condition-empty elementor-widget elementor-widget-heading\" data-id=\"8c57238\" data-element_type=\"widget\" data-widget_type=\"heading.default\">\n<div class=\"elementor-widget-container\">\n<h3 class=\"elementor-heading-title elementor-size-default\"><span style=\"font-size: 10pt;\"><a href=\"https:\/\/www.geopoliticaleconomy.report\/p\/trump-losing-trade-war-china-us-economy?utm_source=post-email-title&amp;publication_id=457596&amp;post_id=177709326&amp;utm_campaign=email-post-title&amp;isFreemail=true&amp;r=pf6gr&amp;triedRedirect=true&amp;utm_medium=email\" target=\"_blank\" rel=\"nofollow noopener\"><span dir=\"auto\">Zdroj<\/span><\/a><\/span><\/h3>\n<p>&nbsp;<\/p>\n<\/div>\n<\/div>\n","protected":false},"excerpt":{"rendered":"<p>Americk\u00e1 ekonomika je zraniteln\u00e1 a mnohem v\u00edce z\u00e1visl\u00e1 na \u010c\u00edn\u011b ne\u017e naopak. Dokazuje to ro\u010dn\u00ed&#8230;<\/p>\n","protected":false},"author":2,"featured_media":89980,"comment_status":"closed","ping_status":"closed","sticky":false,"template":"","format":"standard","meta":[],"categories":[7],"tags":[3888,30,3965,37],"_links":{"self":[{"href":"https:\/\/www.infokuryr.cz\/n\/wp-json\/wp\/v2\/posts\/91767"}],"collection":[{"href":"https:\/\/www.infokuryr.cz\/n\/wp-json\/wp\/v2\/posts"}],"about":[{"href":"https:\/\/www.infokuryr.cz\/n\/wp-json\/wp\/v2\/types\/post"}],"author":[{"embeddable":true,"href":"https:\/\/www.infokuryr.cz\/n\/wp-json\/wp\/v2\/users\/2"}],"replies":[{"embeddable":true,"href":"https:\/\/www.infokuryr.cz\/n\/wp-json\/wp\/v2\/comments?post=91767"}],"version-history":[{"count":1,"href":"https:\/\/www.infokuryr.cz\/n\/wp-json\/wp\/v2\/posts\/91767\/revisions"}],"predecessor-version":[{"id":91768,"href":"https:\/\/www.infokuryr.cz\/n\/wp-json\/wp\/v2\/posts\/91767\/revisions\/91768"}],"wp:featuredmedia":[{"embeddable":true,"href":"https:\/\/www.infokuryr.cz\/n\/wp-json\/wp\/v2\/media\/89980"}],"wp:attachment":[{"href":"https:\/\/www.infokuryr.cz\/n\/wp-json\/wp\/v2\/media?parent=91767"}],"wp:term":[{"taxonomy":"category","embeddable":true,"href":"https:\/\/www.infokuryr.cz\/n\/wp-json\/wp\/v2\/categories?post=91767"},{"taxonomy":"post_tag","embeddable":true,"href":"https:\/\/www.infokuryr.cz\/n\/wp-json\/wp\/v2\/tags?post=91767"}],"curies":[{"name":"wp","href":"https:\/\/api.w.org\/{rel}","templated":true}]}}