{"id":91764,"date":"2025-11-09T00:22:10","date_gmt":"2025-11-08T23:22:10","guid":{"rendered":"https:\/\/www.infokuryr.cz\/n\/?p=91764"},"modified":"2025-11-08T06:46:46","modified_gmt":"2025-11-08T05:46:46","slug":"chris-hedge-dum-smrti","status":"publish","type":"post","link":"https:\/\/www.infokuryr.cz\/n\/2025\/11\/09\/chris-hedge-dum-smrti\/","title":{"rendered":"Chris Hedge: D\u016fm smrti"},"content":{"rendered":"<div id=\"fb-root\"><\/div>\n<div class=\"elementor-element elementor-element-1fb4c2c elementor-widget elementor-widget-theme-post-content\" data-id=\"1fb4c2c\" data-element_type=\"widget\" data-widget_type=\"theme-post-content.default\">\n<div class=\"elementor-widget-container\">\n<p><span dir=\"auto\">Genocida v Gaze nen\u00ed n\u011bjak\u00e1 hrozn\u00e1 anom\u00e1lie. Je to p\u0159edzv\u011bst toho, co n\u00e1s \u010dek\u00e1, a\u017e se ekosyst\u00e9m zhrout\u00ed a vl\u00e1dy se uch\u00fdl\u00ed ke klimatick\u00e9mu fa\u0161ismu.<\/span><\/p>\n<p><span dir=\"auto\">Gaza neznamen\u00e1 konec osadnicko-koloni\u00e1ln\u00edho projektu. Ob\u00e1v\u00e1m se, \u017ee p\u0159edstavuje jeho z\u00e1v\u011bre\u010dnou f\u00e1zi. Z\u00e1padn\u00ed st\u00e1ty, obohacen\u00e9 vlastn\u00edmi okupacemi a genocidami \u2013 v Indii, Africe, Asii, Latinsk\u00e9 Americe a Severn\u00ed Americe \u2013 se vracej\u00ed ke sv\u00fdm ko\u0159en\u016fm, kdy\u017e \u010del\u00ed glob\u00e1ln\u00ed klimatick\u00e9 krizi a monstr\u00f3zn\u00ed \u00farovni soci\u00e1ln\u00ed nerovnosti, kterou vytv\u00e1\u0159ej\u00ed a udr\u017euj\u00ed.<\/span><\/p>\n<p><span dir=\"auto\">Zat\u00edmco se sv\u011bt hrout\u00ed, zat\u00edmco klimatick\u00e1 krize \u017eene miliony, pak des\u00edtky milion\u016f a pak stovky milion\u016f lid\u00ed na sever v zoufal\u00e9 snaze o p\u0159e\u017eit\u00ed, genocida v Gaze, kterou Izrael pomalu prov\u00e1d\u00ed, dokud se mu nepoda\u0159\u00ed obnovit sv\u00e9 obvykl\u00e9 vra\u017eedn\u00e9 tempo, se bude opakovat znovu a znovu a znovu, dokud se nerozpadnou k\u0159ehk\u00e9 soci\u00e1ln\u00ed a ekologick\u00e9 s\u00edt\u011b, kter\u00e9 dr\u017e\u00ed glob\u00e1ln\u00ed spole\u010denstv\u00ed pohromad\u011b.<\/span><\/p>\n<p><span dir=\"auto\">Odm\u00edt\u00e1n\u00ed osvobodit se od fosiln\u00edch paliv a neust\u00e1l\u00e9 nasycen\u00ed atmosf\u00e9ry emisemi oxidu uhli\u010dit\u00e9ho (CO2) zaji\u0161\u0165uj\u00ed, \u017ee teploty porostou do bodu, kdy se v\u011bt\u0161ina \u017eivota, v\u010detn\u011b lidsk\u00e9ho, nakonec stane neudr\u017eitelnou. Pr\u016fm\u011brn\u00e1 glob\u00e1ln\u00ed koncentrace CO2 se podle N\u00e1rodn\u00edho \u00fa\u0159adu pro oce\u00e1n a atmosf\u00e9ru (NOAA) od \u010dervna 2023 do \u010dervna 2024 zv\u00fd\u0161ila o 3,5 ppm a dos\u00e1hla pr\u016fm\u011bru 422,8 ppm. V n\u00e1sleduj\u00edc\u00edch dvan\u00e1cti m\u011bs\u00edc\u00edch do\u0161lo k dal\u0161\u00edmu n\u00e1r\u016fstu o 2,6 ppm CO2. N\u00e1siln\u00e9 konflikty, ji\u017e tak zhor\u0161en\u00e9 extr\u00e9mn\u00edm po\u010das\u00edm a nedostatkem vody, propuknou po cel\u00e9m sv\u011bt\u011b se sope\u010dnou zu\u0159ivost\u00ed.<\/span><\/p>\n<p><span dir=\"auto\">Nen\u00ed \u017e\u00e1dn\u00fdm tajemstv\u00edm, pro\u010d genocidu financuj\u00ed a udr\u017euj\u00ed z\u00e1padn\u00ed spojenci Izraele. Nen\u00ed \u017e\u00e1dn\u00fdm tajemstv\u00edm, pro\u010d tyto st\u00e1ty ignoruj\u00ed \u017denevsk\u00e9 \u00famluvy, Mezin\u00e1rodn\u00ed soudn\u00ed dv\u016fr, Smlouvu o obchodu se zbran\u011bmi, \u00damluvu OSN o mo\u0159sk\u00e9m pr\u00e1vu a mezin\u00e1rodn\u00ed humanit\u00e1rn\u00ed pr\u00e1vo. Nen\u00ed \u017e\u00e1dn\u00fdm tajemstv\u00edm, pro\u010d Spojen\u00e9 st\u00e1ty poskytly Izraeli od 7. \u0159\u00edjna 2023 ohromuj\u00edc\u00edch 21,7 miliard dolar\u016f vojensk\u00e9 pomoci a opakovan\u011b blokovaly rezoluce OSN odsuzuj\u00edc\u00ed Izrael za to, co ned\u00e1vn\u00e1 zpr\u00e1va OSN o Gaze ozna\u010duje za \u201emezin\u00e1rodn\u011b umo\u017en\u011bn\u00fd zlo\u010din\u201c.<\/span><\/p>\n<p><span dir=\"auto\">USA jsou zodpov\u011bdn\u00e9 za dv\u011b t\u0159etiny izraelsk\u00e9ho dovozu zbran\u00ed. Nejsou v\u0161ak samy. Zpr\u00e1va jmenuje 63 zem\u00ed, kter\u00e9 jsou spoluvin\u00edky \u201eizraelsk\u00e9 genocidn\u00ed ma\u0161in\u00e9rie\u201c v Gaze.<\/span><\/p>\n<p><span dir=\"auto\">Podle zpr\u00e1vy Quincyho institutu a projektu Costs of War, zve\u0159ejn\u011bn\u00e9 7. \u0159\u00edjna leto\u0161n\u00edho roku, \u201e[p]o americk\u00fdch pen\u011bz\u00edch, zbran\u00edch a politick\u00e9 podpo\u0159e by izraelsk\u00e1 arm\u00e1da nemohla prov\u00e9st tak rychl\u00e9 a rozs\u00e1hl\u00e9 ni\u010den\u00ed lidsk\u00fdch \u017eivot\u016f a infrastruktury v Gaze ani tak snadno eskalovat svou v\u00e1lku na region\u00e1ln\u00ed \u00farove\u0148 bombardov\u00e1n\u00edm S\u00fdrie, Libanonu, Kataru a \u00cdr\u00e1nu.\u201c<\/span><\/p>\n<p><span dir=\"auto\">Nen\u00ed \u017e\u00e1dn\u00fdm tajemstv\u00edm, pro\u010d tis\u00edce ob\u010dan\u016f z USA, Ruska, Francie, Ukrajiny a Spojen\u00e9ho kr\u00e1lovstv\u00ed slou\u017e\u00ed v izraelsk\u00fdch okupa\u010dn\u00edch sil\u00e1ch a nejsou pohn\u00e1ni k odpov\u011bdnosti za svou \u00fa\u010dast na genocid\u011b.<\/span><\/p>\n<p><span dir=\"auto\">\u201eMnoho st\u00e1t\u016f, zejm\u00e9na z\u00e1padn\u00edch, umo\u017enilo, legitimizovalo a nakonec normalizovalo genocidn\u00ed kampa\u0148 p\u00e1chanou Izraelem,\u201c uv\u00e1d\u00ed se ve zpr\u00e1v\u011b OSN, kterou sestavila Francesca Albaneseov\u00e1, zvl\u00e1\u0161tn\u00ed zpravodajka pro situaci v oblasti lidsk\u00fdch pr\u00e1v na palestinsk\u00fdch \u00fazem\u00edch okupovan\u00fdch od roku 1967. \u201eT\u00edm, \u017ee palestinsk\u00e9 civilisty vykreslovaly jako \u201a\u017eiv\u00e9 \u0161t\u00edty\u2018 a \u0161ir\u0161\u00ed \u00fatok na Gazu jako bitvu civilizace proti barbarstv\u00ed, reprodukovaly izraelsk\u00e9 zkreslov\u00e1n\u00ed mezin\u00e1rodn\u00edho pr\u00e1va a koloni\u00e1ln\u00ed kli\u0161\u00e9 a sna\u017eily se ospravedlnit svou vlastn\u00ed spolu\u00fa\u010dast na genocid\u011b.\u201c<\/span><\/p>\n<p><span dir=\"auto\">Podle zpr\u00e1vy USA do z\u00e1\u0159\u00ed 2024 dodaly Izraeli \u201e57 000 d\u011blost\u0159eleck\u00fdch gran\u00e1t\u016f, 36 000 n\u00e1boj\u016f do kan\u00f3n\u016f, 20 000 pu\u0161ek M4A1, 13 981 protitankov\u00fdch st\u0159el a 8 700 bomb MK-82 o hmotnosti 500 liber.\u201c \u201eDo dubna 2025 m\u011bl Izrael 751 aktivn\u00edch prodej\u016f v hodnot\u011b 39,2 miliard dolar\u016f.\u201c<\/span><\/p>\n<p><span dir=\"auto\">Uvid\u00edme to znovu. Stejn\u00e9 masov\u00e9 zab\u00edjen\u00ed. Stejnou d\u00e9monizaci chud\u00fdch a slab\u00fdch. Stejn\u00e9 kli\u0161\u00e9 o z\u00e1chran\u011b z\u00e1padn\u00ed civilizace p\u0159ed barbarstv\u00edm. Stejnou bezcitnou lhostejnost k lidsk\u00e9mu \u017eivotu. Stejn\u00e9 l\u017ei. Stejn\u00e9 miliardy dolar\u016f zisk\u016f vyt\u011b\u017een\u00fdch v\u00e1le\u010dn\u00fdm pr\u016fmyslem a pou\u017eit\u00fdch k udu\u0161en\u00ed nejen t\u011bch za na\u0161imi branami, ale i t\u011bch uvnit\u0159.<\/span><\/p>\n<p><span dir=\"auto\">Jak zareaguj\u00ed nejbohat\u0161\u00ed n\u00e1rody, a\u017e budou jejich pob\u0159e\u017en\u00ed m\u011bsta zaplavena, v\u00fdnosy plodin prudce klesnou a sucha a z\u00e1plavy vyhnaly miliony lid\u00ed z domov\u016f? Jak nahrad\u00ed ub\u00fdvaj\u00edc\u00ed zdroje? Jak se vypo\u0159\u00e1daj\u00ed se stovkami milion\u016f klimatick\u00fdch uprchl\u00edk\u016f, kte\u0159\u00ed jim klepou na br\u00e1ny? Jak zareaguj\u00ed na soci\u00e1ln\u00ed nepokoje, klesaj\u00edc\u00ed \u017eivotn\u00ed \u00farove\u0148, rozpadaj\u00edc\u00ed se infrastrukturu a spole\u010densk\u00fd kolaps?<\/span><\/p>\n<p><span dir=\"auto\">Budou d\u011blat to, co d\u011bl\u00e1 Izrael.<\/span><\/p>\n<p><span dir=\"auto\">Pou\u017eij\u00ed nep\u0159im\u011b\u0159enou s\u00edlu, aby dr\u017eeli zoufal\u00e9 pry\u010d. Ukradou \u00farodnou p\u016fdu, vodonosn\u00e9 vrstvy, \u0159eky a jezera. N\u00e1siln\u011b se zmocn\u00ed nerost\u016f vz\u00e1cn\u00fdch zemin, pol\u00ed zemn\u00edho plynu a ropy. A zabij\u00ed ka\u017ed\u00e9ho, kdo jim stoj\u00ed v cest\u011b. K \u010dertu s Organizac\u00ed spojen\u00fdch n\u00e1rod\u016f. K \u010dertu s mezin\u00e1rodn\u00edmi soudy. K \u010dertu s mezin\u00e1rodn\u00edm humanit\u00e1rn\u00edm pr\u00e1vem. Jak p\u00ed\u0161e Christian Parenti, industrializovan\u00e9 zem\u011b upev\u0148uj\u00ed \u201eklimatick\u00fd fa\u0161ismus\u201c, politiku \u201ezalo\u017eenou na vylou\u010den\u00ed, segregaci a represi\u201c.<\/span><\/p>\n<p><span dir=\"auto\">\u201eTo, co vid\u00edme v Gaze, je zkou\u0161kou pro budoucnost,\u201c argumentoval kolumbijsk\u00fd prezident Gustavo Petro na klimatick\u00e9 konferenci OSN COP28 v roce 2023.<\/span><\/p>\n<p><span dir=\"auto\">Maskovan\u00ed gaune\u0159i z Imigra\u010dn\u00ed a celn\u00ed spr\u00e1vy (ICE), rozm\u00edst\u011bn\u00ed v na\u0161ich ulic\u00edch, aby terorizovali neleg\u00e1ln\u00ed pracovn\u00edky, se n\u00e1m objev\u00ed p\u0159\u00edmo p\u0159ed dve\u0159mi. Koncentra\u010dn\u00ed t\u00e1bory, kter\u00e9 se nyn\u00ed stav\u00ed po cel\u00e9 zemi, pro n\u00e1s budou m\u00edt m\u00edsto. Z\u00e1kon, zkreslen\u00fd tak, aby pron\u00e1sledoval \u0159adu fiktivn\u00edch vnit\u0159n\u00edch nep\u0159\u00e1tel, kriminalizuje disent a svobodu projevu. Miliard\u00e1\u0159i a oligarchov\u00e9 se st\u00e1hnou do uzav\u0159en\u00fdch s\u00eddli\u0161\u0165, mini-Versailles, kde budou krmit svou nenasytnou touhu po moci, chamtivost a h\u00e9donismus.<\/span><\/p>\n<p><span dir=\"auto\">Nakonec se ob\u011bt\u00ed stane i vl\u00e1dnouc\u00ed miliard\u00e1\u0159sk\u00e1 t\u0159\u00edda, i kdy\u017e mo\u017en\u00e1 vydr\u017e\u00ed o n\u011bco d\u00e9le ne\u017e my ostatn\u00ed. Pr\u016fmyslov\u011b vysp\u011bl\u00e9 n\u00e1rody nezachr\u00e1n\u00ed jejich hrani\u010dn\u00ed zdi, vnit\u0159n\u00ed bezpe\u010dnost, deportace migrant\u016f, rakety, st\u00edha\u010dky, n\u00e1mo\u0159nictvo, mechanizovan\u00e9 jednotky, drony, \u017eold\u00e1ci, um\u011bl\u00e1 inteligence, hromadn\u00fd dohled ani satelity.<\/span><\/p>\n<p><span dir=\"auto\">Ne\u017e v\u0161ak dojde k tomuto kone\u010dn\u00e9mu vyhynut\u00ed, obrovsk\u00e9 \u010d\u00e1sti lidsk\u00e9ho druhu spolu s dal\u0161\u00edmi druhy budou pohlceny v orgi\u00edch ohn\u011b a krve. Gaza, pokud nedojde k rychl\u00e9mu obratu ve zp\u016fsobu, jak\u00fdm jsou na\u0161e spole\u010dnosti konfigurov\u00e1ny a \u0159\u00edzeny, je oknem do budoucnosti. Nen\u00ed to \u017e\u00e1dn\u00e1 hrozn\u00e1 anom\u00e1lie. V\u00e1lka bude spole\u010dn\u00fdm jmenovatelem lidsk\u00e9 existence. Siln\u00ed si vezmou slab\u00e9.<\/span><\/p>\n<p><span dir=\"auto\">Zni\u010den\u00ed ob\u010dansk\u00e9 spole\u010dnosti v Gaze je pl\u00e1n. C\u00edlem je chaos. Utlumen\u00e9 obyvatelstvo je kontrolov\u00e1no vyzbrojov\u00e1n\u00edm z\u00e1stupn\u00fdch milic\u00ed a zlo\u010dineck\u00fdch gang\u016f, jak to ud\u011blal Izrael v Gaze, a z\u00e1rove\u0148 vyzbrojov\u00e1n\u00edm brut\u00e1ln\u00edch \u017eidovsk\u00fdch milic\u00ed na Z\u00e1padn\u00edm b\u0159ehu Jord\u00e1nu. Jsou kontrolov\u00e1ni \u2013 stejn\u011b jako Izrael \u2013 z\u00e1kazem \u010dinnosti Agentury OSN pro pomoc a pr\u00e1ci palestinsk\u00fdm uprchl\u00edk\u016fm na Bl\u00edzk\u00e9m v\u00fdchod\u011b, aby blokovala humanit\u00e1rn\u00ed pomoc. Jsou kontrolov\u00e1ni \u2013 stejn\u011b jako Izrael \u2013 ni\u010den\u00edm nemocnic, klinik, pek\u00e1ren, dom\u016f, \u010dist\u00edren odpadn\u00edch vod, center pro distribuci potravin, \u0161kol, kulturn\u00edch center a univerzit a vra\u017edou jejich vzd\u011blan\u00e9 elity, v\u010detn\u011b v\u00edce ne\u017e 278 palestinsk\u00fdch novin\u00e1\u0159\u016f. Kdy\u017e je \u017eivot omezen na p\u0159e\u017eit\u00ed, kdy\u017e jsou nemoci a podv\u00fd\u017eiva endemick\u00e9, odpor lze zlomit.<\/span><\/p>\n<p><span dir=\"auto\">Jazyk pou\u017e\u00edvan\u00fd v t\u00e9to vznikaj\u00edc\u00ed dystopii nem\u00e1 \u017e\u00e1dn\u00fd vztah k realit\u011b. Je absurdn\u00ed. Nap\u0159\u00edklad Izrael od sam\u00e9ho za\u010d\u00e1tku poru\u0161uje sou\u010dasnou dohodu o p\u0159\u00edm\u011b\u0159\u00ed, p\u0159esto se zachov\u00e1v\u00e1 fikce \u201ep\u0159\u00edm\u011b\u0159\u00ed\u201c. Izrael m\u00e1 zjevn\u011b \u201epr\u00e1vo se br\u00e1nit\u201c, p\u0159esto\u017ee je okupantem a pachatelem apartheidu a genocidy a palestinsk\u00fd odpor nep\u0159edstavuje \u017e\u00e1dnou existen\u010dn\u00ed hrozbu.<\/span><\/p>\n<p><span dir=\"auto\">\u201eTrumpov pl\u00e1n\u201c, \u00fadajn\u011b formulovan\u00fd k ukon\u010den\u00ed genocidy, nenab\u00edz\u00ed \u017e\u00e1dnou cestu k palestinsk\u00e9mu sebeur\u010den\u00ed, \u017e\u00e1dn\u00fd mechanismus, jak volat Izrael k odpov\u011bdnosti, a navrhuje p\u0159ed\u00e1n\u00ed Gazy modernizovan\u00fdm verz\u00edm imperi\u00e1ln\u00edch m\u00edstokr\u00e1l\u016f, p\u0159i\u010dem\u017e hranice bude kontrolovat Izrael.<\/span><\/p>\n<p><span dir=\"auto\">Boj za Palestinu je n\u00e1\u0161 boj. Odep\u0159en\u00ed svobody Palestinc\u016fm je prvn\u00edm krokem ke ztr\u00e1t\u011b na\u0161\u00ed svobody. Teror, kter\u00fd definuje \u017eivot v Gaze, se stane na\u0161\u00edm terorem. Genocida se stane na\u0161\u00ed genocidou.<\/span><\/p>\n<p><span dir=\"auto\">Mus\u00edme tyto bitvy vybojovat, dokud m\u00e1me je\u0161t\u011b \u0161anci. Mo\u017enosti odporu se alarmuj\u00edc\u00ed rychlost\u00ed zmen\u0161uj\u00ed. Mus\u00edme zastavit tento stroj ob\u010danskou neposlu\u0161nost\u00ed. Mus\u00edme p\u0159etvo\u0159it sv\u011bt. To znamen\u00e1 odstranit vl\u00e1dnouc\u00ed glob\u00e1ln\u00ed t\u0159\u00eddu. Znamen\u00e1 to rozlo\u017eit spole\u010dnost vybudovanou na m\u00e1nii kapitalistick\u00e9 expanze. Znamen\u00e1 to ukon\u010dit na\u0161i z\u00e1vislost na fosiln\u00edch palivech. Znamen\u00e1 to prosazovat mezin\u00e1rodn\u00ed pr\u00e1vo a rozb\u00edt izraelskou osadnicko-koloni\u00e1ln\u00ed a genocidn\u00ed vl\u00e1du. Pokud sel\u017eeme, Palestinci budou prvn\u00edmi ob\u011b\u0165mi. Ale nebudou posledn\u00edmi.<\/span><\/p>\n<\/div>\n<\/div>\n<div class=\"elementor-element elementor-element-8c57238 quelle dc-has-condition dc-condition-empty elementor-widget elementor-widget-heading\" data-id=\"8c57238\" data-element_type=\"widget\" data-widget_type=\"heading.default\">\n<div class=\"elementor-widget-container\">\n<h3 class=\"elementor-heading-title elementor-size-default\"><span style=\"font-size: 10pt;\"><a href=\"https:\/\/chrishedges.substack.com\/p\/the-death-house?utm_source=post-email-title&amp;publication_id=778851&amp;post_id=177563088&amp;utm_campaign=email-post-title&amp;isFreemail=true&amp;r=3uby4s&amp;triedRedirect=true&amp;utm_medium=email\" target=\"_blank\" rel=\"nofollow noopener\"><span dir=\"auto\">Zdroj<\/span><\/a><\/span><\/h3>\n<p>&nbsp;<\/p>\n<\/div>\n<\/div>\n","protected":false},"excerpt":{"rendered":"<p>Genocida v Gaze nen\u00ed n\u011bjak\u00e1 hrozn\u00e1 anom\u00e1lie. Je to p\u0159edzv\u011bst toho, co n\u00e1s \u010dek\u00e1, a\u017e&#8230;<\/p>\n","protected":false},"author":2,"featured_media":91765,"comment_status":"closed","ping_status":"closed","sticky":false,"template":"","format":"standard","meta":[],"categories":[7],"tags":[1042,348,178,107],"_links":{"self":[{"href":"https:\/\/www.infokuryr.cz\/n\/wp-json\/wp\/v2\/posts\/91764"}],"collection":[{"href":"https:\/\/www.infokuryr.cz\/n\/wp-json\/wp\/v2\/posts"}],"about":[{"href":"https:\/\/www.infokuryr.cz\/n\/wp-json\/wp\/v2\/types\/post"}],"author":[{"embeddable":true,"href":"https:\/\/www.infokuryr.cz\/n\/wp-json\/wp\/v2\/users\/2"}],"replies":[{"embeddable":true,"href":"https:\/\/www.infokuryr.cz\/n\/wp-json\/wp\/v2\/comments?post=91764"}],"version-history":[{"count":0,"href":"https:\/\/www.infokuryr.cz\/n\/wp-json\/wp\/v2\/posts\/91764\/revisions"}],"wp:featuredmedia":[{"embeddable":true,"href":"https:\/\/www.infokuryr.cz\/n\/wp-json\/wp\/v2\/media\/91765"}],"wp:attachment":[{"href":"https:\/\/www.infokuryr.cz\/n\/wp-json\/wp\/v2\/media?parent=91764"}],"wp:term":[{"taxonomy":"category","embeddable":true,"href":"https:\/\/www.infokuryr.cz\/n\/wp-json\/wp\/v2\/categories?post=91764"},{"taxonomy":"post_tag","embeddable":true,"href":"https:\/\/www.infokuryr.cz\/n\/wp-json\/wp\/v2\/tags?post=91764"}],"curies":[{"name":"wp","href":"https:\/\/api.w.org\/{rel}","templated":true}]}}