{"id":91756,"date":"2025-11-09T00:18:52","date_gmt":"2025-11-08T23:18:52","guid":{"rendered":"https:\/\/www.infokuryr.cz\/n\/?p=91756"},"modified":"2025-11-08T06:34:04","modified_gmt":"2025-11-08T05:34:04","slug":"grafika-ktera-rika-vse-umela-inteligence-nici-pracovni-mista-rychleji-nez-se-ocekavalo","status":"publish","type":"post","link":"https:\/\/www.infokuryr.cz\/n\/2025\/11\/09\/grafika-ktera-rika-vse-umela-inteligence-nici-pracovni-mista-rychleji-nez-se-ocekavalo\/","title":{"rendered":"Grafika, kter\u00e1 \u0159\u00edk\u00e1 v\u0161e: Um\u011bl\u00e1 inteligence ni\u010d\u00ed pracovn\u00ed m\u00edsta \u2013 rychleji, ne\u017e se o\u010dek\u00e1valo"},"content":{"rendered":"<div id=\"fb-root\"><\/div>\n<div class=\"elementor-element elementor-element-1fb4c2c elementor-widget elementor-widget-theme-post-content\" data-id=\"1fb4c2c\" data-element_type=\"widget\" data-widget_type=\"theme-post-content.default\">\n<div class=\"elementor-widget-container\" style=\"text-align: left;\">\n<p><em><span dir=\"auto\">Autor je optimista. J\u00e1 ne. V ur\u010dit\u00e9m okam\u017eiku index S&amp;P ukon\u010d\u00ed svou vzestupnou trajektorii, ale po\u010det voln\u00fdch pracovn\u00edch m\u00edst se bude i nad\u00e1le zmen\u0161ovat. Um\u011bl\u00e1 inteligence nen\u00ed jako traktory, kter\u00e9 nahradily farm\u00e1\u0159e \u2013 irelevantn\u00ed analogie. Traktory nebyly protilidsk\u00e9 a jejich tv\u016frci nebyli \u0161\u00edlen\u00ed probl\u00e9mov\u00ed lid\u00e9, kte\u0159\u00ed se sna\u017eili zni\u010dit sv\u011bt. Architechnokrat Marc Andreessen loni v \u00fanoru p\u0159edpov\u011bd\u011bl, \u017ee \u201eum\u011bl\u00e1 inteligence sraz\u00ed mzdy\u201c a s nimi i ceny ve\u0161ker\u00e9ho zbo\u017e\u00ed a slu\u017eeb, co\u017e povede k utopii. V\u00e1\u017en\u011b? Je masivn\u011b defla\u010dn\u00ed ekonomick\u00e1 krize utopi\u00ed? A tohle jsou idioti, kte\u0159\u00ed vedou \u00fatok na zni\u010den\u00ed lidstva. \u2013 Patrick Wood, editor.<\/span><\/em><\/p>\n<p><strong><span dir=\"auto\">Znepokojiv\u00fd obr\u00e1zek vyvol\u00e1v\u00e1 ve finan\u010dn\u00edm sv\u011bt\u011b rozruch.<\/span><\/strong><\/p>\n<p><span dir=\"auto\">Toto je dlouhodob\u00fd pohled na voln\u00e1 pracovn\u00ed m\u00edsta (mod\u0159e) v porovn\u00e1n\u00ed s indexem S&amp;P 500 (\u010dern\u011b). Te\u010dkovan\u00e1 \u010d\u00e1ra zn\u00e1zor\u0148uje \u010dasov\u00fd bod, kdy byl ChatGPT spu\u0161t\u011bn v listopadu 2022.<\/span><\/p>\n<p><span dir=\"auto\">Pod\u00edvejte se sami:<\/span><\/p>\n<figure class=\"wp-block-image aligncenter size-large\"><img decoding=\"async\" loading=\"lazy\" class=\"aligncenter\" src=\"https:\/\/www.technocracy.news\/wp-content\/uploads\/2025\/11\/chart-job-opengings.png.webp\" alt=\"\" width=\"794\" height=\"410\" \/><\/figure>\n<p><span dir=\"auto\">Z tr\u00e1ven\u00ed t\u00e9hle grafiky mi d\u011bl\u00e1 \u017e\u00e1hu.<\/span><\/p>\n<p><span dir=\"auto\">Jak vid\u00edte, voln\u00e1 pracovn\u00ed m\u00edsta a akciov\u00fd trh se historicky vyv\u00edjely paraleln\u011b. Kdy\u017e se ekonomice da\u0159ilo, oba ukazatele rostly. Kdy\u017e se j\u00ed da\u0159ilo \u0161patn\u011b, klesaly.<\/span><\/p>\n<p><span dir=\"auto\">Ale v listopadu 2022 se tento vztah zlomil jako v\u011btev. Tehdy OpenAI vydala svou pr\u016flomovou aplikaci ChatGPT.<\/span><\/p>\n<p><span dir=\"auto\">Od t\u00e9 doby po\u010det voln\u00fdch pracovn\u00edch m\u00edst prudce klesl, zat\u00edmco index S&amp;P 500 vzrostl na nov\u00e1 rekordn\u00ed maxima.<\/span><\/p>\n<p><span dir=\"auto\">Um\u011bl\u00e1 inteligence z\u00e1rove\u0148 zp\u016fsobila bublinu na akciov\u00e9m trhu a vedla ke kolapsu voln\u00fdch pracovn\u00edch m\u00edst.<\/span><\/p>\n<p><span dir=\"auto\">Akcie spole\u010dnost\u00ed s um\u011blou inteligenc\u00ed rozh\u00fdbaly trh d\u00edky sv\u00fdm zisk\u016fm, zat\u00edmco tat\u00e1\u017e technologie trh\u00e1 na kusy trh pr\u00e1ce.<\/span><\/p>\n<p><span dir=\"auto\">Pozice na z\u00e1kladn\u00ed \u00farovni jsou obzvl\u00e1\u0161t\u011b zraniteln\u00e9 v\u016f\u010di um\u011bl\u00e9 inteligenci, ale naru\u0161uje cel\u00fd trh pr\u00e1ce pro zam\u011bstnance.<\/span><\/p>\n<p><span dir=\"auto\">Toto je na\u0161e nov\u00e1 ekonomika ve tvaru p\u00edsmene K.<\/span><\/p>\n<h3><strong><span dir=\"auto\">Kmotr posledn\u00edho varov\u00e1n\u00ed um\u011bl\u00e9 inteligence<\/span><\/strong><\/h3>\n<p><span dir=\"auto\">Jen \u010dty\u0159i nejv\u011bt\u0161\u00ed ameri\u010dt\u00ed investo\u0159i do um\u011bl\u00e9 inteligence (Google, Amazon, Meta a Microsoft) pl\u00e1nuj\u00ed v p\u0159\u00ed\u0161t\u00edm roce utratit 420 miliard dolar\u016f za infrastrukturu. To zahrnuje p\u0159edev\u0161\u00edm grafick\u00e9 procesory, datov\u00e1 centra a v\u00fdrobu energie.<\/span><\/p>\n<p><span dir=\"auto\">T\u00e9m\u011b\u0159 p\u016fl bilionu dolar\u016f, jen od \u010dty\u0159 nejv\u011bt\u0161\u00edch americk\u00fdch spole\u010dnost\u00ed\u2026 To je letos n\u00e1r\u016fst o 360 miliard dolar\u016f. Celosv\u011btov\u011b v\u00fddaje na um\u011blou inteligenci p\u0159\u00ed\u0161t\u00ed rok jist\u011b p\u0159ekro\u010d\u00ed 1,5 bilionu dolar\u016f.<\/span><\/p>\n<p><span dir=\"auto\">\u201eKmotr um\u011bl\u00e9 inteligence\u201c Geoffrey Hinton \u0159\u00edk\u00e1, \u017ee tuto \u00farove\u0148 v\u00fddaj\u016f lze ospravedlnit pouze nahrazen\u00edm lid\u00ed:<\/span><\/p>\n<p><em><span dir=\"auto\">\u201eMysl\u00edm, \u017ee velk\u00e9 spole\u010dnosti s\u00e1zej\u00ed na to, \u017ee um\u011bl\u00e1 inteligence masivn\u011b nahrad\u00ed pracovn\u00ed m\u00edsta, proto\u017ee pr\u00e1v\u011b tam se vyd\u011bl\u00e1vaj\u00ed velk\u00e9 pen\u00edze.<\/span><\/em><\/p>\n<p><em><span dir=\"auto\">&#8230; V\u011b\u0159\u00edm, \u017ee abyste vyd\u011blali pen\u00edze, budete muset nahradit lidskou pr\u00e1ci.\u201c<\/span><\/em><\/p>\n<p><span dir=\"auto\">To se zd\u00e1 b\u00fdt jedin\u00e9 logick\u00e9 vysv\u011btlen\u00ed.<\/span><\/p>\n<p><span dir=\"auto\">Samoz\u0159ejm\u011b existuje mo\u017enost, \u017ee velk\u00e9 technologick\u00e9 firmy utr\u00e1cej\u00ed p\u0159\u00edli\u0161 mnoho pen\u011bz a um\u011bl\u00e1 inteligence se nepoda\u0159\u00ed nahradit velk\u00fd po\u010det pracovn\u00edk\u016f. V\u0161ichni doufejme v tento v\u00fdsledek.<\/span><\/p>\n<p><span dir=\"auto\">Mus\u00edme se ale p\u0159ipravit na mo\u017enost, \u017ee um\u011bl\u00e1 inteligence zv\u00edt\u011bz\u00ed. Tato technologie je star\u00e1 teprve n\u011bkolik let a v mnoha \u00fakolech je ji\u017e kompetentn\u011bj\u0161\u00ed ne\u017e pr\u016fm\u011brn\u00fd \u010dlov\u011bk.<\/span><\/p>\n<p><span dir=\"auto\">Technologie se neust\u00e1le zlep\u0161uje a vzhledem k velk\u00e9mu mno\u017estv\u00ed v\u011bc\u00ed v s\u00e1zce jsou dal\u0161\u00ed pr\u016flomy nevyhnuteln\u00e9.<\/span><\/p>\n<h3><strong><span dir=\"auto\">Jen adapta\u010dn\u00ed f\u00e1ze?<\/span><\/strong><\/h3>\n<p><span dir=\"auto\">N\u011bkdo bude nam\u00edtat, \u017ee se jedn\u00e1 pouze o f\u00e1zi p\u0159izp\u016fsoben\u00ed. \u017de trh nakonec zap\u016fsob\u00ed z\u00e1zra\u010dn\u011b, p\u0159izp\u016fsob\u00ed se nov\u00e9 realit\u011b a najde nov\u00e9 p\u0159\u00edle\u017eitosti pro ty, kter\u00e9 um\u011bl\u00e1 inteligence nahradila.<\/span><\/p>\n<p><span dir=\"auto\">B\u011b\u017en\u00fdm vyvr\u00e1cen\u00edm teorie naru\u0161en\u00ed um\u011bl\u00e9 inteligence je tvrzen\u00ed, \u017ee traktory nahradily farm\u00e1\u0159e a v\u0161echno dopadlo dob\u0159e, proto\u017ee tito farm\u00e1\u0159i pracovali v tov\u00e1rn\u00e1ch a na dal\u0161\u00edch pracovn\u00edch m\u00edstech vytvo\u0159en\u00fdch ekonomickou zm\u011bnou.<\/span><\/p>\n<p><span dir=\"auto\">Ale kdy\u017e traktory zp\u016fsobily revoluci v zem\u011bd\u011blstv\u00ed, p\u0159echod nebyl v\u016fbec hladk\u00fd. V roce 1910 bylo na sv\u011bt\u011b asi 1 000 traktor\u016f. Do roku 1930 jich bylo 900 000.<\/span><\/p>\n<p><span dir=\"auto\">Zem\u011bd\u011blsk\u00e9 pr\u00e1ce, kter\u00e9 d\u0159\u00edve vy\u017eadovaly des\u00edtky mu\u017e\u016f, se najednou staly pro pouh\u00e9 dva. V\u011bt\u0161ina zem\u011bd\u011blsk\u00fdch d\u011bln\u00edk\u016f si musela naj\u00edt novou pr\u00e1ci. Pokud m\u011bli \u0161t\u011bst\u00ed, dostali pr\u00e1ci v tov\u00e1rn\u011b. To ale znamenalo p\u0159est\u011bhov\u00e1n\u00ed do nov\u00e9 oblasti se v\u0161emi souvisej\u00edc\u00edmi n\u00e1klady a obt\u00ed\u017eemi.<\/span><\/p>\n<p><span dir=\"auto\">Tak\u017ee i kdy\u017e se z na\u0161eho modern\u00edho pohledu m\u016f\u017ee p\u0159echod od manu\u00e1ln\u00ed pr\u00e1ce v ter\u00e9nu k automatizaci zd\u00e1t jednoduch\u00fd, ve skute\u010dnosti se jednalo o dlouhou a obt\u00ed\u017enou transformaci glob\u00e1ln\u00ed pracovn\u00ed s\u00edly.<\/span><\/p>\n<h3><strong><span dir=\"auto\">3 roky zapojen\u00ed<\/span><\/strong><\/h3>\n<p><span dir=\"auto\">Jsme teprve t\u0159i roky v historii um\u011bl\u00e9 inteligence. A ve srovn\u00e1n\u00ed s d\u0159\u00edv\u011bj\u0161\u00edmi technologick\u00fdmi pr\u016flomy, jako byl traktor, se tento d\u011bje mnohem rychleji.<\/span><\/p>\n<p><span dir=\"auto\">N\u00e1sleduj\u00edc\u00ed obr\u00e1zek ukazuje v\u00fdsledky studie spole\u010dnosti Wharton o zav\u00e1d\u011bn\u00ed um\u011bl\u00e9 inteligence mezi vedouc\u00edmi pracovn\u00edky. Dnes 46 % vedouc\u00edch pracovn\u00edk\u016f uv\u00e1d\u00ed, \u017ee um\u011blou inteligenci pou\u017e\u00edvaj\u00ed denn\u011b. To p\u0159edstavuje n\u00e1r\u016fst oproti 11 % v roce 2023 a 29 % v roce 2024.<\/span><\/p>\n<figure class=\"wp-block-image aligncenter size-large\"><img decoding=\"async\" loading=\"lazy\" class=\"aligncenter\" src=\"https:\/\/www.technocracy.news\/wp-content\/uploads\/2025\/11\/dr-img2-11-03-25.png.webp\" alt=\"\" width=\"896\" height=\"493\" \/><figcaption class=\"wp-element-caption\"><em><span dir=\"auto\">Zdroj: Olivia Moore<\/span><\/em><\/figcaption><\/figure>\n<p><span dir=\"auto\">Jak vid\u00edte, cel\u00fdch 68 % IT profesion\u00e1l\u016f pou\u017e\u00edv\u00e1 um\u011blou inteligenci denn\u011b, ve srovn\u00e1n\u00ed s 21 % v roce 2023. A 39 % pr\u00e1vn\u00edk\u016f nyn\u00ed pou\u017e\u00edv\u00e1 um\u011blou inteligenci denn\u011b, ve srovn\u00e1n\u00ed s pouh\u00fdmi 9 % v lo\u0148sk\u00e9m roce.<\/span><\/p>\n<p><span dir=\"auto\">Dal\u0161\u00edm velk\u00fdm krokem v oblasti um\u011bl\u00e9 inteligence jsou \u201eagenti\u201c \u2013 autonomn\u00ed pracovn\u00edci s um\u011blou inteligenc\u00ed, kte\u0159\u00ed jsou schopni p\u0159evz\u00edt \u00fakol od za\u010d\u00e1tku do konce s minim\u00e1ln\u00edm dohledem.<\/span><\/p>\n<p><span dir=\"auto\">Agenti s um\u011blou inteligenc\u00ed je\u0161t\u011b nejsou v bod\u011b, kdy by mohli p\u0159\u00edmo nahradit lidsk\u00e9 pracovn\u00edky. U\u017e te\u010f ale mohou zv\u00fd\u0161it produktivitu a umo\u017enit jednomu \u010dlov\u011bku vykon\u00e1vat pr\u00e1ci dvou nebo t\u0159\u00ed.<\/span><\/p>\n<p><span dir=\"auto\">Nenechte se m\u00fdlit. Rozs\u00e1hl\u00e9 zm\u011bny jsou na spadnut\u00ed. Ti, kdo efektivn\u011b vyu\u017eij\u00ed um\u011blou inteligenci, se stanou vysoce produktivn\u00edmi. Ti, kdo neriskuj\u00ed zaost\u00e1v\u00e1n\u00ed nebo dokonce propu\u0161t\u011bn\u00ed.<\/span><\/p>\n<p><span dir=\"auto\">Jsem si jist\u00fd, \u017ee se ekonomika nakonec t\u00e9to nov\u00e9 realit\u011b p\u0159izp\u016fsob\u00ed a najde produktivn\u00ed zp\u016fsoby, jak mohou v\u0161ichni zam\u011bstnanci p\u0159isp\u011bt. Nev\u00edme ale, jak dlouho to bude trvat.<\/span><\/p>\n<p><span dir=\"auto\">Ka\u017ed\u00fd velk\u00fd technologick\u00fd skok za\u010d\u00edn\u00e1 pr\u016flomem. Tkalcovsk\u00fd stav, parn\u00ed stroj, traktor a po\u010d\u00edta\u010d. Ka\u017ed\u00fd z nich v pr\u016fb\u011bhu \u010dasu zlep\u0161il sv\u011bt, ale ka\u017ed\u00fd byl doprov\u00e1zen obt\u00ed\u017en\u00fdm obdob\u00edm adaptace.<\/span><\/p>\n<p><span dir=\"auto\">Um\u011bl\u00e1 inteligence by se mohla uk\u00e1zat jako nejru\u0161iv\u011bj\u0161\u00ed ze v\u0161ech. Bezprecedentn\u00ed p\u0159erozd\u011blen\u00ed glob\u00e1ln\u00ed pracovn\u00ed s\u00edly, vt\u011bsnan\u00e9 do jedin\u00e9ho desetilet\u00ed.<\/span><\/p>\n<p><span dir=\"auto\">Sv\u011bt administrativn\u00edch pracovn\u00edk\u016f bude na chv\u00edli v\u00e1\u017en\u011b naru\u0161en. Pro mnoho mlad\u00fdch lid\u00ed dnes m\u016f\u017ee b\u00fdt kari\u00e9ra v d\u011blnick\u00e9 sf\u00e9\u0159e lep\u0161\u00ed volbou. \u00c9ra \u201eka\u017ed\u00fd by m\u011bl j\u00edt na vysokou \u0161kolu a naj\u00edt si kancel\u00e1\u0159skou pr\u00e1ci\u201c se bl\u00ed\u017e\u00ed ke konci.<\/span><\/p>\n<p><span dir=\"auto\">M\u016fj \u0161estn\u00e1ctilet\u00fd syn se chce v\u011bnovat \u0159emeslu, mo\u017en\u00e1 si dokonce zalo\u017eit vlastn\u00ed firmu, co\u017e pln\u011b podporuji. Je\u0161t\u011b chv\u00edli potrv\u00e1, ne\u017e roboti budou moci vykon\u00e1vat v\u011bt\u0161inu manu\u00e1ln\u00ed pr\u00e1ce.<\/span><\/p>\n<p><span dir=\"auto\">A z dlouhodob\u00e9ho hlediska bude tento posun pravd\u011bpodobn\u011b pro sv\u011bt dobr\u00e1 v\u011bc. Mus\u00edme znovu za\u010d\u00edt stav\u011bt a vyr\u00e1b\u011bt. V\u00edce sv\u00e1\u0159e\u010d\u016f a m\u00e9n\u011b pracovn\u00edch m\u00edst v oblasti e-mail\u016f.<\/span><\/p>\n<p><span dir=\"auto\">Ano, bude to bolestiv\u00e9. Ale nakonec dos\u00e1hneme bodu, kdy v\u011bt\u0161inu \u00fanavn\u00e9 pr\u00e1ce ud\u011blaj\u00ed algoritmy a lidem ponechaj\u00ed kreativn\u00ed a produktivn\u00ed \u00fakoly v re\u00e1ln\u00e9m sv\u011bt\u011b.<\/span><\/p>\n<p><span dir=\"auto\">\u010casem se to samo vy\u0159e\u0161\u00ed. Ale na chv\u00edli to bude p\u0159ipadat jako konec sv\u011bta, jak ho zn\u00e1me.<\/span><\/p>\n<\/div>\n<\/div>\n<div class=\"elementor-element elementor-element-8c57238 quelle dc-has-condition dc-condition-empty elementor-widget elementor-widget-heading\" data-id=\"8c57238\" data-element_type=\"widget\" data-widget_type=\"heading.default\">\n<div class=\"elementor-widget-container\">\n<h3 class=\"elementor-heading-title elementor-size-default\"><span style=\"font-size: 10pt;\"><a href=\"https:\/\/www.technocracy.news\/proof-that-ai-is-destroying-jobs-in-one-chart\/\" target=\"_blank\" rel=\"nofollow noopener\"><span dir=\"auto\">Zdroj<\/span><\/a><\/span><\/h3>\n<p>&nbsp;<\/p>\n<\/div>\n<\/div>\n","protected":false},"excerpt":{"rendered":"<p>Autor je optimista. J\u00e1 ne. V ur\u010dit\u00e9m okam\u017eiku index S&amp;P ukon\u010d\u00ed svou vzestupnou trajektorii, ale&#8230;<\/p>\n","protected":false},"author":2,"featured_media":91757,"comment_status":"closed","ping_status":"closed","sticky":false,"template":"","format":"standard","meta":[],"categories":[7],"tags":[1042,2455,2194],"_links":{"self":[{"href":"https:\/\/www.infokuryr.cz\/n\/wp-json\/wp\/v2\/posts\/91756"}],"collection":[{"href":"https:\/\/www.infokuryr.cz\/n\/wp-json\/wp\/v2\/posts"}],"about":[{"href":"https:\/\/www.infokuryr.cz\/n\/wp-json\/wp\/v2\/types\/post"}],"author":[{"embeddable":true,"href":"https:\/\/www.infokuryr.cz\/n\/wp-json\/wp\/v2\/users\/2"}],"replies":[{"embeddable":true,"href":"https:\/\/www.infokuryr.cz\/n\/wp-json\/wp\/v2\/comments?post=91756"}],"version-history":[{"count":0,"href":"https:\/\/www.infokuryr.cz\/n\/wp-json\/wp\/v2\/posts\/91756\/revisions"}],"wp:featuredmedia":[{"embeddable":true,"href":"https:\/\/www.infokuryr.cz\/n\/wp-json\/wp\/v2\/media\/91757"}],"wp:attachment":[{"href":"https:\/\/www.infokuryr.cz\/n\/wp-json\/wp\/v2\/media?parent=91756"}],"wp:term":[{"taxonomy":"category","embeddable":true,"href":"https:\/\/www.infokuryr.cz\/n\/wp-json\/wp\/v2\/categories?post=91756"},{"taxonomy":"post_tag","embeddable":true,"href":"https:\/\/www.infokuryr.cz\/n\/wp-json\/wp\/v2\/tags?post=91756"}],"curies":[{"name":"wp","href":"https:\/\/api.w.org\/{rel}","templated":true}]}}