{"id":91730,"date":"2025-11-08T05:03:23","date_gmt":"2025-11-08T04:03:23","guid":{"rendered":"https:\/\/www.infokuryr.cz\/n\/?p=91730"},"modified":"2025-11-08T05:03:23","modified_gmt":"2025-11-08T04:03:23","slug":"nove-klimaticke-cile-eu-zredena-davka-jedu","status":"publish","type":"post","link":"https:\/\/www.infokuryr.cz\/n\/2025\/11\/08\/nove-klimaticke-cile-eu-zredena-davka-jedu\/","title":{"rendered":"Nov\u00e9 klimatick\u00e9 c\u00edle EU: Z\u0159ed\u011bn\u00e1 d\u00e1vka jedu"},"content":{"rendered":"<div id=\"fb-root\"><\/div>\n<p><strong><span dir=\"auto\">Minist\u0159i \u017eivotn\u00edho prost\u0159ed\u00ed EU dos\u00e1hli v Bruselu dohody, kter\u00e1 oslabuje klimatick\u00e9 c\u00edle pro roky 2030 a 2040. Spole\u010dnostem je nyn\u00ed st\u00e1le \u010dast\u011bji dovoleno \u201eoutsourcovat\u201c c\u00edle v oblasti emis\u00ed CO\u2082 n\u00e1kupem \u201emezin\u00e1rodn\u00edch kredit\u016f CO\u2082\u201c. Tento kompromis pouze oddaluje z\u00e1nik na\u0161\u00ed ekonomiky. Kult CO\u2082 se st\u00e1v\u00e1 st\u00e1le absurdn\u011bj\u0161\u00ed fra\u0161kou.<\/span><\/strong><\/p>\n<p><span dir=\"auto\">V Bruselu 5. listopadu minist\u0159i \u017eivotn\u00edho prost\u0159ed\u00ed EU p\u0159edstavili sv\u00e9 nov\u00e9 klimatick\u00e9 c\u00edle. V\u00fdsledkem je z\u0159ed\u011bn\u00e1 verze Zelen\u00e9 dohody EU, jako n\u00e1plast na st\u0159eln\u00e9 zran\u011bn\u00ed. Nov\u00e1 pravidla\u00a0<\/span><a href=\"https:\/\/climate.ec.europa.eu\/eu-action\/carbon-markets\/eu-emissions-trading-system-eu-ets\/about-eu-ets_en\" target=\"_blank\" rel=\"noreferrer noopener\"><span dir=\"auto\">umo\u017e\u0148uj\u00ed spole\u010dnostem<\/span><\/a><span dir=\"auto\">\u00a0st\u00e1le \u010dast\u011bji outsourcovat sni\u017eov\u00e1n\u00ed emis\u00ed CO\u2082. Nakupuj\u00ed mezin\u00e1rodn\u00ed kredity CO\u2082 \u2013 certifik\u00e1ty ur\u010den\u00e9 ke kompenzaci emis\u00ed jinde. Tyto kredity v\u011bt\u0161inou poch\u00e1zej\u00ed z pochybn\u00fdch projekt\u016f v rozvojov\u00fdch zem\u00edch, kde se \u00fadajn\u011b s\u00e1zej\u00ed stromy nebo se \u00fadajn\u011b prov\u00e1d\u00ed n\u011bjak\u00e1 jin\u00e1 \u010dinnost souvisej\u00edc\u00ed s klimatem. Tedy, pokud se nejedn\u00e1, jako v \u010c\u00edn\u011b, o pouh\u00fd podvod, jeho\u017e c\u00edlem je o\u0161kubat d\u016fv\u011b\u0159iv\u00e9 Evropany.<\/span><\/p>\n<p><span dir=\"auto\">Obchodov\u00e1n\u00ed s uhl\u00edkem je naprosto zbyte\u010dn\u00fd podvod. Vytv\u00e1\u0159\u00ed byrokracii a n\u00e1klady, nic nem\u011bn\u00ed na skute\u010dn\u00fdch emis\u00edch CO\u2082 a obohacuje spekulanty. CO\u2082 nen\u00ed zne\u010di\u0161\u0165ovatelem klimatu, ale z\u00e1kladn\u00edm prvkem \u017eivota na Zemi. Jako \u017eivina pro rostliny poh\u00e1n\u00ed r\u016fst v les\u00edch a na na\u0161ich pol\u00edch. Pokud by koncentrace tohoto plynu n\u011bkdy klesla pod 150 ppm, fotosynt\u00e9za rostlin, a t\u00edm i ve\u0161ker\u00fd \u017eivot na Zemi, by zastavila.<\/span><\/p>\n<p><span dir=\"auto\">Byrokracie EU profituje z hysterie kolem CO\u2082, proto\u017ee m\u016f\u017ee prod\u00e1vat certifik\u00e1ty CO\u2082 v \u201eaukc\u00edch\u201c. Stejn\u011b tak spekulanti na burze, kde se s kredity obchoduje, a \u201enevl\u00e1dn\u00ed organizace\u201c, kter\u00e9 financujeme a kter\u00e9 projekty certifikuj\u00ed. Cena za tunu CO\u2082 se v sou\u010dasnosti pohybuje kolem 80 eur a podle \u00dast\u0159edn\u00edho v\u00fdboru EU by se m\u011bla zv\u00fd\u0161it na nejm\u00e9n\u011b 200 a\u017e 300 eur za tunu. To zvy\u0161uje v\u00fdrobn\u00ed n\u00e1klady a \u010din\u00ed evropsk\u00e9 spole\u010dnosti nekonkurenceschopn\u00fdmi.<\/span><\/p>\n<p><span dir=\"auto\">Automobilka ve Wolfsburgu mus\u00ed platit za ka\u017ed\u00fd v\u00e1hav\u00fd krok vp\u0159ed, zat\u00edmco jej\u00ed konkurent v Detroitu za Trumpova veden\u00ed prost\u011b jede na pln\u00fd plyn. Americk\u00fd prezident ozna\u010dil zm\u011bnu klimatu za \u201enejv\u011bt\u0161\u00ed podvod v historii\u201c. USA odstoupily od sv\u00fdch klimatick\u00fdch c\u00edl\u016f. \u017d\u00e1dn\u00e9 uhl\u00edkov\u00e9 dan\u011b, \u017e\u00e1dn\u00e9 kredity, jen levn\u00e1 energie ze v\u0161ech dostupn\u00fdch zdroj\u016f. Evropsk\u00fd pr\u016fmysl u\u017e nem\u016f\u017ee konkurovat tv\u00e1\u0159\u00ed v tv\u00e1\u0159 vysok\u00fdm cen\u00e1m energi\u00ed a uhl\u00edkov\u00fdm dan\u00edm.<\/span><\/p>\n<p><span dir=\"auto\">\u010c\u00edna sleduje tuto pod\u00edvanou s pobaven\u00edm. Peking se nikdy v\u00e1\u017en\u011b nepod\u00edlel na klimatick\u00e9m n\u00e1bo\u017eenstv\u00ed.\u00a0<\/span><a href=\"https:\/\/ourworldindata.org\/energy\/country\/china#what-sources-does-the-country-get-its-energy-from\" target=\"_blank\" rel=\"noreferrer noopener\"><span dir=\"auto\">Energetick\u00fd mix<\/span><\/a><span dir=\"auto\">\u00a0zem\u011b je z 80 procent zalo\u017een na uhl\u00ed, rop\u011b a plynu. Exploduj\u00edc\u00ed energetick\u00fd hlad \u010c\u00edny je uspokojov\u00e1n \u0161pinav\u00fdm, ale levn\u00fdm lignitem. Zat\u00edmco Brusel sn\u00ed o nulov\u00fdch emis\u00edch, \u010c\u00edna stav\u00ed nov\u00e9 uheln\u00e9 elektr\u00e1rny z\u00e1vratn\u00fdm tempem. Emise CO\u2082 v \u010c\u00edn\u011b mnohon\u00e1sobn\u011b p\u0159evy\u0161uj\u00ed emise EU. Evropa se trest\u00e1, zat\u00edmco zbytek sv\u011bta nev\u011b\u0159\u00edcn\u011b krout\u00ed hlavou a ve v\u0161ech ohledech n\u00e1s p\u0159edb\u00edh\u00e1. Obchodov\u00e1n\u00ed s CO\u2082 vytv\u00e1\u0159\u00ed vymy\u0161len\u00fd trh se vzduchem, kter\u00fd ani v nejmen\u0161\u00edm neovliv\u0148uje klima, ale generuje dan\u011b z CO\u2082 t\u00edm, \u017ee uvaluje poplatky na CO\u2082 na ka\u017edou lidskou \u010dinnost.<\/span><\/p>\n<p><span dir=\"auto\">Krom\u011b toho bylo v Bruselu rozhodnuto o samostatn\u00e9m trhu s certifik\u00e1ty CO\u2082 ve stavebnictv\u00ed a doprav\u011b, jeho\u017e spu\u0161t\u011bn\u00ed je pl\u00e1nov\u00e1no na rok 2027. To v dob\u011b ji\u017e tak vysok\u00e9 inflace p\u0159edstavuje\u00a0<\/span><a href=\"https:\/\/www.politico.eu\/article\/eu-countries-agree-weakened-2040-climate-goal-and-target-for-cop30\/\" target=\"_blank\" rel=\"noreferrer noopener\"><span dir=\"auto\">dal\u0161\u00ed z\u00e1t\u011b\u017e<\/span><\/a><span dir=\"auto\"> pro ob\u010dany a ekonomiku .<\/span><\/p>\n<p><span dir=\"auto\">Tato bruselsk\u00e1 dohoda nen\u00ed nic jin\u00e9ho ne\u017e zdr\u017eovac\u00ed taktika. Veden\u00ed EU si uv\u011bdomuje, \u017ee evropsk\u00e1 ekonomika pod vlivem klimatick\u00fdch c\u00edl\u016f bankrotuje. Nemohou (dan\u011b z CO\u2082!) a ani necht\u011bj\u00ed (klimatick\u00e9 n\u00e1bo\u017eenstv\u00ed!) t\u011bchto c\u00edl\u016f opustit. Tak\u017ee m\u00edsto toho, aby zastavili z\u00e1nik na\u0161\u00ed ekonomiky, ho prodlu\u017euj\u00ed. Evropsk\u00e9 spole\u010dnosti, kter\u00e9 se nep\u0159esunou do zahrani\u010d\u00ed, zkrachuj\u00ed. Pracovn\u00ed m\u00edsta se p\u0159esunou do Texasu nebo \u0160anghaje. A pak se tam bude \u0161kodliv\u00fd CO\u2082 jednodu\u0161e vypou\u0161t\u011bt. Na\u0161e prosperita, budovan\u00e1 generacemi, se pod vlivem p\u011btilet\u00fdch pl\u00e1n\u016f EU hrout\u00ed.<\/span><\/p>\n<p><span dir=\"auto\">Zelen\u00e1 dohoda EU nen\u00ed dohoda, ale rozsudek smrti. Klima se nenech\u00e1 ovlivnit na\u0161\u00ed sebedestrukc\u00ed. Mimochodem, vl\u00e1dy Ma\u010farska, Polska, \u010cesk\u00e9 republiky a Slovenska s t\u00edmto \u0161\u00edlenstv\u00edm nesouhlasily. V\u00fdchodn\u00ed Evropa se po odm\u00edtnut\u00ed azylov\u00e9 invaze op\u011bt ukazuje jako posledn\u00ed ba\u0161ta rozumu v EU.<\/span><\/p>\n<p><em><span dir=\"auto\">Koment\u00e1\u0159<a href=\"https:\/\/report24.news\/neue-eu-klimaziele-eine-abgeschwaechte-dosis-gift\/\"> Chrise Vebera<\/a><\/span><\/em><\/p>\n<p>&nbsp;<\/p>\n","protected":false},"excerpt":{"rendered":"<p>Minist\u0159i \u017eivotn\u00edho prost\u0159ed\u00ed EU dos\u00e1hli v Bruselu dohody, kter\u00e1 oslabuje klimatick\u00e9 c\u00edle pro roky 2030&#8230;<\/p>\n","protected":false},"author":2,"featured_media":91731,"comment_status":"closed","ping_status":"closed","sticky":false,"template":"","format":"standard","meta":[],"categories":[7],"tags":[2692,41,873,1503],"_links":{"self":[{"href":"https:\/\/www.infokuryr.cz\/n\/wp-json\/wp\/v2\/posts\/91730"}],"collection":[{"href":"https:\/\/www.infokuryr.cz\/n\/wp-json\/wp\/v2\/posts"}],"about":[{"href":"https:\/\/www.infokuryr.cz\/n\/wp-json\/wp\/v2\/types\/post"}],"author":[{"embeddable":true,"href":"https:\/\/www.infokuryr.cz\/n\/wp-json\/wp\/v2\/users\/2"}],"replies":[{"embeddable":true,"href":"https:\/\/www.infokuryr.cz\/n\/wp-json\/wp\/v2\/comments?post=91730"}],"version-history":[{"count":0,"href":"https:\/\/www.infokuryr.cz\/n\/wp-json\/wp\/v2\/posts\/91730\/revisions"}],"wp:featuredmedia":[{"embeddable":true,"href":"https:\/\/www.infokuryr.cz\/n\/wp-json\/wp\/v2\/media\/91731"}],"wp:attachment":[{"href":"https:\/\/www.infokuryr.cz\/n\/wp-json\/wp\/v2\/media?parent=91730"}],"wp:term":[{"taxonomy":"category","embeddable":true,"href":"https:\/\/www.infokuryr.cz\/n\/wp-json\/wp\/v2\/categories?post=91730"},{"taxonomy":"post_tag","embeddable":true,"href":"https:\/\/www.infokuryr.cz\/n\/wp-json\/wp\/v2\/tags?post=91730"}],"curies":[{"name":"wp","href":"https:\/\/api.w.org\/{rel}","templated":true}]}}