{"id":91728,"date":"2025-11-08T05:01:16","date_gmt":"2025-11-08T04:01:16","guid":{"rendered":"https:\/\/www.infokuryr.cz\/n\/?p=91728"},"modified":"2025-11-08T05:01:16","modified_gmt":"2025-11-08T04:01:16","slug":"usa-zastavuji-propagandu-eu-konec-penez-danovych-poplatniku-pro-radio-svobodna-evropa-v-madarsku","status":"publish","type":"post","link":"https:\/\/www.infokuryr.cz\/n\/2025\/11\/08\/usa-zastavuji-propagandu-eu-konec-penez-danovych-poplatniku-pro-radio-svobodna-evropa-v-madarsku\/","title":{"rendered":"USA zastavuj\u00ed propagandu EU: Konec pen\u011bz da\u0148ov\u00fdch poplatn\u00edk\u016f pro \u201eR\u00e1dio Svobodn\u00e1 Evropa\u201c v Ma\u010farsku"},"content":{"rendered":"<div id=\"fb-root\"><\/div>\n<p><strong><span dir=\"auto\">Washington ukon\u010duje financov\u00e1n\u00ed ma\u010farsk\u00e9 pobo\u010dky R\u00e1dia Svobodn\u00e1 Evropa\/R\u00e1dia Svoboda (RFE\/RL). Nep\u0159\u00e1telsk\u00e9 vm\u011b\u0161ov\u00e1n\u00ed do vnit\u0159n\u00edch z\u00e1le\u017eitost\u00ed sp\u0159\u00e1telen\u00e9ho n\u00e1roda nen\u00ed v z\u00e1jmu USA. Stanice ji\u017e l\u00e9ta vede kampa\u0148 proti premi\u00e9rovi Orb\u00e1novi a funguje jako mluv\u010d\u00ed bruselsk\u00fdch eurokrat\u016f.<\/span><\/strong><\/p>\n<p><span dir=\"auto\">R\u00e1dio Svobodn\u00e1 Evropa a R\u00e1dio Liberty p\u016fvodn\u011b slou\u017eily jako n\u00e1stroje z\u00e1padn\u00ed propagandy proti komunistick\u00fdm re\u017eim\u016fm ve v\u00fdchodn\u00ed Evrop\u011b b\u011bhem studen\u00e9 v\u00e1lky. Stejn\u011b jako NATO po rozpadu v\u00fdchodn\u00edho bloku nezmizelo, z\u00e1padn\u00ed vys\u00edlac\u00ed spole\u010dnosti z\u016fstaly v provozu. \u010cinnost RFE\/RL dohl\u00ed\u017e\u00ed americk\u00e1 Agentura pro glob\u00e1ln\u00ed m\u00e9dia (USAGM), ale redak\u010dn\u00ed t\u00fdmy v evropsk\u00fdch redakc\u00edch nyn\u00ed \u0161\u00ed\u0159\u00ed p\u0159edev\u0161\u00edm proevropsk\u00e9 a globalistick\u00e9 narativy.<\/span><\/p>\n<figure class=\"wp-block-embed is-type-rich is-provider-twitter wp-block-embed-twitter\">\n<div class=\"wp-block-embed__wrapper\">\n<div class=\"twitter-tweet twitter-tweet-rendered\"><iframe id=\"twitter-widget-0\" class=\"\" title=\"X P\u0159\u00edsp\u011bvek\" src=\"https:\/\/platform.twitter.com\/embed\/Tweet.html?dnt=true&amp;embedId=twitter-widget-0&amp;features=eyJ0ZndfdGltZWxpbmVfbGlzdCI6eyJidWNrZXQiOltdLCJ2ZXJzaW9uIjpudWxsfSwidGZ3X2ZvbGxvd2VyX2NvdW50X3N1bnNldCI6eyJidWNrZXQiOnRydWUsInZlcnNpb24iOm51bGx9LCJ0ZndfdHdlZXRfZWRpdF9iYWNrZW5kIjp7ImJ1Y2tldCI6Im9uIiwidmVyc2lvbiI6bnVsbH0sInRmd19yZWZzcmNfc2Vzc2lvbiI6eyJidWNrZXQiOiJvbiIsInZlcnNpb24iOm51bGx9LCJ0ZndfZm9zbnJfc29mdF9pbnRlcnZlbnRpb25zX2VuYWJsZWQiOnsiYnVja2V0Ijoib24iLCJ2ZXJzaW9uIjpudWxsfSwidGZ3X21peGVkX21lZGlhXzE1ODk3Ijp7ImJ1Y2tldCI6InRyZWF0bWVudCIsInZlcnNpb24iOm51bGx9LCJ0ZndfZXhwZXJpbWVudHNfY29va2llX2V4cGlyYXRpb24iOnsiYnVja2V0IjoxMjA5NjAwLCJ2ZXJzaW9uIjpudWxsfSwidGZ3X3Nob3dfYmlyZHdhdGNoX3Bpdm90c19lbmFibGVkIjp7ImJ1Y2tldCI6Im9uIiwidmVyc2lvbiI6bnVsbH0sInRmd19kdXBsaWNhdGVfc2NyaWJlc190b19zZXR0aW5ncyI6eyJidWNrZXQiOiJvbiIsInZlcnNpb24iOm51bGx9LCJ0ZndfdXNlX3Byb2ZpbGVfaW1hZ2Vfc2hhcGVfZW5hYmxlZCI6eyJidWNrZXQiOiJvbiIsInZlcnNpb24iOm51bGx9LCJ0ZndfdmlkZW9faGxzX2R5bmFtaWNfbWFuaWZlc3RzXzE1MDgyIjp7ImJ1Y2tldCI6InRydWVfYml0cmF0ZSIsInZlcnNpb24iOm51bGx9LCJ0ZndfbGVnYWN5X3RpbWVsaW5lX3N1bnNldCI6eyJidWNrZXQiOnRydWUsInZlcnNpb24iOm51bGx9LCJ0ZndfdHdlZXRfZWRpdF9mcm9udGVuZCI6eyJidWNrZXQiOiJvbiIsInZlcnNpb24iOm51bGx9fQ%3D%3D&amp;frame=false&amp;hideCard=false&amp;hideThread=false&amp;id=1986244155316588872&amp;lang=cs&amp;origin=https%3A%2F%2Freport24.news%2Fusa-stoppen-eu-propaganda-kein-steuergeld-mehr-fuer-radio-free-europe-in-ungarn%2F&amp;sessionId=3c53316659cb4c15a96e63bfb249edd332197182&amp;theme=light&amp;widgetsVersion=2615f7e52b7e0%3A1702314776716&amp;width=550px\" frameborder=\"0\" scrolling=\"no\" allowfullscreen=\"allowfullscreen\" data-tweet-id=\"1986244155316588872\" data-mce-fragment=\"1\"><\/iframe><\/div>\n<\/div>\n<\/figure>\n<p><span dir=\"auto\">V podstat\u011b je RFE\/RL hybridn\u00edm akt\u00e9rem, kter\u00fd ji\u017e neprosazuje klasickou politiku zalo\u017eenou na americk\u00fdch z\u00e1jmech, jako tomu bylo b\u011bhem studen\u00e9 v\u00e1lky, ale sp\u00ed\u0161e provozuje kombinaci m\u011bkk\u00e9 s\u00edly USA a komunika\u010dn\u00ed strategie EU. Trumpova administrativa jej vn\u00edm\u00e1 jako \u201esebeudr\u017euj\u00edc\u00ed propagandistick\u00fd stroj\u201c, kter\u00fd zneu\u017e\u00edv\u00e1 pen\u00edze americk\u00fdch da\u0148ov\u00fdch poplatn\u00edk\u016f k \u0161\u00ed\u0159en\u00ed obsahu v souladu s EU a levicov\u011b liber\u00e1ln\u00edho obsahu. RFE\/RL se podle nich mus\u00ed v\u00fdhradn\u011b v\u011bnovat z\u00e1jm\u016fm americk\u00e9ho lidu \u2013 a propaganda EU na \u00fakor americk\u00fdch da\u0148ov\u00fdch poplatn\u00edk\u016f se do tohoto r\u00e1mce nekvalifikuje.<\/span><\/p>\n<figure class=\"wp-block-embed is-type-rich is-provider-twitter wp-block-embed-twitter\">\n<div class=\"wp-block-embed__wrapper\">\n<div class=\"twitter-tweet twitter-tweet-rendered\"><iframe id=\"twitter-widget-1\" class=\"\" title=\"X P\u0159\u00edsp\u011bvek\" src=\"https:\/\/platform.twitter.com\/embed\/Tweet.html?dnt=true&amp;embedId=twitter-widget-1&amp;features=eyJ0ZndfdGltZWxpbmVfbGlzdCI6eyJidWNrZXQiOltdLCJ2ZXJzaW9uIjpudWxsfSwidGZ3X2ZvbGxvd2VyX2NvdW50X3N1bnNldCI6eyJidWNrZXQiOnRydWUsInZlcnNpb24iOm51bGx9LCJ0ZndfdHdlZXRfZWRpdF9iYWNrZW5kIjp7ImJ1Y2tldCI6Im9uIiwidmVyc2lvbiI6bnVsbH0sInRmd19yZWZzcmNfc2Vzc2lvbiI6eyJidWNrZXQiOiJvbiIsInZlcnNpb24iOm51bGx9LCJ0ZndfZm9zbnJfc29mdF9pbnRlcnZlbnRpb25zX2VuYWJsZWQiOnsiYnVja2V0Ijoib24iLCJ2ZXJzaW9uIjpudWxsfSwidGZ3X21peGVkX21lZGlhXzE1ODk3Ijp7ImJ1Y2tldCI6InRyZWF0bWVudCIsInZlcnNpb24iOm51bGx9LCJ0ZndfZXhwZXJpbWVudHNfY29va2llX2V4cGlyYXRpb24iOnsiYnVja2V0IjoxMjA5NjAwLCJ2ZXJzaW9uIjpudWxsfSwidGZ3X3Nob3dfYmlyZHdhdGNoX3Bpdm90c19lbmFibGVkIjp7ImJ1Y2tldCI6Im9uIiwidmVyc2lvbiI6bnVsbH0sInRmd19kdXBsaWNhdGVfc2NyaWJlc190b19zZXR0aW5ncyI6eyJidWNrZXQiOiJvbiIsInZlcnNpb24iOm51bGx9LCJ0ZndfdXNlX3Byb2ZpbGVfaW1hZ2Vfc2hhcGVfZW5hYmxlZCI6eyJidWNrZXQiOiJvbiIsInZlcnNpb24iOm51bGx9LCJ0ZndfdmlkZW9faGxzX2R5bmFtaWNfbWFuaWZlc3RzXzE1MDgyIjp7ImJ1Y2tldCI6InRydWVfYml0cmF0ZSIsInZlcnNpb24iOm51bGx9LCJ0ZndfbGVnYWN5X3RpbWVsaW5lX3N1bnNldCI6eyJidWNrZXQiOnRydWUsInZlcnNpb24iOm51bGx9LCJ0ZndfdHdlZXRfZWRpdF9mcm9udGVuZCI6eyJidWNrZXQiOiJvbiIsInZlcnNpb24iOm51bGx9fQ%3D%3D&amp;frame=false&amp;hideCard=false&amp;hideThread=false&amp;id=1986554821726413033&amp;lang=cs&amp;origin=https%3A%2F%2Freport24.news%2Fusa-stoppen-eu-propaganda-kein-steuergeld-mehr-fuer-radio-free-europe-in-ungarn%2F&amp;sessionId=3c53316659cb4c15a96e63bfb249edd332197182&amp;theme=light&amp;widgetsVersion=2615f7e52b7e0%3A1702314776716&amp;width=550px\" frameborder=\"0\" scrolling=\"no\" allowfullscreen=\"allowfullscreen\" data-tweet-id=\"1986554821726413033\" data-mce-fragment=\"1\"><\/iframe><\/div>\n<\/div>\n<\/figure>\n<p><span dir=\"auto\">Nen\u00ed bezd\u016fvodn\u00e9, \u017ee Washington jednozna\u010dn\u011b prohl\u00e1sil, \u017ee ma\u010farsk\u00e1 verze RFE\/RL nen\u00ed v souladu s n\u00e1rodn\u00edmi z\u00e1jmy Spojen\u00fdch st\u00e1t\u016f, a dokonce podkop\u00e1v\u00e1 zahrani\u010dn\u00ed politiku americk\u00e9ho prezidenta Donalda Trumpa t\u00edm, \u017ee se stav\u00ed proti premi\u00e9rovi Viktoru Orb\u00e1novi.<\/span><\/p>\n<figure class=\"wp-block-embed is-type-rich is-provider-twitter wp-block-embed-twitter\">\n<div class=\"wp-block-embed__wrapper\">\n<div class=\"twitter-tweet twitter-tweet-rendered\"><iframe id=\"twitter-widget-2\" class=\"\" title=\"X P\u0159\u00edsp\u011bvek\" src=\"https:\/\/platform.twitter.com\/embed\/Tweet.html?dnt=true&amp;embedId=twitter-widget-2&amp;features=eyJ0ZndfdGltZWxpbmVfbGlzdCI6eyJidWNrZXQiOltdLCJ2ZXJzaW9uIjpudWxsfSwidGZ3X2ZvbGxvd2VyX2NvdW50X3N1bnNldCI6eyJidWNrZXQiOnRydWUsInZlcnNpb24iOm51bGx9LCJ0ZndfdHdlZXRfZWRpdF9iYWNrZW5kIjp7ImJ1Y2tldCI6Im9uIiwidmVyc2lvbiI6bnVsbH0sInRmd19yZWZzcmNfc2Vzc2lvbiI6eyJidWNrZXQiOiJvbiIsInZlcnNpb24iOm51bGx9LCJ0ZndfZm9zbnJfc29mdF9pbnRlcnZlbnRpb25zX2VuYWJsZWQiOnsiYnVja2V0Ijoib24iLCJ2ZXJzaW9uIjpudWxsfSwidGZ3X21peGVkX21lZGlhXzE1ODk3Ijp7ImJ1Y2tldCI6InRyZWF0bWVudCIsInZlcnNpb24iOm51bGx9LCJ0ZndfZXhwZXJpbWVudHNfY29va2llX2V4cGlyYXRpb24iOnsiYnVja2V0IjoxMjA5NjAwLCJ2ZXJzaW9uIjpudWxsfSwidGZ3X3Nob3dfYmlyZHdhdGNoX3Bpdm90c19lbmFibGVkIjp7ImJ1Y2tldCI6Im9uIiwidmVyc2lvbiI6bnVsbH0sInRmd19kdXBsaWNhdGVfc2NyaWJlc190b19zZXR0aW5ncyI6eyJidWNrZXQiOiJvbiIsInZlcnNpb24iOm51bGx9LCJ0ZndfdXNlX3Byb2ZpbGVfaW1hZ2Vfc2hhcGVfZW5hYmxlZCI6eyJidWNrZXQiOiJvbiIsInZlcnNpb24iOm51bGx9LCJ0ZndfdmlkZW9faGxzX2R5bmFtaWNfbWFuaWZlc3RzXzE1MDgyIjp7ImJ1Y2tldCI6InRydWVfYml0cmF0ZSIsInZlcnNpb24iOm51bGx9LCJ0ZndfbGVnYWN5X3RpbWVsaW5lX3N1bnNldCI6eyJidWNrZXQiOnRydWUsInZlcnNpb24iOm51bGx9LCJ0ZndfdHdlZXRfZWRpdF9mcm9udGVuZCI6eyJidWNrZXQiOiJvbiIsInZlcnNpb24iOm51bGx9fQ%3D%3D&amp;frame=false&amp;hideCard=false&amp;hideThread=false&amp;id=1986406378416574752&amp;lang=cs&amp;origin=https%3A%2F%2Freport24.news%2Fusa-stoppen-eu-propaganda-kein-steuergeld-mehr-fuer-radio-free-europe-in-ungarn%2F&amp;sessionId=3c53316659cb4c15a96e63bfb249edd332197182&amp;theme=light&amp;widgetsVersion=2615f7e52b7e0%3A1702314776716&amp;width=550px\" frameborder=\"0\" scrolling=\"no\" allowfullscreen=\"allowfullscreen\" data-tweet-id=\"1986406378416574752\" data-mce-fragment=\"1\"><\/iframe><\/div>\n<\/div>\n<\/figure>\n<p><span dir=\"auto\">Pro ma\u010farskou vl\u00e1du je tento krok\u00a0<\/span><a href=\"https:\/\/magyarnemzet.hu\/kulfold\/2025\/11\/szabad-europa-megszunik\"><span dir=\"auto\">triumfem<\/span><\/a><span dir=\"auto\">\u00a0. Poslanec Fideszu Andr\u00e1s L\u00e1szl\u00f3 to shrnul dokonale: nov\u00e1 \u201eSzabad Europa\u201c si neslou\u017eila sv\u00e9ho jm\u00e9na a aktivn\u011b p\u016fsobila proti americko-ma\u010farsk\u00e9mu p\u0159\u00e1telstv\u00ed. Jeho z\u00e1v\u011br zn\u011bl: \u201eUd\u011blejme americko-ma\u010farsk\u00e9 vztahy zase skv\u011bl\u00e9!\u201c N\u00e1lada v Budape\u0161ti by se jen st\u011b\u017e\u00ed dala shrnout p\u0159esn\u011bji.<\/span><\/p>\n<p><img decoding=\"async\" loading=\"lazy\" class=\"alignnone size-full wp-image-1185\" src=\"http:\/\/www.infokuryr.cz\/n\/wp-content\/uploads\/2021\/04\/kuryr-podpis.png\" alt=\"\" width=\"84\" height=\"24\" \/><\/p>\n<p>&nbsp;<\/p>\n","protected":false},"excerpt":{"rendered":"<p>Washington ukon\u010duje financov\u00e1n\u00ed ma\u010farsk\u00e9 pobo\u010dky R\u00e1dia Svobodn\u00e1 Evropa\/R\u00e1dia Svoboda (RFE\/RL). Nep\u0159\u00e1telsk\u00e9 vm\u011b\u0161ov\u00e1n\u00ed do vnit\u0159n\u00edch z\u00e1le\u017eitost\u00ed&#8230;<\/p>\n","protected":false},"author":2,"featured_media":91729,"comment_status":"closed","ping_status":"closed","sticky":false,"template":"","format":"standard","meta":[],"categories":[7],"tags":[439,385,452],"_links":{"self":[{"href":"https:\/\/www.infokuryr.cz\/n\/wp-json\/wp\/v2\/posts\/91728"}],"collection":[{"href":"https:\/\/www.infokuryr.cz\/n\/wp-json\/wp\/v2\/posts"}],"about":[{"href":"https:\/\/www.infokuryr.cz\/n\/wp-json\/wp\/v2\/types\/post"}],"author":[{"embeddable":true,"href":"https:\/\/www.infokuryr.cz\/n\/wp-json\/wp\/v2\/users\/2"}],"replies":[{"embeddable":true,"href":"https:\/\/www.infokuryr.cz\/n\/wp-json\/wp\/v2\/comments?post=91728"}],"version-history":[{"count":0,"href":"https:\/\/www.infokuryr.cz\/n\/wp-json\/wp\/v2\/posts\/91728\/revisions"}],"wp:featuredmedia":[{"embeddable":true,"href":"https:\/\/www.infokuryr.cz\/n\/wp-json\/wp\/v2\/media\/91729"}],"wp:attachment":[{"href":"https:\/\/www.infokuryr.cz\/n\/wp-json\/wp\/v2\/media?parent=91728"}],"wp:term":[{"taxonomy":"category","embeddable":true,"href":"https:\/\/www.infokuryr.cz\/n\/wp-json\/wp\/v2\/categories?post=91728"},{"taxonomy":"post_tag","embeddable":true,"href":"https:\/\/www.infokuryr.cz\/n\/wp-json\/wp\/v2\/tags?post=91728"}],"curies":[{"name":"wp","href":"https:\/\/api.w.org\/{rel}","templated":true}]}}