{"id":91711,"date":"2025-11-08T00:24:55","date_gmt":"2025-11-07T23:24:55","guid":{"rendered":"https:\/\/www.infokuryr.cz\/n\/?p=91711"},"modified":"2025-11-07T12:42:33","modified_gmt":"2025-11-07T11:42:33","slug":"zelenskyj-prorokoval-na-zapade-jsou-lide-kterym-dlouha-valka-nevadi","status":"publish","type":"post","link":"https:\/\/www.infokuryr.cz\/n\/2025\/11\/08\/zelenskyj-prorokoval-na-zapade-jsou-lide-kterym-dlouha-valka-nevadi\/","title":{"rendered":"Zelenskyj prorokoval: \u201eNa Z\u00e1pad\u011b jsou lid\u00e9, kter\u00fdm dlouh\u00e1 v\u00e1lka nevad\u00ed\u201c"},"content":{"rendered":"<div id=\"fb-root\"><\/div>\n<div class=\"elementor-element elementor-element-1fb4c2c elementor-widget elementor-widget-theme-post-content\" data-id=\"1fb4c2c\" data-element_type=\"widget\" data-widget_type=\"theme-post-content.default\">\n<div class=\"elementor-widget-container\">\n<p><span dir=\"auto\">V b\u0159eznu 2022 \u2013 jen n\u011bkolik t\u00fddn\u016f po zah\u00e1jen\u00ed rusk\u00e9 invaze \u2013 pronesl ukrajinsk\u00fd prezident Volodymyr Zelenskyj v\u00a0<\/span><a href=\"https:\/\/www.economist.com\/europe\/volodymyr-zelensky-on-why-ukraine-must-defeat-putin\/21808448\" target=\"_blank\" rel=\"noreferrer noopener\" data-type=\"link\" data-id=\"https:\/\/www.economist.com\/europe\/volodymyr-zelensky-on-why-ukraine-must-defeat-putin\/21808448\"><span dir=\"auto\">rozhovoru<\/span><\/a><span dir=\"auto\">\u00a0pro\u00a0<\/span><em><span dir=\"auto\">The Economist<\/span><\/em><span dir=\"auto\">\u00a0slova , kter\u00e1 dnes vypadaj\u00ed jako pochmurn\u00e9 znamen\u00ed. P\u0159\u00edmo do kamery \u0159ekl:\u00a0<\/span><strong><span dir=\"auto\">\u201eNa Z\u00e1pad\u011b jsou lid\u00e9, kter\u00fdm dlouh\u00e1 v\u00e1lka nevad\u00ed, proto\u017ee vy\u010derp\u00e1v\u00e1 Rusko \u2013 i kdyby to znamenalo p\u00e1d Ukrajiny a smrt mnoha Ukrajinc\u016f.\u201c<\/span><\/strong><\/p>\n<p><span dir=\"auto\">Toto prohl\u00e1\u0161en\u00ed poch\u00e1z\u00ed od mu\u017ee, kter\u00e9ho dnes velk\u00e1 \u010d\u00e1st Evropy a Z\u00e1padu oslavuje jako hrdinu. I tehdy v\u0161ak varoval p\u0159ed geopolitickou past\u00ed: kr\u00e1tk\u00fd konflikt by mohl skon\u010dit vyjednan\u00fdm m\u00edrem \u2013 dlouh\u00e1 v\u00e1lka naopak naprost\u00fdm vy\u010derp\u00e1n\u00edm jeho zem\u011b.<\/span><\/p>\n<div class=\"twitter-tweet twitter-tweet-rendered\"><iframe id=\"twitter-widget-0\" class=\"\" title=\"X Post\" src=\"https:\/\/platform.twitter.com\/embed\/Tweet.html?dnt=false&amp;embedId=twitter-widget-0&amp;features=eyJ0ZndfdGltZWxpbmVfbGlzdCI6eyJidWNrZXQiOltdLCJ2ZXJzaW9uIjpudWxsfSwidGZ3X2ZvbGxvd2VyX2NvdW50X3N1bnNldCI6eyJidWNrZXQiOnRydWUsInZlcnNpb24iOm51bGx9LCJ0ZndfdHdlZXRfZWRpdF9iYWNrZW5kIjp7ImJ1Y2tldCI6Im9uIiwidmVyc2lvbiI6bnVsbH0sInRmd19yZWZzcmNfc2Vzc2lvbiI6eyJidWNrZXQiOiJvbiIsInZlcnNpb24iOm51bGx9LCJ0ZndfZm9zbnJfc29mdF9pbnRlcnZlbnRpb25zX2VuYWJsZWQiOnsiYnVja2V0Ijoib24iLCJ2ZXJzaW9uIjpudWxsfSwidGZ3X21peGVkX21lZGlhXzE1ODk3Ijp7ImJ1Y2tldCI6InRyZWF0bWVudCIsInZlcnNpb24iOm51bGx9LCJ0ZndfZXhwZXJpbWVudHNfY29va2llX2V4cGlyYXRpb24iOnsiYnVja2V0IjoxMjA5NjAwLCJ2ZXJzaW9uIjpudWxsfSwidGZ3X3Nob3dfYmlyZHdhdGNoX3Bpdm90c19lbmFibGVkIjp7ImJ1Y2tldCI6Im9uIiwidmVyc2lvbiI6bnVsbH0sInRmd19kdXBsaWNhdGVfc2NyaWJlc190b19zZXR0aW5ncyI6eyJidWNrZXQiOiJvbiIsInZlcnNpb24iOm51bGx9LCJ0ZndfdXNlX3Byb2ZpbGVfaW1hZ2Vfc2hhcGVfZW5hYmxlZCI6eyJidWNrZXQiOiJvbiIsInZlcnNpb24iOm51bGx9LCJ0ZndfdmlkZW9faGxzX2R5bmFtaWNfbWFuaWZlc3RzXzE1MDgyIjp7ImJ1Y2tldCI6InRydWVfYml0cmF0ZSIsInZlcnNpb24iOm51bGx9LCJ0ZndfbGVnYWN5X3RpbWVsaW5lX3N1bnNldCI6eyJidWNrZXQiOnRydWUsInZlcnNpb24iOm51bGx9LCJ0ZndfdHdlZXRfZWRpdF9mcm9udGVuZCI6eyJidWNrZXQiOiJvbiIsInZlcnNpb24iOm51bGx9fQ%3D%3D&amp;frame=false&amp;hideCard=false&amp;hideThread=false&amp;id=1985808691686519236&amp;lang=cs&amp;origin=https%3A%2F%2Funcutnews.ch%2Fzelensky-prophezeite-es-es-gibt-leute-im-westen-denen-ein-langer-krieg-nichts-ausmacht%2F&amp;sessionId=4c2967f29554dd6fdeff1a28ad44a10744d7a9c6&amp;theme=light&amp;widgetsVersion=2615f7e52b7e0%3A1702314776716&amp;width=550px\" frameborder=\"0\" scrolling=\"no\" allowfullscreen=\"allowfullscreen\" data-tweet-id=\"1985808691686519236\" data-mce-fragment=\"1\"><\/iframe><\/div>\n<h3 class=\"wp-block-heading\"><strong><span dir=\"auto\">Rozbit\u00e9 m\u00edrov\u00e9 okno roku 2022<\/span><\/strong><\/h3>\n<p><span dir=\"auto\">V dubnu 2022, po n\u011bkolika kolech jedn\u00e1n\u00ed v Istanbulu, bylo dosa\u017eeno\u00a0<\/span><strong><span dir=\"auto\">p\u0159edb\u011b\u017en\u00e9 dohody<\/span><\/strong><span dir=\"auto\">\u00a0mezi Kyjevem a Moskvou. Pozorovatel\u00e9 dokonce hovo\u0159ili o re\u00e1ln\u00e9 \u0161anci na p\u0159\u00edm\u011b\u0159\u00ed.<\/span><\/p>\n<p><span dir=\"auto\">Ale\u00a0<\/span><strong><span dir=\"auto\">9. dubna 2022 tehdej\u0161\u00ed britsk\u00fd premi\u00e9r\u00a0<\/span><\/strong><strong><span dir=\"auto\">Boris Johnson<\/span><\/strong><span dir=\"auto\">\u00a0ne\u010dekan\u011b p\u0159ist\u00e1l\u00a0v Kyjev\u011b. Jeho poselstv\u00ed bylo jasn\u00e9:<\/span><br \/>\n<strong><span dir=\"auto\">\u201eBojujte d\u00e1l, Z\u00e1pad je za v\u00e1mi.\u201c<\/span><\/strong><\/p>\n<p><span dir=\"auto\">T\u00edm se uzav\u0159elo k\u0159ehk\u00e9 okno p\u0159\u00edle\u017eitost\u00ed pro jedn\u00e1n\u00ed. P\u0159i zp\u011btn\u00e9m pohledu se zd\u00e1, \u017ee to byl rozhoduj\u00edc\u00ed bod zlomu \u2013 od diplomatick\u00fdch mo\u017enost\u00ed k nekone\u010dn\u00e9 vy\u010derp\u00e1vac\u00ed v\u00e1lce.<\/span><\/p>\n<p><span dir=\"auto\">Novin\u00e1\u0159 Arrazola de O\u00f1ate popisuje video Zelensk\u00e9ho varov\u00e1n\u00ed jako\u00a0<\/span><em><span dir=\"auto\">\u201e36 sekund \u010dir\u00e9ho neklidu<\/span><\/em><span dir=\"auto\">\u00a0\u201c. Prezident u\u017e v t\u00e9 dob\u011b vyc\u00edtil sm\u011br, kter\u00fdm Z\u00e1pad zemi tla\u010d\u00ed:\u00a0<\/span><strong><span dir=\"auto\">dlouh\u00e1 v\u00e1lka m\u00edsto rychl\u00e9 dohody.<\/span><\/strong><\/p>\n<h3 class=\"wp-block-heading\"><strong><span dir=\"auto\">Sou\u010dasnost: Fronta je pod obrovsk\u00fdm tlakem<\/span><\/strong><\/h3>\n<p><span dir=\"auto\">O t\u0159i roky pozd\u011bji se jeho obavy potvrdily. Tento t\u00fdden Zelenskyj nav\u0161t\u00edvil ukrajinsk\u00e9 jednotky pobl\u00ed\u017e\u00a0<\/span><strong><span dir=\"auto\">Pokrovska<\/span><\/strong><span dir=\"auto\">\u00a0, strategicky d\u016fle\u017eit\u00e9ho m\u011bsta v Don\u011bck\u00e9 oblasti.<\/span><\/p>\n<p><span dir=\"auto\">Kyjev otev\u0159en\u011b p\u0159izn\u00e1v\u00e1:\u00a0<\/span><strong><span dir=\"auto\">Situace se st\u00e1v\u00e1 \u010d\u00edm d\u00e1l kritick\u011bj\u0161\u00ed.<\/span><\/strong><\/p>\n<p><span dir=\"auto\">Pokud by Rusko dobylo Pokrovsk, z\u00edskalo by kl\u00ed\u010dov\u00fd opera\u010dn\u00ed uzel. To by usnadnilo postup k dal\u0161\u00edm velk\u00fdm m\u011bst\u016fm v regionu a d\u00e1le by zv\u00fd\u0161ilo vojensk\u00fd tlak na Ukrajinu.<\/span><\/p>\n<h3 class=\"wp-block-heading\"><strong><span dir=\"auto\">V\u00e1lka, kterou ostatn\u00ed prodlu\u017euj\u00ed?<\/span><\/strong><\/h3>\n<p><span dir=\"auto\">Zelensk\u00e9ho varov\u00e1n\u00ed z roku 2022 se nyn\u00ed jev\u00ed jako poselstv\u00ed z minulosti, kter\u00e9 se stalo skute\u010dnost\u00ed:<\/span><br \/>\n<span dir=\"auto\">V\u00e1lka se vle\u010de \u2013 nejen proto, \u017ee Rusko tla\u010d\u00ed, ale tak\u00e9 proto, \u017ee\u00a0<\/span><strong><span dir=\"auto\">n\u011bkte\u0159\u00ed z\u00e1padn\u00ed akt\u00e9\u0159i<\/span><\/strong><span dir=\"auto\">\u00a0jsou zjevn\u011b p\u0159ipraveni akceptovat dlouhou vy\u010derp\u00e1vac\u00ed v\u00e1lku, aby oslabili Rusko, a to i za cenu zni\u010den\u00ed Ukrajiny.<\/span><\/p>\n<p><span dir=\"auto\">Z\u016fst\u00e1v\u00e1 nep\u0159\u00edjemn\u00e1, ale z\u00e1sadn\u00ed ot\u00e1zka:<br \/>\n<\/span><br \/>\n<strong><span dir=\"auto\">Kdo m\u00e1 prosp\u011bch z v\u00e1lky, kterou Ukrajina, zd\u00e1 se, vyhr\u00e1v\u00e1 \u010d\u00edm d\u00e1l m\u00e9n\u011b?<\/span><\/strong><\/p>\n<\/div>\n<\/div>\n<div class=\"elementor-element elementor-element-8c57238 quelle dc-has-condition dc-condition-empty elementor-widget elementor-widget-heading\" data-id=\"8c57238\" data-element_type=\"widget\" data-widget_type=\"heading.default\">\n<div class=\"elementor-widget-container\">\n<h3 class=\"elementor-heading-title elementor-size-default\"><span style=\"font-size: 10pt;\"><a href=\"https:\/\/archive.is\/Hr03x#selection-882.0-882.1\" target=\"_blank\" rel=\"nofollow noopener\"><span dir=\"auto\">Zdroj<\/span><\/a><\/span><\/h3>\n<p>&nbsp;<\/p>\n<\/div>\n<\/div>\n","protected":false},"excerpt":{"rendered":"<p>V b\u0159eznu 2022 \u2013 jen n\u011bkolik t\u00fddn\u016f po zah\u00e1jen\u00ed rusk\u00e9 invaze \u2013 pronesl ukrajinsk\u00fd prezident&#8230;<\/p>\n","protected":false},"author":2,"featured_media":31653,"comment_status":"closed","ping_status":"closed","sticky":false,"template":"","format":"standard","meta":[],"categories":[7],"tags":[1488,40,365,1000],"_links":{"self":[{"href":"https:\/\/www.infokuryr.cz\/n\/wp-json\/wp\/v2\/posts\/91711"}],"collection":[{"href":"https:\/\/www.infokuryr.cz\/n\/wp-json\/wp\/v2\/posts"}],"about":[{"href":"https:\/\/www.infokuryr.cz\/n\/wp-json\/wp\/v2\/types\/post"}],"author":[{"embeddable":true,"href":"https:\/\/www.infokuryr.cz\/n\/wp-json\/wp\/v2\/users\/2"}],"replies":[{"embeddable":true,"href":"https:\/\/www.infokuryr.cz\/n\/wp-json\/wp\/v2\/comments?post=91711"}],"version-history":[{"count":0,"href":"https:\/\/www.infokuryr.cz\/n\/wp-json\/wp\/v2\/posts\/91711\/revisions"}],"wp:featuredmedia":[{"embeddable":true,"href":"https:\/\/www.infokuryr.cz\/n\/wp-json\/wp\/v2\/media\/31653"}],"wp:attachment":[{"href":"https:\/\/www.infokuryr.cz\/n\/wp-json\/wp\/v2\/media?parent=91711"}],"wp:term":[{"taxonomy":"category","embeddable":true,"href":"https:\/\/www.infokuryr.cz\/n\/wp-json\/wp\/v2\/categories?post=91711"},{"taxonomy":"post_tag","embeddable":true,"href":"https:\/\/www.infokuryr.cz\/n\/wp-json\/wp\/v2\/tags?post=91711"}],"curies":[{"name":"wp","href":"https:\/\/api.w.org\/{rel}","templated":true}]}}