{"id":9171,"date":"2022-03-17T02:03:36","date_gmt":"2022-03-17T01:03:36","guid":{"rendered":"http:\/\/www.infokuryr.cz\/n\/?p=9171"},"modified":"2022-03-16T16:57:24","modified_gmt":"2022-03-16T15:57:24","slug":"putin-soucasne-udalosti-ukoncuji-globalni-politickou-a-ekonomickou-dominanci-zapadu","status":"publish","type":"post","link":"https:\/\/www.infokuryr.cz\/n\/2022\/03\/17\/putin-soucasne-udalosti-ukoncuji-globalni-politickou-a-ekonomickou-dominanci-zapadu\/","title":{"rendered":"Putin: Sou\u010dasn\u00e9 ud\u00e1losti ukon\u010duj\u00ed glob\u00e1ln\u00ed politickou a ekonomickou dominanci Z\u00e1padu"},"content":{"rendered":"<div id=\"fb-root\"><\/div>\n<div class=\"Text-root Text-type_5 ArticleView-text ViewText-root \">\n<p><strong>Rusk\u00fd prezident Vladimir Putin v\u011b\u0159\u00ed, \u017ee ned\u00e1vn\u00e9, bezprecedentn\u00ed sankce uvalen\u00e9 na Rusko ze strany USA a jejich spojenc\u016f kv\u016fli vojensk\u00e9 operaci Kremlu na Ukrajin\u011b znamenaj\u00ed konec jedn\u00e9 \u00e9ry.<\/strong><\/p>\n<p><span>Podle rusk\u00e9ho prezidenta Vladimira Putina od nyn\u011bj\u0161ka Z\u00e1pad ztrat\u00ed svou <strong>\u201eglob\u00e1ln\u00ed dominanci\u201c<\/strong> jak politicky, tak ekonomicky.\u00a0Ned\u00e1vn\u00e9 bezprecedentn\u00ed sankce uvalen\u00e9 USA a jejich spojenci na Rusko kv\u016fli jeho vojensk\u00e9 akci na Ukrajin\u011b by znamenalo konec jedn\u00e9 \u00e9ry.<\/span><\/p>\n<p><span>Rusk\u00e1 hlava st\u00e1tu ve sv\u00e9m st\u0159ede\u010dn\u00edm projevu prohl\u00e1sila, \u017ee<strong> &#8222;m\u00fdtus o z\u00e1padn\u00edm soci\u00e1ln\u00edm st\u00e1tu, takzvan\u00e9 zlat\u00e9 miliard\u011b, se bort\u00ed&#8220;<\/strong>.\u00a0Je to tak\u00e9 <strong>\u201ecel\u00e1 planeta, kter\u00e1 mus\u00ed zaplatit cenu za ambice Z\u00e1padu a jeho pokusy zachovat si svou odch\u00e1zej\u00edc\u00ed hegemonii za ka\u017edou cenu\u201c.<\/strong><\/span><\/p>\n<p><span>Rusk\u00fd prezident p\u0159edpov\u011bd\u011bl glob\u00e1ln\u00ed nedostatek potravin, proto\u017ee z\u00e1padn\u00ed sankce proti Rusku ovlivn\u00ed celou glob\u00e1ln\u00ed ekonomiku.<\/span><\/p>\n<p><span>S odkazem na rozhodnut\u00ed n\u011bkolika z\u00e1padn\u00edch zem\u00ed zmrazit aktiva Centr\u00e1ln\u00ed banky Ruska Putin prohl\u00e1sil, \u017ee\u00a0 to pouze nen\u00e1vratn\u011b nahlodalo d\u016fv\u011bru v tyto zem\u011b a p\u0159im\u011blo ostatn\u00ed zem\u011b, aby si dvakr\u00e1t rozmyslely d\u00e1t pen\u00edze a vs\u00e9 finan\u010dn\u00ed rezervy do p\u00e9\u010de t\u011bmto zem\u00edm. Podle rusk\u00e9ho prezidenta t\u00e9m\u011b\u0159 polovinu moskevsk\u00e9ho bohatstv\u00ed <strong>\u201eprost\u011b ukradl\u201c<\/strong> Z\u00e1pad.<\/span><\/p>\n<p><strong>Rusk\u00fd v\u016fdce v projevu k obyvatel\u016fm Z\u00e1padu \u0159ekl, \u017ee masivn\u00ed sankce proti Rusku ji\u017e dopadaj\u00ed na samotn\u00e9 USA a Evropu a \u017ee tamn\u00ed vl\u00e1dy d\u011blaj\u00ed v\u0161e pro to, aby p\u0159esv\u011bd\u010dily sv\u00e9 ob\u010dany, \u017ee za to m\u016f\u017ee Rusko.<\/strong><\/p>\n<p><span>Putin varoval obyvatele Z\u00e1padu, \u017ee pokusy vykreslit Moskvu jako hlavn\u00ed p\u0159\u00ed\u010dinu v\u0161ech jejich probl\u00e9m\u016f jsou l\u017ei. Mnoh\u00e9 z t\u011bchto probl\u00e9m\u016f jsou p\u0159\u00edm\u00fdm d\u016fsledkem <strong>\u201eambic\u00ed\u201c<\/strong> a <strong>\u201epolitick\u00e9 kr\u00e1tkozrakosti\u201c<\/strong> z\u00e1padn\u00edch vl\u00e1d.<\/span><\/p>\n<p><span>Z\u00e1padn\u00ed politick\u00e9 elity, \u0159ekl Putin, prom\u011bnily sv\u00e9 zem\u011b v <strong>\u201eimp\u00e9rium l\u017e\u00ed\u201c<\/strong>, ale Rusko bude i nad\u00e1le prezentovat sv\u016fj vlastn\u00ed postoj cel\u00e9mu sv\u011btu, bez ohledu na zp\u016fsob.<\/span><\/p>\n<\/div>\n<p><img decoding=\"async\" loading=\"lazy\" class=\"alignnone size-full wp-image-1185\" src=\"http:\/\/www.infokuryr.cz\/n\/wp-content\/uploads\/2021\/04\/kuryr-podpis.png\" alt=\"\" width=\"84\" height=\"24\" \/><\/p>\n<p>&nbsp;<\/p>\n<p>&nbsp;<\/p>\n<p>&nbsp;<\/p>\n","protected":false},"excerpt":{"rendered":"<p>Rusk\u00fd prezident Vladimir Putin v\u011b\u0159\u00ed, \u017ee ned\u00e1vn\u00e9, bezprecedentn\u00ed sankce uvalen\u00e9 na Rusko ze strany USA&#8230;<\/p>\n","protected":false},"author":2,"featured_media":8854,"comment_status":"closed","ping_status":"closed","sticky":false,"template":"","format":"standard","meta":[],"categories":[7],"tags":[59,45,102,365],"_links":{"self":[{"href":"https:\/\/www.infokuryr.cz\/n\/wp-json\/wp\/v2\/posts\/9171"}],"collection":[{"href":"https:\/\/www.infokuryr.cz\/n\/wp-json\/wp\/v2\/posts"}],"about":[{"href":"https:\/\/www.infokuryr.cz\/n\/wp-json\/wp\/v2\/types\/post"}],"author":[{"embeddable":true,"href":"https:\/\/www.infokuryr.cz\/n\/wp-json\/wp\/v2\/users\/2"}],"replies":[{"embeddable":true,"href":"https:\/\/www.infokuryr.cz\/n\/wp-json\/wp\/v2\/comments?post=9171"}],"version-history":[{"count":0,"href":"https:\/\/www.infokuryr.cz\/n\/wp-json\/wp\/v2\/posts\/9171\/revisions"}],"wp:featuredmedia":[{"embeddable":true,"href":"https:\/\/www.infokuryr.cz\/n\/wp-json\/wp\/v2\/media\/8854"}],"wp:attachment":[{"href":"https:\/\/www.infokuryr.cz\/n\/wp-json\/wp\/v2\/media?parent=9171"}],"wp:term":[{"taxonomy":"category","embeddable":true,"href":"https:\/\/www.infokuryr.cz\/n\/wp-json\/wp\/v2\/categories?post=9171"},{"taxonomy":"post_tag","embeddable":true,"href":"https:\/\/www.infokuryr.cz\/n\/wp-json\/wp\/v2\/tags?post=9171"}],"curies":[{"name":"wp","href":"https:\/\/api.w.org\/{rel}","templated":true}]}}