{"id":9169,"date":"2022-03-17T02:00:13","date_gmt":"2022-03-17T01:00:13","guid":{"rendered":"http:\/\/www.infokuryr.cz\/n\/?p=9169"},"modified":"2022-03-16T16:38:46","modified_gmt":"2022-03-16T15:38:46","slug":"kyjev-navrhuje-rakouskou-nebo-svedskou-variantu-statu-oznamil-vedouci-ruske-delegace","status":"publish","type":"post","link":"https:\/\/www.infokuryr.cz\/n\/2022\/03\/17\/kyjev-navrhuje-rakouskou-nebo-svedskou-variantu-statu-oznamil-vedouci-ruske-delegace\/","title":{"rendered":"Kyjev navrhuje rakouskou nebo \u0161v\u00e9dskou variantu st\u00e1tu, ozn\u00e1mil vedouc\u00ed rusk\u00e9 delegace"},"content":{"rendered":"<div id=\"fb-root\"><\/div>\n<p>Kyjev b\u011bhem jedn\u00e1n\u00ed navrhuje z\u0159\u00eddit na Ukrajin\u011b rakouskou nebo \u0161v\u00e9dskou variantu demilitarizovan\u00e9ho st\u00e1tu, kter\u00fd m\u00e1 vlastn\u00ed arm\u00e1du, ozn\u00e1mil vedouc\u00ed rusk\u00e9 delegace, pomocn\u00edk prezidenta RF Vladimir Medinskij.<\/p>\n<p>\u201eZachov\u00e1n\u00ed a rozvoj neutr\u00e1ln\u00edho statusu Ukrajiny, demilitarizace Ukrajiny \u2013 projedn\u00e1v\u00e1 se cel\u00fd komplex ot\u00e1zek spojen\u00fdch s rozm\u011bry ukrajinsk\u00e9 arm\u00e1dy. Ukrajina navrhuje rakouskou nebo \u0161v\u00e9dskou variantu neutr\u00e1ln\u00edho demilitarizovan\u00e9ho st\u00e1tu, ale p\u0159itom st\u00e1tu, kter\u00fd by m\u011bl vlastn\u00ed arm\u00e1du a vojensko-n\u00e1mo\u0159n\u00ed s\u00edly. V\u0161echny tyto ot\u00e1zky jsou posuzov\u00e1ny na \u00farovni veden\u00ed ministerstev obrany Ruska a Ukrajiny,\u201c \u0159ekl Medinskij.<\/p>\n<p>Vedouc\u00ed rusk\u00e9 delegace p\u0159ipomn\u011bl, \u017ee \u201eneutr\u00e1ln\u00ed status m\u00e1 Ukrajina u\u017e nyn\u00ed\u201c. \u201ePr\u00e1v\u011b za podm\u00ednky neutrality vystoupila Ukrajina ze slo\u017een\u00ed Sov\u011btsk\u00e9ho svazu v roce 1991, a tato neutralita je zakotvena v Deklaraci o svrchovanosti Ukrajiny,\u201c zd\u016fraznil.<\/p>\n<p>\u201ePro n\u00e1s je nesporn\u011b kl\u00ed\u010dovou ot\u00e1zkou status Krymu a Donbasu, a tak\u00e9 cel\u00e1 \u0159ada humanit\u00e1rn\u00edch ot\u00e1zek v\u010detn\u011b denacifikace, pr\u00e1v rusky mluv\u00edc\u00edho obyvatelstva, postaven\u00ed rusk\u00e9ho jazyka, a tak d\u00e1le,\u201c dodal Medinskij. Vyvr\u00e1til p\u0159itom tvrzen\u00ed Kyjeva o vymaz\u00e1n\u00ed bodu o denacifikaci Ukrajiny z po\u0159adu jedn\u00e1n\u00ed.<\/p>\n<p>\u201eNe, to ne zcela odpov\u00edd\u00e1 skute\u010dnosti. T\u00e9ma denacifikace a zp\u0159\u00edsn\u011bn\u00ed trest\u016f, uplatn\u011bn\u00ed pr\u00e1va, v prvn\u00ed \u0159ad\u011b trest\u016f za heroizaci nacismu, neonacismu a extremismu na jejich z\u00e1klad\u011b z\u016fst\u00e1v\u00e1 i nad\u00e1le d\u016fle\u017eit\u00fdm bodem na po\u0159adu jedn\u00e1n\u00ed,\u201c \u0159ekl Medinskij.<\/p>\n<p>\u201eToto je mo\u017enost, o kter\u00e9 se nyn\u00ed skute\u010dn\u011b diskutuje a kterou lze pova\u017eovat za skute\u010dn\u00fd kompromis,&#8220; \u0159ekl dnes tiskov\u00fd mluv\u010d\u00ed rusk\u00e9ho prezidenta Dmitrij Peskov.<\/p>\n<p><a href=\"https:\/\/cz.sputniknews.com\/20220316\/kyjev-navrhuje-rakouskou-nebo-svedskou-variantu-statu-oznamil-vedouci-ruske-delegace-18023698.html\">ZDROJ<\/a><\/p>\n<p>&nbsp;<\/p>\n","protected":false},"excerpt":{"rendered":"<p>Kyjev b\u011bhem jedn\u00e1n\u00ed navrhuje z\u0159\u00eddit na Ukrajin\u011b rakouskou nebo \u0161v\u00e9dskou variantu demilitarizovan\u00e9ho st\u00e1tu, kter\u00fd m\u00e1&#8230;<\/p>\n","protected":false},"author":2,"featured_media":866,"comment_status":"closed","ping_status":"closed","sticky":false,"template":"","format":"standard","meta":[],"categories":[7],"tags":[1060,221,246],"_links":{"self":[{"href":"https:\/\/www.infokuryr.cz\/n\/wp-json\/wp\/v2\/posts\/9169"}],"collection":[{"href":"https:\/\/www.infokuryr.cz\/n\/wp-json\/wp\/v2\/posts"}],"about":[{"href":"https:\/\/www.infokuryr.cz\/n\/wp-json\/wp\/v2\/types\/post"}],"author":[{"embeddable":true,"href":"https:\/\/www.infokuryr.cz\/n\/wp-json\/wp\/v2\/users\/2"}],"replies":[{"embeddable":true,"href":"https:\/\/www.infokuryr.cz\/n\/wp-json\/wp\/v2\/comments?post=9169"}],"version-history":[{"count":0,"href":"https:\/\/www.infokuryr.cz\/n\/wp-json\/wp\/v2\/posts\/9169\/revisions"}],"wp:featuredmedia":[{"embeddable":true,"href":"https:\/\/www.infokuryr.cz\/n\/wp-json\/wp\/v2\/media\/866"}],"wp:attachment":[{"href":"https:\/\/www.infokuryr.cz\/n\/wp-json\/wp\/v2\/media?parent=9169"}],"wp:term":[{"taxonomy":"category","embeddable":true,"href":"https:\/\/www.infokuryr.cz\/n\/wp-json\/wp\/v2\/categories?post=9169"},{"taxonomy":"post_tag","embeddable":true,"href":"https:\/\/www.infokuryr.cz\/n\/wp-json\/wp\/v2\/tags?post=9169"}],"curies":[{"name":"wp","href":"https:\/\/api.w.org\/{rel}","templated":true}]}}