{"id":91688,"date":"2025-11-08T00:12:59","date_gmt":"2025-11-07T23:12:59","guid":{"rendered":"https:\/\/www.infokuryr.cz\/n\/?p=91688"},"modified":"2025-11-07T07:52:32","modified_gmt":"2025-11-07T06:52:32","slug":"ruske-ministerstvo-zahranici-evropsky-mirovy-plan-ma-za-cil-brzdit-mirovy-proces","status":"publish","type":"post","link":"https:\/\/www.infokuryr.cz\/n\/2025\/11\/08\/ruske-ministerstvo-zahranici-evropsky-mirovy-plan-ma-za-cil-brzdit-mirovy-proces\/","title":{"rendered":"Rusk\u00e9 ministerstvo zahrani\u010d\u00ed: Evropsk\u00fd \u201em\u00edrov\u00fd pl\u00e1n\u201c m\u00e1 za c\u00edl brzdit m\u00edrov\u00fd proces"},"content":{"rendered":"<div id=\"fb-root\"><\/div>\n<p><strong><span dir=\"auto\">Mluv\u010d\u00ed rusk\u00e9ho ministerstva zahrani\u010d\u00ed Marija Zacharovov\u00e1 ve sv\u00e9m prohl\u00e1\u0161en\u00ed zru\u0161ila dvan\u00e1ctibodov\u00fd pl\u00e1n \u201ena ukon\u010den\u00ed v\u00e1lky na Ukrajin\u011b\u201c. Podle n\u00ed pl\u00e1n EU a Kyjeva, o kter\u00e9m\u00a0<\/span><a href=\"https:\/\/www.n-tv.de\/politik\/EU-Kommission-schmiedet-mit-Ukraine-Friedensplan-article26110745.html\"><span dir=\"auto\">informovala<\/span><\/a><span dir=\"auto\">\u00a0r\u016fzn\u00e1 z\u00e1padn\u00ed m\u00e9dia , jasn\u011b ukazuje, \u017ee ani ukrajinsk\u00fd prezident, ani Evropan\u00e9 nejsou p\u0159ipraveni pracovat na odstran\u011bn\u00ed z\u00e1kladn\u00edch p\u0159\u00ed\u010din konfliktu. Podle rusk\u00e9 interpretace pl\u00e1nu m\u00e1 sp\u00ed\u0161e zabr\u00e1nit zah\u00e1jen\u00ed skute\u010dn\u00e9ho m\u00edrov\u00e9ho procesu.<\/span><\/strong><\/p>\n<p><em><span dir=\"auto\">N\u00ed\u017ee si m\u016f\u017eete p\u0159e\u010d\u00edst prohl\u00e1\u0161en\u00ed Marie Zacharovov\u00e9 (prost\u0159ednictv\u00edm\u00a0<\/span><a href=\"https:\/\/t.me\/RusBotschaft\/14735\" target=\"_blank\" rel=\"noreferrer noopener\"><span dir=\"auto\">rusk\u00e9ho velvyslanectv\u00ed v N\u011bmecku<\/span><\/a><span dir=\"auto\"> ):<\/span><\/em><\/p>\n<p><span dir=\"auto\">I letm\u00fd pohled na dvan\u00e1ctibodov\u00fd n\u00e1vrh \u201eEvropsk\u00e9ho m\u00edrov\u00e9ho pl\u00e1nu pro Ukrajinu\u201c, kter\u00fd p\u0159ipravily z\u00e1padoevropsk\u00e9 st\u00e1ty a Kyjev, sta\u010d\u00ed k jasn\u00e9mu z\u00e1v\u011bru: Ani v evropsk\u00fdch metropol\u00edch, ani v Kyjev\u011b nikdo neuva\u017euje o spravedliv\u00e9m a trval\u00e9m m\u00edrov\u00e9m \u0159e\u0161en\u00ed ukrajinsk\u00e9 krize. Nad\u00e1le se uva\u017euje v term\u00ednech v\u00e1lky a jejich hlavn\u00edm c\u00edlem je v sou\u010dasnosti za ka\u017edou cenu vynutit oddech pora\u017een\u00fdm ukrajinsk\u00fdm ozbrojen\u00fdm sil\u00e1m a zachr\u00e1nit Zelensk\u00e9ho re\u017eim p\u0159ed nevyhnuteln\u00fdm kolapsem fronty. Proto je prioritou okam\u017eit\u00e9 p\u0159\u00edm\u011b\u0159\u00ed a \u201ezmrazen\u00ed\u201c sou\u010dasn\u00e9 linie kontaktu. N\u00e1sleduje seznam zn\u00e1m\u00fdch po\u017eadavk\u016f kyjevsk\u00e9ho re\u017eimu na (bl\u00ed\u017ee neur\u010den\u00e9) \u201ebezpe\u010dnostn\u00ed z\u00e1ruky\u201c, reparace, rychl\u00e9 p\u0159istoupen\u00ed k EU a postupn\u00fd p\u0159evod Z\u00e1poro\u017esk\u00e9 jadern\u00e9 elektr\u00e1rny pod ukrajinskou kontrolu.<\/span><\/p>\n<p><span dir=\"auto\">Evropan\u00e9 se pokusili zamaskovat sv\u00e9 zcela nep\u0159ijateln\u00e9 a nav\u00edc ultim\u00e1tn\u00edm \u201en\u00e1vrh\u016fm\u201c pro Rusko n\u011bkolika ustanoven\u00edmi, jejich\u017e c\u00edlem bylo pouze vytvo\u0159it zd\u00e1n\u00ed, \u017ee zohled\u0148uj\u00ed rusk\u00e9 z\u00e1jmy. Zejm\u00e9na sl\u00edbili postupn\u00e9 zru\u0161en\u00ed sankc\u00ed a uvoln\u011bn\u00ed rusk\u00e9ho majetku, podm\u00edn\u011bn\u00e9 zaplacen\u00edm tzv. \u201ekompenzace\u201c \u2013 jin\u00fdmi slovy \u201ereparac\u00ed\u201c \u2013 na nich\u017e se dohodne s Kyjevem.<\/span><\/p>\n<p><span dir=\"auto\">Podle logiky autor\u016f \u201epl\u00e1nu\u201c m\u00e1 toto v\u0161e vytvo\u0159it podm\u00ednky pro zah\u00e1jen\u00ed rusko-ukrajinsk\u00fdch jedn\u00e1n\u00ed o spr\u00e1v\u011b regionu, kter\u00fd ozna\u010duj\u00ed za \u201eokupovan\u00fd\u201c, p\u0159esto\u017ee jeho obyvatel\u00e9 v referendu jasn\u011b hlasovali pro p\u0159ipojen\u00ed k Rusku.<\/span><\/p>\n<p><span dir=\"auto\">Je\u0161t\u011b cyni\u010dt\u011bj\u0161\u00ed je zahrnut\u00ed bodu o \u201epos\u00edlen\u00ed vz\u00e1jemn\u00e9ho porozum\u011bn\u00ed a respektu k rozmanitosti jazyk\u016f, kultur a n\u00e1bo\u017eenstv\u00ed\u201c do \u201epl\u00e1nu\u201c, konkr\u00e9tn\u011b v jeho z\u00e1v\u011bre\u010dn\u00fdch ustanoven\u00edch. Nen\u00ed zde ani zm\u00ednka o tom, \u017ee by Kyjev zru\u0161il z\u00e1konem zakotven\u00e1 omezen\u00ed pou\u017e\u00edv\u00e1n\u00ed rusk\u00e9ho jazyka ve v\u0161ech oblastech \u017eivota, zru\u0161il opat\u0159en\u00ed diskriminuj\u00edc\u00ed n\u00e1rodnostn\u00ed men\u0161iny ani ukon\u010dil pron\u00e1sledov\u00e1n\u00ed kanonick\u00e9 Ukrajinsk\u00e9 pravoslavn\u00e9 c\u00edrkve.<\/span><\/p>\n<p><span dir=\"auto\">Takov\u00fd oportunistick\u00fd p\u0159\u00edstup jasn\u011b ukazuje, \u017ee Zelensk\u00e9ho re\u017eim a jeho evrop\u0161t\u00ed podporovatel\u00e9 nejsou ochotni pracovat na \u0159e\u0161en\u00ed z\u00e1kladn\u00edch p\u0159\u00ed\u010din konfliktu \u2013 mezi kter\u00e9 pat\u0159\u00ed i kyjevsk\u00e1 kampa\u0148 proti v\u0161emu rusk\u00e9mu. Bez ukon\u010den\u00ed t\u00e9to diskrimina\u010dn\u00ed politiky je trval\u00e9 a udr\u017eiteln\u00e9 \u0159e\u0161en\u00ed nemo\u017en\u00e9. Auto\u0159i tohoto \u201epl\u00e1nu\u201c v\u0161ak takov\u00fd c\u00edl nesleduj\u00ed. Jejich prim\u00e1rn\u00edm c\u00edlem je zabr\u00e1nit zah\u00e1jen\u00ed skute\u010dn\u00e9ho m\u00edrov\u00e9ho procesu, kter\u00fd by respektoval legitimn\u00ed z\u00e1jmy Ruska a rusky mluv\u00edc\u00edho obyvatelstva Ukrajiny a p\u0159isp\u011bl k obnoven\u00ed rovnov\u00e1hy sil v oblasti bezpe\u010dnosti v Evrop\u011b i na cel\u00e9m sv\u011bt\u011b.<\/span><\/p>\n<p><img decoding=\"async\" loading=\"lazy\" class=\"alignnone size-full wp-image-1185\" src=\"http:\/\/www.infokuryr.cz\/n\/wp-content\/uploads\/2021\/04\/kuryr-podpis.png\" alt=\"\" width=\"84\" height=\"24\" \/><\/p>\n<p>&nbsp;<\/p>\n","protected":false},"excerpt":{"rendered":"<p>Mluv\u010d\u00ed rusk\u00e9ho ministerstva zahrani\u010d\u00ed Marija Zacharovov\u00e1 ve sv\u00e9m prohl\u00e1\u0161en\u00ed zru\u0161ila dvan\u00e1ctibodov\u00fd pl\u00e1n \u201ena ukon\u010den\u00ed v\u00e1lky&#8230;<\/p>\n","protected":false},"author":2,"featured_media":22627,"comment_status":"closed","ping_status":"closed","sticky":false,"template":"","format":"standard","meta":[],"categories":[7],"tags":[565,1505,22,365],"_links":{"self":[{"href":"https:\/\/www.infokuryr.cz\/n\/wp-json\/wp\/v2\/posts\/91688"}],"collection":[{"href":"https:\/\/www.infokuryr.cz\/n\/wp-json\/wp\/v2\/posts"}],"about":[{"href":"https:\/\/www.infokuryr.cz\/n\/wp-json\/wp\/v2\/types\/post"}],"author":[{"embeddable":true,"href":"https:\/\/www.infokuryr.cz\/n\/wp-json\/wp\/v2\/users\/2"}],"replies":[{"embeddable":true,"href":"https:\/\/www.infokuryr.cz\/n\/wp-json\/wp\/v2\/comments?post=91688"}],"version-history":[{"count":0,"href":"https:\/\/www.infokuryr.cz\/n\/wp-json\/wp\/v2\/posts\/91688\/revisions"}],"wp:featuredmedia":[{"embeddable":true,"href":"https:\/\/www.infokuryr.cz\/n\/wp-json\/wp\/v2\/media\/22627"}],"wp:attachment":[{"href":"https:\/\/www.infokuryr.cz\/n\/wp-json\/wp\/v2\/media?parent=91688"}],"wp:term":[{"taxonomy":"category","embeddable":true,"href":"https:\/\/www.infokuryr.cz\/n\/wp-json\/wp\/v2\/categories?post=91688"},{"taxonomy":"post_tag","embeddable":true,"href":"https:\/\/www.infokuryr.cz\/n\/wp-json\/wp\/v2\/tags?post=91688"}],"curies":[{"name":"wp","href":"https:\/\/api.w.org\/{rel}","templated":true}]}}