{"id":91685,"date":"2025-11-07T06:25:36","date_gmt":"2025-11-07T05:25:36","guid":{"rendered":"https:\/\/www.infokuryr.cz\/n\/?p=91685"},"modified":"2025-11-07T06:29:22","modified_gmt":"2025-11-07T05:29:22","slug":"izraelske-stupnujici-utoky-na-hizballah-jsou-prvnim-krokem-k-valce","status":"publish","type":"post","link":"https:\/\/www.infokuryr.cz\/n\/2025\/11\/07\/izraelske-stupnujici-utoky-na-hizballah-jsou-prvnim-krokem-k-valce\/","title":{"rendered":"Izraelsk\u00e9 stup\u0148uj\u00edc\u00ed \u00fatoky na Hizball\u00e1h, jsou prvn\u00edm krokem k v\u00e1lce"},"content":{"rendered":"<div id=\"fb-root\"><\/div>\n<p><strong><span dir=\"auto\">Izrael 6. listopadu zintenzivnil \u00fatoky na Libanon, hned pot\u00e9, co Hizball\u00e1h v ofici\u00e1ln\u00edm otev\u0159en\u00e9m dopise odm\u00edtl jak\u00e9koli \u201epolitick\u00e9 vyjedn\u00e1v\u00e1n\u00ed\u201c.<\/span><\/strong><\/p>\n<p><span dir=\"auto\">Eskalace za\u010dala izraelsk\u00fdm \u00faderem zam\u011b\u0159en\u00fdm na oblast mezi m\u011bsty Toura a Aabbasiyyeh v ji\u017en\u00edm Libanonu, srdci Hizball\u00e1hu. Podle libanonsk\u00e9ho ministerstva zdravotnictv\u00ed byl p\u0159i \u00faderu zabit jeden \u010dlov\u011bk a t\u0159i dal\u0161\u00ed zran\u011bny.<\/span><\/p>\n<p><iframe loading=\"lazy\" src=\"https:\/\/s5.cdnstatic.space\/wp-content\/uploads\/2025\/11\/firststrike-1.mp4\" width=\"600\" height=\"338\" data-mce-fragment=\"1\"><\/iframe><\/p>\n<p><span dir=\"auto\">Izraelsk\u00e9 obrann\u00e9 s\u00edly (IDF) ve sv\u00e9m prohl\u00e1\u0161en\u00ed kr\u00e1tce po smrt\u00edc\u00edm \u00fatoku uvedly, \u017ee ter\u010dem \u00fatok\u016f byli agenti takzvan\u00e9 stavebn\u00ed jednotky Hizball\u00e1hu.<\/span><\/p>\n<p><span dir=\"auto\">Arm\u00e1da uvedla, \u017ee terorist\u00e9 byli ter\u010dem \u00fatoku, kdy\u017e se shrom\u00e1\u017edili v are\u00e1lu Hizball\u00e1hu, a dodala, \u017ee toto m\u00edsto bylo vyu\u017e\u00edv\u00e1no k \u201ev\u00fdrob\u011b vybaven\u00ed, kter\u00e9 terorist\u00e9 organizace pou\u017e\u00edvali k obnov\u011b teroristick\u00e9 infrastruktury\u201c, je\u017e byla zni\u010dena v lo\u0148sk\u00fdch boj\u00edch.<\/span><\/p>\n<p><span dir=\"auto\">Pozd\u011bji IDF vydala samostatn\u011b p\u011bt p\u0159\u00edkaz\u016f k evakuaci budov nach\u00e1zej\u00edc\u00edch se ve m\u011bstech Ayta al-Jabal, Taybeh, Tayr Debba, Zawtar al-Sharqiyah a Kfar Dounine, kter\u00e1 se v\u0161echna nach\u00e1zej\u00ed v ji\u017en\u00edm Libanonu.<\/span><\/p>\n<p><em><span dir=\"auto\">\u201eIDF za\u00fato\u010d\u00ed na vojenskou infrastrukturu pat\u0159\u00edc\u00ed teroristick\u00e9 organizaci Hizball\u00e1h v cel\u00e9m ji\u017en\u00edm Libanonu v reakci na jej\u00ed zak\u00e1zan\u00e9 pokusy o obnovu jej\u00edch aktivit v oblasti,\u201c varoval plukovn\u00edk Avichay Adraee, arabsky mluv\u00edc\u00ed mluv\u010d\u00ed IDF, ve sv\u00e9m prohl\u00e1\u0161en\u00ed zve\u0159ejn\u011bn\u00e9m spolu s prvn\u00edmi dv\u011bma evakua\u010dn\u00edmi rozkazy.<\/span><\/em><\/p>\n<p><span dir=\"auto\">V\u0161ech p\u011bt budov bylo zasa\u017eeno. Libanonsk\u00e1 m\u00e9dia nehl\u00e1sila \u017e\u00e1dn\u00e9 ob\u011bti, ale \u00fatoky vyvolaly mezi lidmi v ji\u017en\u00edm Libanonu paniku.<\/span><\/p>\n<p><span dir=\"auto\">\u00dadery nebyly nejn\u00e1siln\u011bj\u0161\u00edmi, jak\u00e9 IDF provedla od doby, kdy v Libanonu zhruba o rok d\u0159\u00edve vstoupilo v platnost p\u0159\u00edm\u011b\u0159\u00ed zprost\u0159edkovan\u00e9 Spojen\u00fdmi st\u00e1ty. Arm\u00e1da v\u0161ak od t\u00e9 doby jen z\u0159\u00eddka vyd\u00e1vala varov\u00e1n\u00ed. P\u0159\u00edkazy k evakuaci byly proto vn\u00edm\u00e1ny jako eskalace.<\/span><\/p>\n<p><iframe loading=\"lazy\" src=\"https:\/\/s5.cdnstatic.space\/wp-content\/uploads\/2025\/11\/allstrikes1-1.mp4\" width=\"600\" height=\"338\" data-mce-fragment=\"1\"><\/iframe><\/p>\n<p><iframe loading=\"lazy\" src=\"https:\/\/s5.cdnstatic.space\/wp-content\/uploads\/2025\/11\/allstrikes2-1.mp4\" width=\"600\" height=\"338\" data-mce-fragment=\"1\"><\/iframe><\/p>\n<p><iframe loading=\"lazy\" src=\"https:\/\/s5.cdnstatic.space\/wp-content\/uploads\/2025\/11\/allstrikes3-1.mp4\" width=\"600\" height=\"338\" data-mce-fragment=\"1\"><\/iframe><\/p>\n<p><span dir=\"auto\">K \u00fatok\u016fm do\u0161lo pot\u00e9, co hebrejsk\u00e1, ale i z\u00e1padn\u00ed a arabsk\u00e1 m\u00e9dia v n\u011bkolika zpr\u00e1v\u00e1ch obvinila Hizball\u00e1h z p\u0159ezbrojov\u00e1n\u00ed pa\u0161ov\u00e1n\u00edm zbran\u00ed do Libanonu, mimo jin\u00e9 p\u0159es S\u00fdrii, co\u017e se jev\u00ed jako koordinovan\u00e1 medi\u00e1ln\u00ed kampa\u0148, jej\u00edm\u017e c\u00edlem je ospravedlnit novou izraelskou v\u00e1lku.<\/span><\/p>\n<p><span dir=\"auto\">B\u011bhem \u00fader\u016f n\u00e1\u010deln\u00edk Severn\u00edho velitelstv\u00ed IDF, gener\u00e1lmajor Rafi Milo, prohl\u00e1sil, \u017ee arm\u00e1da teroristick\u00e9 skupin\u011b nedovol\u00ed se znovu vyzbrojit.<\/span><\/p>\n<p><em><span dir=\"auto\">\u201eCh\u00e1peme, \u017ee mus\u00edme b\u00fdt odhodlan\u00ed a pokra\u010dovat v \u00fatoc\u00edch, \u00faderech a ni\u010den\u00ed, abychom Hizball\u00e1h oslabili,\u201c \u0159ekl Milo starost\u016fm a vedouc\u00edm p\u0159edstavitel\u016fm m\u00edstn\u00edch zastupitelstev na severn\u00ed hranici.<\/span><\/em><\/p>\n<p><em><span dir=\"auto\">\u201eNedovol\u00edme Hizball\u00e1hu, aby se etabloval a reorganizoval na na\u0161ich hranic\u00edch, nedovol\u00edme mu, aby se zotavil. Budeme i nad\u00e1le \u00fato\u010dit a operovat v bezpe\u010dnostn\u00ed oblasti a na front\u011b, jako n\u00e1razn\u00edk p\u0159ed obyvateli, a p\u0159edev\u0161\u00edm budeme i nad\u00e1le monitorovat ka\u017edou hrozbu, kterou uvid\u00edme, a jednat proti n\u00ed,\u201c pokra\u010doval.<\/span><\/em><\/p>\n<p><span dir=\"auto\">Milo dodal, \u017ee IDF \u201ebude i nad\u00e1le intenzivn\u011b, ofenzivn\u011b a vytrvale operovat, stejn\u011b jako v uplynul\u00e9m roce a jak jsme jednali dnes, pro pokra\u010duj\u00edc\u00ed udr\u017een\u00ed civiln\u00edho \u017eivota v komunit\u00e1ch a r\u016fst severu.\u201c<\/span><\/p>\n<p><span dir=\"auto\">Pozd\u011bji IDF ozn\u00e1mila, \u017ee dokon\u010dila vlnu n\u00e1let\u016f na infrastrukturu a sklady zbran\u00ed pat\u0159\u00edc\u00ed elitn\u00edm jednotk\u00e1m Hizball\u00e1hu Radwan Force v ji\u017en\u00edm Libanonu.<\/span><\/p>\n<p><em><span dir=\"auto\">\u201eTeroristick\u00e1 organizace Hizball\u00e1h pokra\u010duje v pokusech o obnovu teroristick\u00e9 infrastruktury v ji\u017en\u00edm Libanonu a zam\u011b\u0159uje se na obnovu kapacit [jednotek Radwan] s c\u00edlem po\u0161kodit St\u00e1t Izrael,\u201c uvedla arm\u00e1da.<\/span><\/em><\/p>\n<p><span dir=\"auto\">Izraelsk\u00e9 obrann\u00e9 s\u00edly (IDF) dodaly, \u017ee existence infrastruktury a sklad\u016f zbran\u00ed Hizball\u00e1hu p\u0159edstavuje poru\u0161en\u00ed dohody o p\u0159\u00edm\u011b\u0159\u00ed.<\/span><\/p>\n<p><iframe loading=\"lazy\" src=\"https:\/\/s5.cdnstatic.space\/wp-content\/uploads\/2025\/11\/allstrikes-1.mp4\" width=\"600\" height=\"338\" data-mce-fragment=\"1\"><\/iframe><\/p>\n<p><span dir=\"auto\">Hizball\u00e1h zjevn\u011b eskalaci o\u010dek\u00e1val. P\u0159ed \u00fatoky Hizball\u00e1h zve\u0159ejnil otev\u0159en\u00fd dopis t\u0159em nejvy\u0161\u0161\u00edm libanonsk\u00fdm p\u0159edstavitel\u016fm \u2013 premi\u00e9rovi, prezidentovi a p\u0159edsedovi parlamentu \u2013 v n\u011bm\u017e uvedl, \u017ee by se Libanon m\u011bl soust\u0159edit na zaji\u0161t\u011bn\u00ed dodr\u017eov\u00e1n\u00ed p\u0159\u00edm\u011b\u0159\u00ed s Izraelem a donutit Izrael k jeho dodr\u017eov\u00e1n\u00ed, sp\u00ed\u0161e ne\u017e aby se \u201enechal zatahovat do politick\u00fdch jedn\u00e1n\u00ed se sionistick\u00fdm nep\u0159\u00edtelem\u201c.<\/span><\/p>\n<p><span dir=\"auto\">V dopise skupina uvedla, \u017ee \u201eukvapen\u00e9 rozhodnut\u00ed vl\u00e1dy ohledn\u011b monopolu na zbran\u011b\u201c umo\u017enilo Izraeli zneu\u017e\u00edt situace a u\u010dinit z odzbrojen\u00ed podm\u00ednku pro ukon\u010den\u00ed \u201eporu\u0161ov\u00e1n\u00ed\u201c p\u0159\u00edm\u011b\u0159\u00ed.<\/span><\/p>\n<p><span dir=\"auto\">Dodala, \u017ee ot\u00e1zka zbran\u00ed \u201eby m\u011bla b\u00fdt projedn\u00e1v\u00e1na v n\u00e1rodn\u00edm r\u00e1mci a nikoli jako reakce na zahrani\u010dn\u00ed po\u017eadavek nebo izraelsk\u00e9 vyd\u00edr\u00e1n\u00ed\u201c.<\/span><\/p>\n<p><span dir=\"auto\">Od doby, kdy za\u010d\u00e1tkem minul\u00e9ho m\u011bs\u00edce vstoupilo v p\u00e1smu Gazy v platnost p\u0159\u00edm\u011b\u0159\u00ed, se uk\u00e1zalo, \u017ee Izrael v Libanonu znovu eskaluje.<\/span><\/p>\n<p><span dir=\"auto\">Izrael vid\u00ed neprome\u0161katelnou p\u0159\u00edle\u017eitost postavit se Hizball\u00e1hu jednou prov\u017edy. Skupina utrp\u011bla t\u011b\u017ek\u00e9 ztr\u00e1ty b\u011bhem posledn\u00ed konfrontace, kterou za\u010dala p\u0159ed v\u00edce ne\u017e dv\u011bma lety na podporu sv\u00e9ho spojence Ham\u00e1su v Gaze, a pot\u00e9, co loni v S\u00fdrii p\u00e1dem re\u017eimu b\u00fdval\u00e9ho prezidenta Ba\u0161\u00e1ra Asada, ztratila v\u0161echny sv\u00e9 z\u00e1sobovac\u00ed trasy. Zd\u00e1 se, \u017ee v Libanonu vypukne nov\u00e1 v\u00e1lka, pravd\u011bpodobn\u011b b\u011bhem n\u011bkolika t\u00fddn\u016f, nebo dokonce dn\u016f.<\/span><\/p>\n<p><img decoding=\"async\" loading=\"lazy\" class=\"alignnone size-full wp-image-1185\" src=\"http:\/\/www.infokuryr.cz\/n\/wp-content\/uploads\/2021\/04\/kuryr-podpis.png\" alt=\"\" width=\"84\" height=\"24\" \/><\/p>\n<p>&nbsp;<\/p>\n","protected":false},"excerpt":{"rendered":"<p>Izrael 6. listopadu zintenzivnil \u00fatoky na Libanon, hned pot\u00e9, co Hizball\u00e1h v ofici\u00e1ln\u00edm otev\u0159en\u00e9m dopise&#8230;<\/p>\n","protected":false},"author":2,"featured_media":80168,"comment_status":"closed","ping_status":"closed","sticky":false,"template":"","format":"standard","meta":[],"categories":[7],"tags":[6772,107,405,1863,40,5135],"_links":{"self":[{"href":"https:\/\/www.infokuryr.cz\/n\/wp-json\/wp\/v2\/posts\/91685"}],"collection":[{"href":"https:\/\/www.infokuryr.cz\/n\/wp-json\/wp\/v2\/posts"}],"about":[{"href":"https:\/\/www.infokuryr.cz\/n\/wp-json\/wp\/v2\/types\/post"}],"author":[{"embeddable":true,"href":"https:\/\/www.infokuryr.cz\/n\/wp-json\/wp\/v2\/users\/2"}],"replies":[{"embeddable":true,"href":"https:\/\/www.infokuryr.cz\/n\/wp-json\/wp\/v2\/comments?post=91685"}],"version-history":[{"count":0,"href":"https:\/\/www.infokuryr.cz\/n\/wp-json\/wp\/v2\/posts\/91685\/revisions"}],"wp:featuredmedia":[{"embeddable":true,"href":"https:\/\/www.infokuryr.cz\/n\/wp-json\/wp\/v2\/media\/80168"}],"wp:attachment":[{"href":"https:\/\/www.infokuryr.cz\/n\/wp-json\/wp\/v2\/media?parent=91685"}],"wp:term":[{"taxonomy":"category","embeddable":true,"href":"https:\/\/www.infokuryr.cz\/n\/wp-json\/wp\/v2\/categories?post=91685"},{"taxonomy":"post_tag","embeddable":true,"href":"https:\/\/www.infokuryr.cz\/n\/wp-json\/wp\/v2\/tags?post=91685"}],"curies":[{"name":"wp","href":"https:\/\/api.w.org\/{rel}","templated":true}]}}