{"id":91677,"date":"2025-11-07T06:09:23","date_gmt":"2025-11-07T05:09:23","guid":{"rendered":"https:\/\/www.infokuryr.cz\/n\/?p=91677"},"modified":"2025-11-07T06:09:23","modified_gmt":"2025-11-07T05:09:23","slug":"boeing-se-vyhnul-trestnimu-obvineni-v-souvislosti-s-havariemi-letadel-737-max-pri-kterych-zahynulo-346-lidi","status":"publish","type":"post","link":"https:\/\/www.infokuryr.cz\/n\/2025\/11\/07\/boeing-se-vyhnul-trestnimu-obvineni-v-souvislosti-s-havariemi-letadel-737-max-pri-kterych-zahynulo-346-lidi\/","title":{"rendered":"Boeing se vyhnul trestn\u00edmu obvin\u011bn\u00ed v souvislosti s hav\u00e1riemi letadel 737 MAX, p\u0159i kter\u00fdch zahynulo 346 lid\u00ed"},"content":{"rendered":"<div id=\"fb-root\"><\/div>\n<h3>Odsouzen\u00ed za spiknut\u00ed mohlo leteck\u00e9mu gigantu znemo\u017enit z\u00edsk\u00e1v\u00e1n\u00ed zak\u00e1zek od americk\u00e9 vl\u00e1dy<\/h3>\n<p data-start=\"108\" data-end=\"194\"><span dir=\"auto\">Feder\u00e1ln\u00ed soudce v Texasu vyhov\u011bl \u017e\u00e1dosti americk\u00e9 vl\u00e1dy o zam\u00edtnut\u00ed obvin\u011bn\u00ed ze spiknut\u00ed proti Boeingu v souvislosti se dv\u011bma smrteln\u00fdmi hav\u00e1riemi letadel 737 MAX, p\u0159i nich\u017e zahynulo 346 lid\u00ed. Kritici tvrd\u00ed, \u017ee tento v\u00fdsledek u\u0161et\u0159il leteckou spole\u010dnost pln\u00e9 trestn\u00ed odpov\u011bdnosti.<\/span><\/p>\n<p data-start=\"591\" data-end=\"918\"><span dir=\"auto\">Podle dohody ozn\u00e1men\u00e9 americk\u00fdm ministerstvem spravedlnosti (DOJ) zaplat\u00ed Boeing p\u0159ibli\u017en\u011b 1,1 miliardy dolar\u016f na pokut\u00e1ch, od\u0161kodn\u011bn\u00ed rodin ob\u011bt\u00ed a investice do zlep\u0161en\u00ed bezpe\u010dnosti \u2013 v\u00fdm\u011bnou za to, \u017ee se vyhne trestn\u00edmu st\u00edh\u00e1n\u00ed za obvin\u011bn\u00ed z podvodu s regula\u010dn\u00edmi org\u00e1ny t\u00edm, \u017ee je uvedl v omyl ohledn\u011b kl\u00ed\u010dov\u00e9ho softwaru pro \u0159\u00edzen\u00ed letu.<\/span><\/p>\n<p data-start=\"920\" data-end=\"1227\"><span dir=\"auto\">Soudce Reed O&#8217;Connor ze severn\u00edho okresn\u00edho soudu Texasu ve \u010dtvrtek schv\u00e1lil zam\u00edtnut\u00ed \u017ealoby a rozhodl, \u017ee vl\u00e1da nejednala ve zl\u00e9 v\u00ed\u0159e a splnila sv\u00e9 povinnosti podle z\u00e1kona o pr\u00e1vech ob\u011bt\u00ed trestn\u00fdch \u010din\u016f \u2013 a to i p\u0159esto, \u017ee vyj\u00e1d\u0159il v\u00e1\u017en\u00e9 znepokojen\u00ed nad nedostatkem nez\u00e1visl\u00e9ho monitorov\u00e1n\u00ed Boeingu v r\u00e1mci dohody.<\/span><\/p>\n<p data-start=\"1653\" data-end=\"2017\"><span dir=\"auto\">Kontroverze sah\u00e1 a\u017e k hav\u00e1ri\u00edm letu 610 spole\u010dnosti Lion Air v \u0159\u00edjnu 2018 a letu 302 spole\u010dnosti Ethiopian Airlines v b\u0159eznu 2019 \u2013 ob\u011b souvisely s vadn\u00fdm syst\u00e9mem \u0159\u00edzen\u00ed letu MCAS letadla 737 MAX. Tyto dv\u011b trag\u00e9die vedly k 20m\u011bs\u00ed\u010dn\u00edmu uzemn\u011bn\u00ed letadla a zv\u00fd\u0161en\u00e9mu zkoum\u00e1n\u00ed spole\u010dnosti, v\u010detn\u011b obvin\u011bn\u00ed z oznamov\u00e1n\u00ed a podez\u0159el\u00fdch \u00famrt\u00ed.<\/span><\/p>\n<p data-start=\"1653\" data-end=\"2017\"><span dir=\"auto\">V roce 2021 spole\u010dnost Boeing uzav\u0159ela dohodu o odlo\u017een\u00e9m st\u00edh\u00e1n\u00ed (DPA) pot\u00e9, co se p\u0159iznala k podvodu v\u016f\u010di Feder\u00e1ln\u00edmu \u00fa\u0159adu pro letectv\u00ed (FAD) b\u011bhem procesu certifikace 737 MAX. Boeing v t\u00e9 dob\u011b zaplatil na trestn\u00edch pokut\u00e1ch p\u0159ibli\u017en\u011b 243,6 milionu dolar\u016f a v souvisej\u00edc\u00edch vyrovn\u00e1n\u00edch v\u00edce ne\u017e 1,7 miliardy dolar\u016f. V roce 2024 v\u0161ak ministerstvo spravedlnosti zjistilo, \u017ee Boeing poru\u0161il podm\u00ednky DPA t\u00edm, \u017ee nezavedl \u0159\u00e1dn\u00fd program pro dodr\u017eov\u00e1n\u00ed p\u0159edpis\u016f a etiku.<\/span><\/p>\n<p data-start=\"1653\" data-end=\"2017\"><span dir=\"auto\">Propu\u0161t\u011bn\u00ed zaji\u0161\u0165uje, \u017ee se Boeing vyhne odsouzen\u00ed za zlo\u010din, kter\u00e9 mohlo ohrozit jeho status vl\u00e1dn\u00edho dodavatele, a\u010dkoli ob\u010danskopr\u00e1vn\u00ed \u017ealoby ob\u011bt\u00ed nehod nad\u00e1le prob\u00edhaj\u00ed.<\/span><\/p>\n<p data-start=\"1229\" data-end=\"1459\"><span dir=\"auto\">Rodiny ob\u011bt\u00ed ji\u017e d\u0159\u00edve dohodu kritizovaly jako\u00a0<\/span><em><span dir=\"auto\">\u201emor\u00e1ln\u011b odpornou\u201c<\/span><\/em><span dir=\"auto\">\u00a0s argumentem, \u017ee umo\u017e\u0148uje Boeingu vyhnout se skute\u010dn\u00e9 trestn\u00ed odpov\u011bdnosti navzdory z\u00e1va\u017enosti nehod. Jejich pr\u00e1vn\u00edk sl\u00edbil, \u017ee se proti rozhodnut\u00ed odvol\u00e1.<\/span><\/p>\n<p data-start=\"1461\" data-end=\"1651\"><span dir=\"auto\">Spole\u010dnost Boeing a ministerstvo spravedlnosti trvaj\u00ed na tom, \u017ee finan\u010dn\u00ed vyrovn\u00e1n\u00ed a sl\u00edben\u00e9 reformy slou\u017e\u00ed ve\u0159ejn\u00e9mu z\u00e1jmu a p\u0159in\u00e1\u0161ej\u00ed kone\u010dn\u00e9 \u0159e\u0161en\u00ed slo\u017eit\u00e9ho p\u0159\u00edpadu, jeho\u017e v\u00fdsledek by jinak mohl b\u00fdt nejist\u00fd.<\/span><\/p>\n<p data-start=\"1461\" data-end=\"1651\"><img decoding=\"async\" loading=\"lazy\" class=\"alignnone size-full wp-image-1185\" src=\"http:\/\/www.infokuryr.cz\/n\/wp-content\/uploads\/2021\/04\/kuryr-podpis.png\" alt=\"\" width=\"84\" height=\"24\" \/><\/p>\n<p data-start=\"1461\" data-end=\"1651\">\n","protected":false},"excerpt":{"rendered":"<p>Odsouzen\u00ed za spiknut\u00ed mohlo leteck\u00e9mu gigantu znemo\u017enit z\u00edsk\u00e1v\u00e1n\u00ed zak\u00e1zek od americk\u00e9 vl\u00e1dy Feder\u00e1ln\u00ed soudce v&#8230;<\/p>\n","protected":false},"author":2,"featured_media":91678,"comment_status":"closed","ping_status":"closed","sticky":false,"template":"","format":"standard","meta":[],"categories":[7],"tags":[100,520,324,37],"_links":{"self":[{"href":"https:\/\/www.infokuryr.cz\/n\/wp-json\/wp\/v2\/posts\/91677"}],"collection":[{"href":"https:\/\/www.infokuryr.cz\/n\/wp-json\/wp\/v2\/posts"}],"about":[{"href":"https:\/\/www.infokuryr.cz\/n\/wp-json\/wp\/v2\/types\/post"}],"author":[{"embeddable":true,"href":"https:\/\/www.infokuryr.cz\/n\/wp-json\/wp\/v2\/users\/2"}],"replies":[{"embeddable":true,"href":"https:\/\/www.infokuryr.cz\/n\/wp-json\/wp\/v2\/comments?post=91677"}],"version-history":[{"count":0,"href":"https:\/\/www.infokuryr.cz\/n\/wp-json\/wp\/v2\/posts\/91677\/revisions"}],"wp:featuredmedia":[{"embeddable":true,"href":"https:\/\/www.infokuryr.cz\/n\/wp-json\/wp\/v2\/media\/91678"}],"wp:attachment":[{"href":"https:\/\/www.infokuryr.cz\/n\/wp-json\/wp\/v2\/media?parent=91677"}],"wp:term":[{"taxonomy":"category","embeddable":true,"href":"https:\/\/www.infokuryr.cz\/n\/wp-json\/wp\/v2\/categories?post=91677"},{"taxonomy":"post_tag","embeddable":true,"href":"https:\/\/www.infokuryr.cz\/n\/wp-json\/wp\/v2\/tags?post=91677"}],"curies":[{"name":"wp","href":"https:\/\/api.w.org\/{rel}","templated":true}]}}